{"id":35812,"date":"2019-08-21T10:14:47","date_gmt":"2019-08-21T16:14:47","guid":{"rendered":"https:\/\/www.ufinet.com\/ufinet-e-netell-na-carrier-community-sao-paulo\/"},"modified":"2019-08-21T10:14:47","modified_gmt":"2019-08-21T16:14:47","slug":"ufinet-e-netell-na-carrier-community-sao-paulo","status":"publish","type":"post","link":"https:\/\/www.ufinet.com\/pt-br\/ufinet-e-netell-na-carrier-community-sao-paulo\/","title":{"rendered":"UFINET e Netell na Carrier Community S\u00e3o Paulo"},"content":{"rendered":"<h4>20 e 21 de agosto de 2019 &#8211; Hilton S\u00e3o Paulo Morumbi<\/h4>\n<p><strong>Como uma grande equipe e orgulhosos patrocinadores da recep\u00e7\u00e3o de abertura, a UFINET e a Netell<\/strong> estiveram presentes na CC LATAM no Brasil, um evento que reuniu membros e Telco Eco-Partners de v\u00e1rios segmentos, como dados, operadoras de nuvem, provedores de aplicativos, voz, mensagens SMS, celular, OTT\/provedores de conte\u00fado, VAS, cabos submarinos, empresas, sat\u00e9lites, ISPs, data centers e outros segmentos relacionados, para se encontrarem, interagirem com colegas do setor e explorarem novas oportunidades de neg\u00f3cios, discutirem as \u00faltimas tend\u00eancias do mercado em sess\u00f5es de pain\u00e9is e apresentarem suas solu\u00e7\u00f5es mais recentes.<\/p>\n<p>A CC fez uma parceria estrat\u00e9gica com algumas das maiores associa\u00e7\u00f5es de Internet do Brasil, a Abranet e a Abrint, para estabelecer ainda mais o GCCM para os membros da comunidade na regi\u00e3o da LATAM e convidar seus membros ISP a participar da plataforma do GCCM enquanto se conectam e fazem neg\u00f3cios com os membros regionais e internacionais da CC que participam do GCCM LATAM 2019 em S\u00e3o Paulo.<\/p>\n<p>Mais de 300 membros do clube, de mais de 150 operadoras em mais de 20 pa\u00edses, representando os tomadores de decis\u00e3o de n\u00edvel 1, 2 e 3, reuniram-se e fizeram contatos em S\u00e3o Paulo durante o GCCM e seus coquet\u00e9is noturnos.<\/p>\n<p>Sobre a comunidade de operadoras<br \/>\nA Carrier Community (CC) \u00e9 um clube global de telecomunica\u00e7\u00f5es estabelecido desde 2008 que organiza reuni\u00f5es anuais da comunidade global de operadoras na Am\u00e9rica Latina desde 2015 para os membros. A CC est\u00e1 organizando com sucesso sua 5\u00aa edi\u00e7\u00e3o anual do GCCM LATAM 2019, de 20 a 21 de agosto de 2019, em S\u00e3o Paulo, no Hilton Hotel, Brasil.<\/p>\n<p>Para obter mais informa\u00e7\u00f5es, acesse: <a href=\"http:\/\/www.carriercommunity.com\/latam-2019-gccm-sao-paulo\/\">www.carriercommunity.com\/latam-2019-gccm-sao-paulo\/<\/a><\/p>\n","protected":false},"excerpt":{"rendered":"<p>20 e 21 de agosto de 2019 &#8211; Hilton S\u00e3o Paulo Morumbi Como uma grande equipe e orgulhosos patrocinadores da recep\u00e7\u00e3o de abertura, a UFINET e a Netell estiveram presentes na CC LATAM no Brasil, um evento que reuniu membros e Telco Eco-Partners de v\u00e1rios segmentos, como dados, operadoras de nuvem, provedores de aplicativos, voz, [&hellip;]<\/p>\n","protected":false},"author":1,"featured_media":35390,"comment_status":"closed","ping_status":"closed","sticky":false,"template":"","format":"standard","meta":{"site-sidebar-layout":"default","site-content-layout":"","ast-site-content-layout":"default","site-content-style":"default","site-sidebar-style":"default","ast-global-header-display":"","ast-banner-title-visibility":"","ast-main-header-display":"","ast-hfb-above-header-display":"","ast-hfb-below-header-display":"","ast-hfb-mobile-header-display":"","site-post-title":"","ast-breadcrumbs-content":"","ast-featured-img":"disabled","footer-sml-layout":"","ast-disable-related-posts":"","theme-transparent-header-meta":"","adv-header-id-meta":"","stick-header-meta":"","header-above-stick-meta":"","header-main-stick-meta":"","header-below-stick-meta":"","astra-migrate-meta-layouts":"default","ast-page-background-enabled":"default","ast-page-background-meta":{"desktop":{"background-color":"","background-image":"","background-repeat":"repeat","background-position":"center center","background-size":"auto","background-attachment":"scroll","background-type":"","background-media":"","overlay-type":"","overlay-color":"","overlay-opacity":"","overlay-gradient":""},"tablet":{"background-color":"","background-image":"","background-repeat":"repeat","background-position":"center center","background-size":"auto","background-attachment":"scroll","background-type":"","background-media":"","overlay-type":"","overlay-color":"","overlay-opacity":"","overlay-gradient":""},"mobile":{"background-color":"","background-image":"","background-repeat":"repeat","background-position":"center center","background-size":"auto","background-attachment":"scroll","background-type":"","background-media":"","overlay-type":"","overlay-color":"","overlay-opacity":"","overlay-gradient":""}},"ast-content-background-meta":{"desktop":{"background-color":"var(--ast-global-color-5)","background-image":"","background-repeat":"repeat","background-position":"center center","background-size":"auto","background-attachment":"scroll","background-type":"","background-media":"","overlay-type":"","overlay-color":"","overlay-opacity":"","overlay-gradient":""},"tablet":{"background-color":"var(--ast-global-color-5)","background-image":"","background-repeat":"repeat","background-position":"center center","background-size":"auto","background-attachment":"scroll","background-type":"","background-media":"","overlay-type":"","overlay-color":"","overlay-opacity":"","overlay-gradient":""},"mobile":{"background-color":"var(--ast-global-color-5)","background-image":"","background-repeat":"repeat","background-position":"center center","background-size":"auto","background-attachment":"scroll","background-type":"","background-media":"","overlay-type":"","overlay-color":"","overlay-opacity":"","overlay-gradient":""}},"footnotes":""},"categories":[113],"tags":[],"class_list":["post-35812","post","type-post","status-publish","format-standard","has-post-thumbnail","hentry","category-noticias"],"yoast_head":"<!-- This site is optimized with the Yoast SEO plugin v27.4 - https:\/\/yoast.com\/product\/yoast-seo-wordpress\/ -->\n<title>UFINET e Netell na Carrier Community S\u00e3o Paulo - Ufinet | A rede que conecta voc\u00ea \u00e0 Am\u00e9rica Latina<\/title>\n<meta name=\"description\" content=\"Mais de 300 membros do clube, de mais de 150 operadoras em mais de 20 pa\u00edses, representando os tomadores de decis\u00e3o de n\u00edvel 1, 2 e 3, reuniram-se e fizeram contatos em S\u00e3o Paulo durante o GCCM e seus coquet\u00e9is noturnos.\" \/>\n<meta name=\"robots\" content=\"index, follow, max-snippet:-1, max-image-preview:large, max-video-preview:-1\" \/>\n<link rel=\"canonical\" href=\"https:\/\/www.ufinet.com\/pt-br\/ufinet-e-netell-na-carrier-community-sao-paulo\/\" \/>\n<meta property=\"og:locale\" content=\"pt_BR\" \/>\n<meta property=\"og:type\" content=\"article\" \/>\n<meta property=\"og:title\" content=\"UFINET e Netell na Carrier Community S\u00e3o Paulo - Ufinet | A rede que conecta voc\u00ea \u00e0 Am\u00e9rica Latina\" \/>\n<meta property=\"og:description\" content=\"Mais de 300 membros do clube, de mais de 150 operadoras em mais de 20 pa\u00edses, representando os tomadores de decis\u00e3o de n\u00edvel 1, 2 e 3, reuniram-se e fizeram contatos em S\u00e3o Paulo durante o GCCM e seus coquet\u00e9is noturnos.\" \/>\n<meta property=\"og:url\" content=\"https:\/\/www.ufinet.com\/pt-br\/ufinet-e-netell-na-carrier-community-sao-paulo\/\" \/>\n<meta property=\"og:site_name\" content=\"Ufinet | A rede que conecta voc\u00ea \u00e0 Am\u00e9rica Latina\" \/>\n<meta property=\"article:published_time\" content=\"2019-08-21T16:14:47+00:00\" \/>\n<meta property=\"og:image\" content=\"https:\/\/www.ufinet.com\/wp-content\/uploads\/2019\/08\/Ufinet-Team-at-Carrier-Community-Sao-Paulo-1.jpeg\" \/>\n\t<meta property=\"og:image:width\" content=\"928\" \/>\n\t<meta property=\"og:image:height\" content=\"602\" \/>\n\t<meta property=\"og:image:type\" content=\"image\/jpeg\" \/>\n<meta name=\"author\" content=\"wowlatammk.com\" \/>\n<meta name=\"twitter:card\" content=\"summary_large_image\" \/>\n<meta name=\"twitter:label1\" content=\"Escrito por\" \/>\n\t<meta name=\"twitter:data1\" content=\"wowlatammk.com\" \/>\n\t<meta name=\"twitter:label2\" content=\"Est. tempo de leitura\" \/>\n\t<meta name=\"twitter:data2\" content=\"1 minuto\" \/>\n<script type=\"application\/ld+json\" class=\"yoast-schema-graph\">{\"@context\":\"https:\\\/\\\/schema.org\",\"@graph\":[{\"@type\":\"Article\",\"@id\":\"https:\\\/\\\/www.ufinet.com\\\/pt-br\\\/ufinet-e-netell-na-carrier-community-sao-paulo\\\/#article\",\"isPartOf\":{\"@id\":\"https:\\\/\\\/www.ufinet.com\\\/pt-br\\\/ufinet-e-netell-na-carrier-community-sao-paulo\\\/\"},\"author\":{\"name\":\"wowlatammk.com\",\"@id\":\"https:\\\/\\\/www.ufinet.com\\\/pt-br\\\/#\\\/schema\\\/person\\\/19b7e96681bc1c0d4ca6b8d4d4ad07cd\"},\"headline\":\"UFINET e Netell na Carrier Community S\u00e3o Paulo\",\"datePublished\":\"2019-08-21T16:14:47+00:00\",\"mainEntityOfPage\":{\"@id\":\"https:\\\/\\\/www.ufinet.com\\\/pt-br\\\/ufinet-e-netell-na-carrier-community-sao-paulo\\\/\"},\"wordCount\":305,\"publisher\":{\"@id\":\"https:\\\/\\\/www.ufinet.com\\\/pt-br\\\/#organization\"},\"image\":{\"@id\":\"https:\\\/\\\/www.ufinet.com\\\/pt-br\\\/ufinet-e-netell-na-carrier-community-sao-paulo\\\/#primaryimage\"},\"thumbnailUrl\":\"https:\\\/\\\/www.ufinet.com\\\/wp-content\\\/uploads\\\/2019\\\/08\\\/Ufinet-Team-at-Carrier-Community-Sao-Paulo-1.jpeg\",\"articleSection\":[\"not\u00edcias\"],\"inLanguage\":\"pt-BR\"},{\"@type\":\"WebPage\",\"@id\":\"https:\\\/\\\/www.ufinet.com\\\/pt-br\\\/ufinet-e-netell-na-carrier-community-sao-paulo\\\/\",\"url\":\"https:\\\/\\\/www.ufinet.com\\\/pt-br\\\/ufinet-e-netell-na-carrier-community-sao-paulo\\\/\",\"name\":\"UFINET e Netell na Carrier Community S\u00e3o Paulo - Ufinet | A rede que conecta voc\u00ea \u00e0 Am\u00e9rica Latina\",\"isPartOf\":{\"@id\":\"https:\\\/\\\/www.ufinet.com\\\/pt-br\\\/#website\"},\"primaryImageOfPage\":{\"@id\":\"https:\\\/\\\/www.ufinet.com\\\/pt-br\\\/ufinet-e-netell-na-carrier-community-sao-paulo\\\/#primaryimage\"},\"image\":{\"@id\":\"https:\\\/\\\/www.ufinet.com\\\/pt-br\\\/ufinet-e-netell-na-carrier-community-sao-paulo\\\/#primaryimage\"},\"thumbnailUrl\":\"https:\\\/\\\/www.ufinet.com\\\/wp-content\\\/uploads\\\/2019\\\/08\\\/Ufinet-Team-at-Carrier-Community-Sao-Paulo-1.jpeg\",\"datePublished\":\"2019-08-21T16:14:47+00:00\",\"description\":\"Mais de 300 membros do clube, de mais de 150 operadoras em mais de 20 pa\u00edses, representando os tomadores de decis\u00e3o de n\u00edvel 1, 2 e 3, reuniram-se e fizeram contatos em S\u00e3o Paulo durante o GCCM e seus coquet\u00e9is noturnos.\",\"breadcrumb\":{\"@id\":\"https:\\\/\\\/www.ufinet.com\\\/pt-br\\\/ufinet-e-netell-na-carrier-community-sao-paulo\\\/#breadcrumb\"},\"inLanguage\":\"pt-BR\",\"potentialAction\":[{\"@type\":\"ReadAction\",\"target\":[\"https:\\\/\\\/www.ufinet.com\\\/pt-br\\\/ufinet-e-netell-na-carrier-community-sao-paulo\\\/\"]}]},{\"@type\":\"ImageObject\",\"inLanguage\":\"pt-BR\",\"@id\":\"https:\\\/\\\/www.ufinet.com\\\/pt-br\\\/ufinet-e-netell-na-carrier-community-sao-paulo\\\/#primaryimage\",\"url\":\"https:\\\/\\\/www.ufinet.com\\\/wp-content\\\/uploads\\\/2019\\\/08\\\/Ufinet-Team-at-Carrier-Community-Sao-Paulo-1.jpeg\",\"contentUrl\":\"https:\\\/\\\/www.ufinet.com\\\/wp-content\\\/uploads\\\/2019\\\/08\\\/Ufinet-Team-at-Carrier-Community-Sao-Paulo-1.jpeg\",\"width\":928,\"height\":602},{\"@type\":\"BreadcrumbList\",\"@id\":\"https:\\\/\\\/www.ufinet.com\\\/pt-br\\\/ufinet-e-netell-na-carrier-community-sao-paulo\\\/#breadcrumb\",\"itemListElement\":[{\"@type\":\"ListItem\",\"position\":1,\"name\":\"Home\",\"item\":\"https:\\\/\\\/www.ufinet.com\\\/pt-br\\\/\"},{\"@type\":\"ListItem\",\"position\":2,\"name\":\"UFINET e Netell na Carrier Community S\u00e3o Paulo\"}]},{\"@type\":\"WebSite\",\"@id\":\"https:\\\/\\\/www.ufinet.com\\\/pt-br\\\/#website\",\"url\":\"https:\\\/\\\/www.ufinet.com\\\/pt-br\\\/\",\"name\":\"Ufinet\",\"description\":\"Somos a \u00fanica operadora na Am\u00e9rica Latina que \u00e9 100% NEUTRA.\",\"publisher\":{\"@id\":\"https:\\\/\\\/www.ufinet.com\\\/pt-br\\\/#organization\"},\"potentialAction\":[{\"@type\":\"SearchAction\",\"target\":{\"@type\":\"EntryPoint\",\"urlTemplate\":\"https:\\\/\\\/www.ufinet.com\\\/pt-br\\\/?s={search_term_string}\"},\"query-input\":{\"@type\":\"PropertyValueSpecification\",\"valueRequired\":true,\"valueName\":\"search_term_string\"}}],\"inLanguage\":\"pt-BR\"},{\"@type\":\"Organization\",\"@id\":\"https:\\\/\\\/www.ufinet.com\\\/pt-br\\\/#organization\",\"name\":\"Ufinet\",\"url\":\"https:\\\/\\\/www.ufinet.com\\\/pt-br\\\/\",\"logo\":{\"@type\":\"ImageObject\",\"inLanguage\":\"pt-BR\",\"@id\":\"https:\\\/\\\/www.ufinet.com\\\/pt-br\\\/#\\\/schema\\\/logo\\\/image\\\/\",\"url\":\"https:\\\/\\\/www.ufinet.com\\\/wp-content\\\/uploads\\\/2024\\\/06\\\/cropped-Recurso-1.png\",\"contentUrl\":\"https:\\\/\\\/www.ufinet.com\\\/wp-content\\\/uploads\\\/2024\\\/06\\\/cropped-Recurso-1.png\",\"width\":1654,\"height\":705,\"caption\":\"Ufinet\"},\"image\":{\"@id\":\"https:\\\/\\\/www.ufinet.com\\\/pt-br\\\/#\\\/schema\\\/logo\\\/image\\\/\"}},{\"@type\":\"Person\",\"@id\":\"https:\\\/\\\/www.ufinet.com\\\/pt-br\\\/#\\\/schema\\\/person\\\/19b7e96681bc1c0d4ca6b8d4d4ad07cd\",\"name\":\"wowlatammk.com\",\"image\":{\"@type\":\"ImageObject\",\"inLanguage\":\"pt-BR\",\"@id\":\"https:\\\/\\\/secure.gravatar.com\\\/avatar\\\/f73c2b6f2e8dbad969fd10342fe2028ced9bf45ec4f05b0acbf7a087f235cb64?s=96&d=mm&r=g\",\"url\":\"https:\\\/\\\/secure.gravatar.com\\\/avatar\\\/f73c2b6f2e8dbad969fd10342fe2028ced9bf45ec4f05b0acbf7a087f235cb64?s=96&d=mm&r=g\",\"contentUrl\":\"https:\\\/\\\/secure.gravatar.com\\\/avatar\\\/f73c2b6f2e8dbad969fd10342fe2028ced9bf45ec4f05b0acbf7a087f235cb64?s=96&d=mm&r=g\",\"caption\":\"wowlatammk.com\"},\"sameAs\":[\"http:\\\/\\\/wowlatammk.com\"],\"url\":\"https:\\\/\\\/www.ufinet.com\\\/pt-br\\\/author\\\/wowlatammk-com\\\/\"}]}<\/script>\n<!-- \/ Yoast SEO plugin. -->","yoast_head_json":{"title":"UFINET e Netell na Carrier Community S\u00e3o Paulo - Ufinet | A rede que conecta voc\u00ea \u00e0 Am\u00e9rica Latina","description":"Mais de 300 membros do clube, de mais de 150 operadoras em mais de 20 pa\u00edses, representando os tomadores de decis\u00e3o de n\u00edvel 1, 2 e 3, reuniram-se e fizeram contatos em S\u00e3o Paulo durante o GCCM e seus coquet\u00e9is noturnos.","robots":{"index":"index","follow":"follow","max-snippet":"max-snippet:-1","max-image-preview":"max-image-preview:large","max-video-preview":"max-video-preview:-1"},"canonical":"https:\/\/www.ufinet.com\/pt-br\/ufinet-e-netell-na-carrier-community-sao-paulo\/","og_locale":"pt_BR","og_type":"article","og_title":"UFINET e Netell na Carrier Community S\u00e3o Paulo - Ufinet | A rede que conecta voc\u00ea \u00e0 Am\u00e9rica Latina","og_description":"Mais de 300 membros do clube, de mais de 150 operadoras em mais de 20 pa\u00edses, representando os tomadores de decis\u00e3o de n\u00edvel 1, 2 e 3, reuniram-se e fizeram contatos em S\u00e3o Paulo durante o GCCM e seus coquet\u00e9is noturnos.","og_url":"https:\/\/www.ufinet.com\/pt-br\/ufinet-e-netell-na-carrier-community-sao-paulo\/","og_site_name":"Ufinet | A rede que conecta voc\u00ea \u00e0 Am\u00e9rica Latina","article_published_time":"2019-08-21T16:14:47+00:00","og_image":[{"width":928,"height":602,"url":"https:\/\/www.ufinet.com\/wp-content\/uploads\/2019\/08\/Ufinet-Team-at-Carrier-Community-Sao-Paulo-1.jpeg","type":"image\/jpeg"}],"author":"wowlatammk.com","twitter_card":"summary_large_image","twitter_misc":{"Escrito por":"wowlatammk.com","Est. tempo de leitura":"1 minuto"},"schema":{"@context":"https:\/\/schema.org","@graph":[{"@type":"Article","@id":"https:\/\/www.ufinet.com\/pt-br\/ufinet-e-netell-na-carrier-community-sao-paulo\/#article","isPartOf":{"@id":"https:\/\/www.ufinet.com\/pt-br\/ufinet-e-netell-na-carrier-community-sao-paulo\/"},"author":{"name":"wowlatammk.com","@id":"https:\/\/www.ufinet.com\/pt-br\/#\/schema\/person\/19b7e96681bc1c0d4ca6b8d4d4ad07cd"},"headline":"UFINET e Netell na Carrier Community S\u00e3o Paulo","datePublished":"2019-08-21T16:14:47+00:00","mainEntityOfPage":{"@id":"https:\/\/www.ufinet.com\/pt-br\/ufinet-e-netell-na-carrier-community-sao-paulo\/"},"wordCount":305,"publisher":{"@id":"https:\/\/www.ufinet.com\/pt-br\/#organization"},"image":{"@id":"https:\/\/www.ufinet.com\/pt-br\/ufinet-e-netell-na-carrier-community-sao-paulo\/#primaryimage"},"thumbnailUrl":"https:\/\/www.ufinet.com\/wp-content\/uploads\/2019\/08\/Ufinet-Team-at-Carrier-Community-Sao-Paulo-1.jpeg","articleSection":["not\u00edcias"],"inLanguage":"pt-BR"},{"@type":"WebPage","@id":"https:\/\/www.ufinet.com\/pt-br\/ufinet-e-netell-na-carrier-community-sao-paulo\/","url":"https:\/\/www.ufinet.com\/pt-br\/ufinet-e-netell-na-carrier-community-sao-paulo\/","name":"UFINET e Netell na Carrier Community S\u00e3o Paulo - Ufinet | A rede que conecta voc\u00ea \u00e0 Am\u00e9rica Latina","isPartOf":{"@id":"https:\/\/www.ufinet.com\/pt-br\/#website"},"primaryImageOfPage":{"@id":"https:\/\/www.ufinet.com\/pt-br\/ufinet-e-netell-na-carrier-community-sao-paulo\/#primaryimage"},"image":{"@id":"https:\/\/www.ufinet.com\/pt-br\/ufinet-e-netell-na-carrier-community-sao-paulo\/#primaryimage"},"thumbnailUrl":"https:\/\/www.ufinet.com\/wp-content\/uploads\/2019\/08\/Ufinet-Team-at-Carrier-Community-Sao-Paulo-1.jpeg","datePublished":"2019-08-21T16:14:47+00:00","description":"Mais de 300 membros do clube, de mais de 150 operadoras em mais de 20 pa\u00edses, representando os tomadores de decis\u00e3o de n\u00edvel 1, 2 e 3, reuniram-se e fizeram contatos em S\u00e3o Paulo durante o GCCM e seus coquet\u00e9is noturnos.","breadcrumb":{"@id":"https:\/\/www.ufinet.com\/pt-br\/ufinet-e-netell-na-carrier-community-sao-paulo\/#breadcrumb"},"inLanguage":"pt-BR","potentialAction":[{"@type":"ReadAction","target":["https:\/\/www.ufinet.com\/pt-br\/ufinet-e-netell-na-carrier-community-sao-paulo\/"]}]},{"@type":"ImageObject","inLanguage":"pt-BR","@id":"https:\/\/www.ufinet.com\/pt-br\/ufinet-e-netell-na-carrier-community-sao-paulo\/#primaryimage","url":"https:\/\/www.ufinet.com\/wp-content\/uploads\/2019\/08\/Ufinet-Team-at-Carrier-Community-Sao-Paulo-1.jpeg","contentUrl":"https:\/\/www.ufinet.com\/wp-content\/uploads\/2019\/08\/Ufinet-Team-at-Carrier-Community-Sao-Paulo-1.jpeg","width":928,"height":602},{"@type":"BreadcrumbList","@id":"https:\/\/www.ufinet.com\/pt-br\/ufinet-e-netell-na-carrier-community-sao-paulo\/#breadcrumb","itemListElement":[{"@type":"ListItem","position":1,"name":"Home","item":"https:\/\/www.ufinet.com\/pt-br\/"},{"@type":"ListItem","position":2,"name":"UFINET e Netell na Carrier Community S\u00e3o Paulo"}]},{"@type":"WebSite","@id":"https:\/\/www.ufinet.com\/pt-br\/#website","url":"https:\/\/www.ufinet.com\/pt-br\/","name":"Ufinet","description":"Somos a \u00fanica operadora na Am\u00e9rica Latina que \u00e9 100% NEUTRA.","publisher":{"@id":"https:\/\/www.ufinet.com\/pt-br\/#organization"},"potentialAction":[{"@type":"SearchAction","target":{"@type":"EntryPoint","urlTemplate":"https:\/\/www.ufinet.com\/pt-br\/?s={search_term_string}"},"query-input":{"@type":"PropertyValueSpecification","valueRequired":true,"valueName":"search_term_string"}}],"inLanguage":"pt-BR"},{"@type":"Organization","@id":"https:\/\/www.ufinet.com\/pt-br\/#organization","name":"Ufinet","url":"https:\/\/www.ufinet.com\/pt-br\/","logo":{"@type":"ImageObject","inLanguage":"pt-BR","@id":"https:\/\/www.ufinet.com\/pt-br\/#\/schema\/logo\/image\/","url":"https:\/\/www.ufinet.com\/wp-content\/uploads\/2024\/06\/cropped-Recurso-1.png","contentUrl":"https:\/\/www.ufinet.com\/wp-content\/uploads\/2024\/06\/cropped-Recurso-1.png","width":1654,"height":705,"caption":"Ufinet"},"image":{"@id":"https:\/\/www.ufinet.com\/pt-br\/#\/schema\/logo\/image\/"}},{"@type":"Person","@id":"https:\/\/www.ufinet.com\/pt-br\/#\/schema\/person\/19b7e96681bc1c0d4ca6b8d4d4ad07cd","name":"wowlatammk.com","image":{"@type":"ImageObject","inLanguage":"pt-BR","@id":"https:\/\/secure.gravatar.com\/avatar\/f73c2b6f2e8dbad969fd10342fe2028ced9bf45ec4f05b0acbf7a087f235cb64?s=96&d=mm&r=g","url":"https:\/\/secure.gravatar.com\/avatar\/f73c2b6f2e8dbad969fd10342fe2028ced9bf45ec4f05b0acbf7a087f235cb64?s=96&d=mm&r=g","contentUrl":"https:\/\/secure.gravatar.com\/avatar\/f73c2b6f2e8dbad969fd10342fe2028ced9bf45ec4f05b0acbf7a087f235cb64?s=96&d=mm&r=g","caption":"wowlatammk.com"},"sameAs":["http:\/\/wowlatammk.com"],"url":"https:\/\/www.ufinet.com\/pt-br\/author\/wowlatammk-com\/"}]}},"rttpg_featured_image_url":{"full":["https:\/\/www.ufinet.com\/wp-content\/uploads\/2019\/08\/Ufinet-Team-at-Carrier-Community-Sao-Paulo-1.jpeg",928,602,false],"landscape":["https:\/\/www.ufinet.com\/wp-content\/uploads\/2019\/08\/Ufinet-Team-at-Carrier-Community-Sao-Paulo-1.jpeg",928,602,false],"portraits":["https:\/\/www.ufinet.com\/wp-content\/uploads\/2019\/08\/Ufinet-Team-at-Carrier-Community-Sao-Paulo-1.jpeg",928,602,false],"thumbnail":["https:\/\/www.ufinet.com\/wp-content\/uploads\/2019\/08\/Ufinet-Team-at-Carrier-Community-Sao-Paulo-1-150x150.jpeg",150,150,true],"medium":["https:\/\/www.ufinet.com\/wp-content\/uploads\/2019\/08\/Ufinet-Team-at-Carrier-Community-Sao-Paulo-1-300x195.jpeg",300,195,true],"large":["https:\/\/www.ufinet.com\/wp-content\/uploads\/2019\/08\/Ufinet-Team-at-Carrier-Community-Sao-Paulo-1.jpeg",928,602,false],"1536x1536":["https:\/\/www.ufinet.com\/wp-content\/uploads\/2019\/08\/Ufinet-Team-at-Carrier-Community-Sao-Paulo-1.jpeg",928,602,false],"2048x2048":["https:\/\/www.ufinet.com\/wp-content\/uploads\/2019\/08\/Ufinet-Team-at-Carrier-Community-Sao-Paulo-1.jpeg",928,602,false],"htliser_size_396x360":["https:\/\/www.ufinet.com\/wp-content\/uploads\/2019\/08\/Ufinet-Team-at-Carrier-Community-Sao-Paulo-1-396x360.jpeg",396,360,true],"htslider_size_1170x536":["https:\/\/www.ufinet.com\/wp-content\/uploads\/2019\/08\/Ufinet-Team-at-Carrier-Community-Sao-Paulo-1-928x536.jpeg",928,536,true]},"rttpg_author":{"display_name":"wowlatammk.com","author_link":"https:\/\/www.ufinet.com\/pt-br\/author\/wowlatammk-com\/"},"rttpg_comment":0,"rttpg_category":"<a href=\"https:\/\/www.ufinet.com\/pt-br\/category\/noticias\/\" rel=\"category tag\">not\u00edcias<\/a>","rttpg_excerpt":"20 e 21 de agosto de 2019 &#8211; Hilton S\u00e3o Paulo Morumbi Como uma grande equipe e orgulhosos patrocinadores da recep\u00e7\u00e3o de abertura, a UFINET e a Netell estiveram presentes na CC LATAM no Brasil, um evento que reuniu membros e Telco Eco-Partners de v\u00e1rios segmentos, como dados, operadoras de nuvem, provedores de aplicativos, voz,&hellip;","_links":{"self":[{"href":"https:\/\/www.ufinet.com\/pt-br\/wp-json\/wp\/v2\/posts\/35812","targetHints":{"allow":["GET"]}}],"collection":[{"href":"https:\/\/www.ufinet.com\/pt-br\/wp-json\/wp\/v2\/posts"}],"about":[{"href":"https:\/\/www.ufinet.com\/pt-br\/wp-json\/wp\/v2\/types\/post"}],"author":[{"embeddable":true,"href":"https:\/\/www.ufinet.com\/pt-br\/wp-json\/wp\/v2\/users\/1"}],"replies":[{"embeddable":true,"href":"https:\/\/www.ufinet.com\/pt-br\/wp-json\/wp\/v2\/comments?post=35812"}],"version-history":[{"count":0,"href":"https:\/\/www.ufinet.com\/pt-br\/wp-json\/wp\/v2\/posts\/35812\/revisions"}],"wp:featuredmedia":[{"embeddable":true,"href":"https:\/\/www.ufinet.com\/pt-br\/wp-json\/wp\/v2\/media\/35390"}],"wp:attachment":[{"href":"https:\/\/www.ufinet.com\/pt-br\/wp-json\/wp\/v2\/media?parent=35812"}],"wp:term":[{"taxonomy":"category","embeddable":true,"href":"https:\/\/www.ufinet.com\/pt-br\/wp-json\/wp\/v2\/categories?post=35812"},{"taxonomy":"post_tag","embeddable":true,"href":"https:\/\/www.ufinet.com\/pt-br\/wp-json\/wp\/v2\/tags?post=35812"}],"curies":[{"name":"wp","href":"https:\/\/api.w.org\/{rel}","templated":true}]}}