{"id":35762,"date":"2018-11-01T18:23:07","date_gmt":"2018-11-02T00:23:07","guid":{"rendered":"https:\/\/www.ufinet.com\/ufinet-como-patrocinadora-de-ouro-na-capacity-central-america-andean-2018\/"},"modified":"2018-11-01T18:23:07","modified_gmt":"2018-11-02T00:23:07","slug":"ufinet-como-patrocinadora-de-ouro-na-capacity-central-america-andean-2018","status":"publish","type":"post","link":"https:\/\/www.ufinet.com\/pt-br\/ufinet-como-patrocinadora-de-ouro-na-capacity-central-america-andean-2018\/","title":{"rendered":"Ufinet como patrocinadora de ouro na Capacity Central America &amp; Andean 2018"},"content":{"rendered":"<p>Nosso CEO, I\u00f1igo Garc\u00eda del Cerro Prieto, fez uma apresenta\u00e7\u00e3o interessante sobre:<\/p>\n<p><img fetchpriority=\"high\" decoding=\"async\" class=\"alignnone wp-image-35535\" src=\"https:\/\/www.ufinet.com\/wp-content\/uploads\/2018\/11\/Team-Ufinet-Capacity-Central-America-Andean-2018-Final-300x162.jpg\" alt=\"\" width=\"624\" height=\"337\" srcset=\"https:\/\/www.ufinet.com\/wp-content\/uploads\/2018\/11\/Team-Ufinet-Capacity-Central-America-Andean-2018-Final-300x162.jpg 300w, https:\/\/www.ufinet.com\/wp-content\/uploads\/2018\/11\/Team-Ufinet-Capacity-Central-America-Andean-2018-Final-768x413.jpg 768w, https:\/\/www.ufinet.com\/wp-content\/uploads\/2018\/11\/Team-Ufinet-Capacity-Central-America-Andean-2018-Final.jpg 899w\" sizes=\"(max-width: 624px) 100vw, 624px\" \/><\/p>\n<h5 class=\"panel-title\">O FUTURO DAS REDES NEUTRAS: O PAPEL DAS EMPRESAS DE INFRAESTRUTURA NO DESENVOLVIMENTO DE REDES DE TELECOMUNICA\u00c7\u00d5ES<\/h5>\n<h1>A miss\u00e3o do evento: EXPLORAR O FUTURO DO MERCADO DE TELECOMUNICA\u00c7\u00d5ES ATACADO NA AM\u00c9RICA CENTRAL E ANDINA<\/h1>\n<p>Novamente na Col\u00f4mbia, o evento foi realizado nos dias 3 e 4 de outubro, em sua d\u00e9cima edi\u00e7\u00e3o. O Capacity Central America &amp; Andean 2018 ofereceu a oportunidade de voc\u00ea se reunir e se conectar com mais de 250 executivos de n\u00edvel C, influenciadores e l\u00edderes do setor das regi\u00f5es da Am\u00e9rica Central e Andina para discutir os \u00faltimos desenvolvimentos.<\/p>\n<p>A comunidade selecionada e o relacionamento com mais de 250 l\u00edderes do setor atacadista de telecomunica\u00e7\u00f5es da Guatemala, El Salvador, Honduras, Nicar\u00e1gua, Argentina, Chile, Col\u00f4mbia, Costa Rica, Equador, Guatemala, Nicar\u00e1gua, Panam\u00e1, Peru, Estados Unidos, Venezuela e outros foram fortalecidos novamente.<\/p>\n<p>Para obter mais informa\u00e7\u00f5es, acesse: https:\/\/www.capacitymedia.com\/events\/capacity-central-america-and-andean<\/p>\n","protected":false},"excerpt":{"rendered":"<p>Nosso CEO, I\u00f1igo Garc\u00eda del Cerro Prieto, fez uma apresenta\u00e7\u00e3o interessante sobre: O FUTURO DAS REDES NEUTRAS: O PAPEL DAS EMPRESAS DE INFRAESTRUTURA NO DESENVOLVIMENTO DE REDES DE TELECOMUNICA\u00c7\u00d5ES A miss\u00e3o do evento: EXPLORAR O FUTURO DO MERCADO DE TELECOMUNICA\u00c7\u00d5ES ATACADO NA AM\u00c9RICA CENTRAL E ANDINA Novamente na Col\u00f4mbia, o evento foi realizado nos dias [&hellip;]<\/p>\n","protected":false},"author":1,"featured_media":35537,"comment_status":"closed","ping_status":"closed","sticky":false,"template":"","format":"standard","meta":{"site-sidebar-layout":"default","site-content-layout":"","ast-site-content-layout":"default","site-content-style":"default","site-sidebar-style":"default","ast-global-header-display":"","ast-banner-title-visibility":"","ast-main-header-display":"","ast-hfb-above-header-display":"","ast-hfb-below-header-display":"","ast-hfb-mobile-header-display":"","site-post-title":"","ast-breadcrumbs-content":"","ast-featured-img":"disabled","footer-sml-layout":"","ast-disable-related-posts":"","theme-transparent-header-meta":"","adv-header-id-meta":"","stick-header-meta":"","header-above-stick-meta":"","header-main-stick-meta":"","header-below-stick-meta":"","astra-migrate-meta-layouts":"default","ast-page-background-enabled":"default","ast-page-background-meta":{"desktop":{"background-color":"","background-image":"","background-repeat":"repeat","background-position":"center center","background-size":"auto","background-attachment":"scroll","background-type":"","background-media":"","overlay-type":"","overlay-color":"","overlay-opacity":"","overlay-gradient":""},"tablet":{"background-color":"","background-image":"","background-repeat":"repeat","background-position":"center center","background-size":"auto","background-attachment":"scroll","background-type":"","background-media":"","overlay-type":"","overlay-color":"","overlay-opacity":"","overlay-gradient":""},"mobile":{"background-color":"","background-image":"","background-repeat":"repeat","background-position":"center center","background-size":"auto","background-attachment":"scroll","background-type":"","background-media":"","overlay-type":"","overlay-color":"","overlay-opacity":"","overlay-gradient":""}},"ast-content-background-meta":{"desktop":{"background-color":"var(--ast-global-color-5)","background-image":"","background-repeat":"repeat","background-position":"center center","background-size":"auto","background-attachment":"scroll","background-type":"","background-media":"","overlay-type":"","overlay-color":"","overlay-opacity":"","overlay-gradient":""},"tablet":{"background-color":"var(--ast-global-color-5)","background-image":"","background-repeat":"repeat","background-position":"center center","background-size":"auto","background-attachment":"scroll","background-type":"","background-media":"","overlay-type":"","overlay-color":"","overlay-opacity":"","overlay-gradient":""},"mobile":{"background-color":"var(--ast-global-color-5)","background-image":"","background-repeat":"repeat","background-position":"center center","background-size":"auto","background-attachment":"scroll","background-type":"","background-media":"","overlay-type":"","overlay-color":"","overlay-opacity":"","overlay-gradient":""}},"footnotes":""},"categories":[113],"tags":[],"class_list":["post-35762","post","type-post","status-publish","format-standard","has-post-thumbnail","hentry","category-noticias"],"yoast_head":"<!-- This site is optimized with the Yoast SEO plugin v27.4 - https:\/\/yoast.com\/product\/yoast-seo-wordpress\/ -->\n<title>Ufinet como patrocinadora GOLD na Capacity Central America &amp; Andean 2018<\/title>\n<meta name=\"description\" content=\"03-04 de outubro de 2018, Bogot\u00e1, Col\u00f4mbia. A Ufinet participou como orgulhosa patrocinadora de ouro durante o Capacity Central America &amp; Andean 2018.\" \/>\n<meta name=\"robots\" content=\"index, follow, max-snippet:-1, max-image-preview:large, max-video-preview:-1\" \/>\n<link rel=\"canonical\" href=\"https:\/\/www.ufinet.com\/pt-br\/ufinet-como-patrocinadora-de-ouro-na-capacity-central-america-andean-2018\/\" \/>\n<meta property=\"og:locale\" content=\"pt_BR\" \/>\n<meta property=\"og:type\" content=\"article\" \/>\n<meta property=\"og:title\" content=\"Ufinet como patrocinadora GOLD na Capacity Central America &amp; Andean 2018\" \/>\n<meta property=\"og:description\" content=\"03-04 de outubro de 2018, Bogot\u00e1, Col\u00f4mbia. A Ufinet participou como orgulhosa patrocinadora de ouro durante o Capacity Central America &amp; Andean 2018.\" \/>\n<meta property=\"og:url\" content=\"https:\/\/www.ufinet.com\/pt-br\/ufinet-como-patrocinadora-de-ouro-na-capacity-central-america-andean-2018\/\" \/>\n<meta property=\"og:site_name\" content=\"Ufinet | A rede que conecta voc\u00ea \u00e0 Am\u00e9rica Latina\" \/>\n<meta property=\"article:published_time\" content=\"2018-11-02T00:23:07+00:00\" \/>\n<meta property=\"og:image\" content=\"https:\/\/www.ufinet.com\/wp-content\/uploads\/2018\/11\/Team-Ufinet-Capacity-Central-America-Andean-2018-Final.jpg\" \/>\n\t<meta property=\"og:image:width\" content=\"899\" \/>\n\t<meta property=\"og:image:height\" content=\"484\" \/>\n\t<meta property=\"og:image:type\" content=\"image\/jpeg\" \/>\n<meta name=\"author\" content=\"wowlatammk.com\" \/>\n<meta name=\"twitter:card\" content=\"summary_large_image\" \/>\n<meta name=\"twitter:label1\" content=\"Escrito por\" \/>\n\t<meta name=\"twitter:data1\" content=\"wowlatammk.com\" \/>\n\t<meta name=\"twitter:label2\" content=\"Est. tempo de leitura\" \/>\n\t<meta name=\"twitter:data2\" content=\"1 minuto\" \/>\n<script type=\"application\/ld+json\" class=\"yoast-schema-graph\">{\"@context\":\"https:\\\/\\\/schema.org\",\"@graph\":[{\"@type\":\"Article\",\"@id\":\"https:\\\/\\\/www.ufinet.com\\\/pt-br\\\/ufinet-como-patrocinadora-de-ouro-na-capacity-central-america-andean-2018\\\/#article\",\"isPartOf\":{\"@id\":\"https:\\\/\\\/www.ufinet.com\\\/pt-br\\\/ufinet-como-patrocinadora-de-ouro-na-capacity-central-america-andean-2018\\\/\"},\"author\":{\"name\":\"wowlatammk.com\",\"@id\":\"https:\\\/\\\/www.ufinet.com\\\/pt-br\\\/#\\\/schema\\\/person\\\/19b7e96681bc1c0d4ca6b8d4d4ad07cd\"},\"headline\":\"Ufinet como patrocinadora de ouro na Capacity Central America &amp; Andean 2018\",\"datePublished\":\"2018-11-02T00:23:07+00:00\",\"mainEntityOfPage\":{\"@id\":\"https:\\\/\\\/www.ufinet.com\\\/pt-br\\\/ufinet-como-patrocinadora-de-ouro-na-capacity-central-america-andean-2018\\\/\"},\"wordCount\":183,\"publisher\":{\"@id\":\"https:\\\/\\\/www.ufinet.com\\\/pt-br\\\/#organization\"},\"image\":{\"@id\":\"https:\\\/\\\/www.ufinet.com\\\/pt-br\\\/ufinet-como-patrocinadora-de-ouro-na-capacity-central-america-andean-2018\\\/#primaryimage\"},\"thumbnailUrl\":\"https:\\\/\\\/www.ufinet.com\\\/wp-content\\\/uploads\\\/2018\\\/11\\\/Team-Ufinet-Capacity-Central-America-Andean-2018-Final.jpg\",\"articleSection\":[\"not\u00edcias\"],\"inLanguage\":\"pt-BR\"},{\"@type\":\"WebPage\",\"@id\":\"https:\\\/\\\/www.ufinet.com\\\/pt-br\\\/ufinet-como-patrocinadora-de-ouro-na-capacity-central-america-andean-2018\\\/\",\"url\":\"https:\\\/\\\/www.ufinet.com\\\/pt-br\\\/ufinet-como-patrocinadora-de-ouro-na-capacity-central-america-andean-2018\\\/\",\"name\":\"Ufinet como patrocinadora GOLD na Capacity Central America & Andean 2018\",\"isPartOf\":{\"@id\":\"https:\\\/\\\/www.ufinet.com\\\/pt-br\\\/#website\"},\"primaryImageOfPage\":{\"@id\":\"https:\\\/\\\/www.ufinet.com\\\/pt-br\\\/ufinet-como-patrocinadora-de-ouro-na-capacity-central-america-andean-2018\\\/#primaryimage\"},\"image\":{\"@id\":\"https:\\\/\\\/www.ufinet.com\\\/pt-br\\\/ufinet-como-patrocinadora-de-ouro-na-capacity-central-america-andean-2018\\\/#primaryimage\"},\"thumbnailUrl\":\"https:\\\/\\\/www.ufinet.com\\\/wp-content\\\/uploads\\\/2018\\\/11\\\/Team-Ufinet-Capacity-Central-America-Andean-2018-Final.jpg\",\"datePublished\":\"2018-11-02T00:23:07+00:00\",\"description\":\"03-04 de outubro de 2018, Bogot\u00e1, Col\u00f4mbia. A Ufinet participou como orgulhosa patrocinadora de ouro durante o Capacity Central America & Andean 2018.\",\"breadcrumb\":{\"@id\":\"https:\\\/\\\/www.ufinet.com\\\/pt-br\\\/ufinet-como-patrocinadora-de-ouro-na-capacity-central-america-andean-2018\\\/#breadcrumb\"},\"inLanguage\":\"pt-BR\",\"potentialAction\":[{\"@type\":\"ReadAction\",\"target\":[\"https:\\\/\\\/www.ufinet.com\\\/pt-br\\\/ufinet-como-patrocinadora-de-ouro-na-capacity-central-america-andean-2018\\\/\"]}]},{\"@type\":\"ImageObject\",\"inLanguage\":\"pt-BR\",\"@id\":\"https:\\\/\\\/www.ufinet.com\\\/pt-br\\\/ufinet-como-patrocinadora-de-ouro-na-capacity-central-america-andean-2018\\\/#primaryimage\",\"url\":\"https:\\\/\\\/www.ufinet.com\\\/wp-content\\\/uploads\\\/2018\\\/11\\\/Team-Ufinet-Capacity-Central-America-Andean-2018-Final.jpg\",\"contentUrl\":\"https:\\\/\\\/www.ufinet.com\\\/wp-content\\\/uploads\\\/2018\\\/11\\\/Team-Ufinet-Capacity-Central-America-Andean-2018-Final.jpg\",\"width\":899,\"height\":484},{\"@type\":\"BreadcrumbList\",\"@id\":\"https:\\\/\\\/www.ufinet.com\\\/pt-br\\\/ufinet-como-patrocinadora-de-ouro-na-capacity-central-america-andean-2018\\\/#breadcrumb\",\"itemListElement\":[{\"@type\":\"ListItem\",\"position\":1,\"name\":\"Home\",\"item\":\"https:\\\/\\\/www.ufinet.com\\\/pt-br\\\/\"},{\"@type\":\"ListItem\",\"position\":2,\"name\":\"Ufinet como patrocinadora de ouro na Capacity Central America &amp; Andean 2018\"}]},{\"@type\":\"WebSite\",\"@id\":\"https:\\\/\\\/www.ufinet.com\\\/pt-br\\\/#website\",\"url\":\"https:\\\/\\\/www.ufinet.com\\\/pt-br\\\/\",\"name\":\"Ufinet\",\"description\":\"Somos a \u00fanica operadora na Am\u00e9rica Latina que \u00e9 100% NEUTRA.\",\"publisher\":{\"@id\":\"https:\\\/\\\/www.ufinet.com\\\/pt-br\\\/#organization\"},\"potentialAction\":[{\"@type\":\"SearchAction\",\"target\":{\"@type\":\"EntryPoint\",\"urlTemplate\":\"https:\\\/\\\/www.ufinet.com\\\/pt-br\\\/?s={search_term_string}\"},\"query-input\":{\"@type\":\"PropertyValueSpecification\",\"valueRequired\":true,\"valueName\":\"search_term_string\"}}],\"inLanguage\":\"pt-BR\"},{\"@type\":\"Organization\",\"@id\":\"https:\\\/\\\/www.ufinet.com\\\/pt-br\\\/#organization\",\"name\":\"Ufinet\",\"url\":\"https:\\\/\\\/www.ufinet.com\\\/pt-br\\\/\",\"logo\":{\"@type\":\"ImageObject\",\"inLanguage\":\"pt-BR\",\"@id\":\"https:\\\/\\\/www.ufinet.com\\\/pt-br\\\/#\\\/schema\\\/logo\\\/image\\\/\",\"url\":\"https:\\\/\\\/www.ufinet.com\\\/wp-content\\\/uploads\\\/2024\\\/06\\\/cropped-Recurso-1.png\",\"contentUrl\":\"https:\\\/\\\/www.ufinet.com\\\/wp-content\\\/uploads\\\/2024\\\/06\\\/cropped-Recurso-1.png\",\"width\":1654,\"height\":705,\"caption\":\"Ufinet\"},\"image\":{\"@id\":\"https:\\\/\\\/www.ufinet.com\\\/pt-br\\\/#\\\/schema\\\/logo\\\/image\\\/\"}},{\"@type\":\"Person\",\"@id\":\"https:\\\/\\\/www.ufinet.com\\\/pt-br\\\/#\\\/schema\\\/person\\\/19b7e96681bc1c0d4ca6b8d4d4ad07cd\",\"name\":\"wowlatammk.com\",\"image\":{\"@type\":\"ImageObject\",\"inLanguage\":\"pt-BR\",\"@id\":\"https:\\\/\\\/secure.gravatar.com\\\/avatar\\\/f73c2b6f2e8dbad969fd10342fe2028ced9bf45ec4f05b0acbf7a087f235cb64?s=96&d=mm&r=g\",\"url\":\"https:\\\/\\\/secure.gravatar.com\\\/avatar\\\/f73c2b6f2e8dbad969fd10342fe2028ced9bf45ec4f05b0acbf7a087f235cb64?s=96&d=mm&r=g\",\"contentUrl\":\"https:\\\/\\\/secure.gravatar.com\\\/avatar\\\/f73c2b6f2e8dbad969fd10342fe2028ced9bf45ec4f05b0acbf7a087f235cb64?s=96&d=mm&r=g\",\"caption\":\"wowlatammk.com\"},\"sameAs\":[\"http:\\\/\\\/wowlatammk.com\"],\"url\":\"https:\\\/\\\/www.ufinet.com\\\/pt-br\\\/author\\\/wowlatammk-com\\\/\"}]}<\/script>\n<!-- \/ Yoast SEO plugin. -->","yoast_head_json":{"title":"Ufinet como patrocinadora GOLD na Capacity Central America & Andean 2018","description":"03-04 de outubro de 2018, Bogot\u00e1, Col\u00f4mbia. A Ufinet participou como orgulhosa patrocinadora de ouro durante o Capacity Central America & Andean 2018.","robots":{"index":"index","follow":"follow","max-snippet":"max-snippet:-1","max-image-preview":"max-image-preview:large","max-video-preview":"max-video-preview:-1"},"canonical":"https:\/\/www.ufinet.com\/pt-br\/ufinet-como-patrocinadora-de-ouro-na-capacity-central-america-andean-2018\/","og_locale":"pt_BR","og_type":"article","og_title":"Ufinet como patrocinadora GOLD na Capacity Central America & Andean 2018","og_description":"03-04 de outubro de 2018, Bogot\u00e1, Col\u00f4mbia. A Ufinet participou como orgulhosa patrocinadora de ouro durante o Capacity Central America & Andean 2018.","og_url":"https:\/\/www.ufinet.com\/pt-br\/ufinet-como-patrocinadora-de-ouro-na-capacity-central-america-andean-2018\/","og_site_name":"Ufinet | A rede que conecta voc\u00ea \u00e0 Am\u00e9rica Latina","article_published_time":"2018-11-02T00:23:07+00:00","og_image":[{"width":899,"height":484,"url":"https:\/\/www.ufinet.com\/wp-content\/uploads\/2018\/11\/Team-Ufinet-Capacity-Central-America-Andean-2018-Final.jpg","type":"image\/jpeg"}],"author":"wowlatammk.com","twitter_card":"summary_large_image","twitter_misc":{"Escrito por":"wowlatammk.com","Est. tempo de leitura":"1 minuto"},"schema":{"@context":"https:\/\/schema.org","@graph":[{"@type":"Article","@id":"https:\/\/www.ufinet.com\/pt-br\/ufinet-como-patrocinadora-de-ouro-na-capacity-central-america-andean-2018\/#article","isPartOf":{"@id":"https:\/\/www.ufinet.com\/pt-br\/ufinet-como-patrocinadora-de-ouro-na-capacity-central-america-andean-2018\/"},"author":{"name":"wowlatammk.com","@id":"https:\/\/www.ufinet.com\/pt-br\/#\/schema\/person\/19b7e96681bc1c0d4ca6b8d4d4ad07cd"},"headline":"Ufinet como patrocinadora de ouro na Capacity Central America &amp; Andean 2018","datePublished":"2018-11-02T00:23:07+00:00","mainEntityOfPage":{"@id":"https:\/\/www.ufinet.com\/pt-br\/ufinet-como-patrocinadora-de-ouro-na-capacity-central-america-andean-2018\/"},"wordCount":183,"publisher":{"@id":"https:\/\/www.ufinet.com\/pt-br\/#organization"},"image":{"@id":"https:\/\/www.ufinet.com\/pt-br\/ufinet-como-patrocinadora-de-ouro-na-capacity-central-america-andean-2018\/#primaryimage"},"thumbnailUrl":"https:\/\/www.ufinet.com\/wp-content\/uploads\/2018\/11\/Team-Ufinet-Capacity-Central-America-Andean-2018-Final.jpg","articleSection":["not\u00edcias"],"inLanguage":"pt-BR"},{"@type":"WebPage","@id":"https:\/\/www.ufinet.com\/pt-br\/ufinet-como-patrocinadora-de-ouro-na-capacity-central-america-andean-2018\/","url":"https:\/\/www.ufinet.com\/pt-br\/ufinet-como-patrocinadora-de-ouro-na-capacity-central-america-andean-2018\/","name":"Ufinet como patrocinadora GOLD na Capacity Central America & Andean 2018","isPartOf":{"@id":"https:\/\/www.ufinet.com\/pt-br\/#website"},"primaryImageOfPage":{"@id":"https:\/\/www.ufinet.com\/pt-br\/ufinet-como-patrocinadora-de-ouro-na-capacity-central-america-andean-2018\/#primaryimage"},"image":{"@id":"https:\/\/www.ufinet.com\/pt-br\/ufinet-como-patrocinadora-de-ouro-na-capacity-central-america-andean-2018\/#primaryimage"},"thumbnailUrl":"https:\/\/www.ufinet.com\/wp-content\/uploads\/2018\/11\/Team-Ufinet-Capacity-Central-America-Andean-2018-Final.jpg","datePublished":"2018-11-02T00:23:07+00:00","description":"03-04 de outubro de 2018, Bogot\u00e1, Col\u00f4mbia. A Ufinet participou como orgulhosa patrocinadora de ouro durante o Capacity Central America & Andean 2018.","breadcrumb":{"@id":"https:\/\/www.ufinet.com\/pt-br\/ufinet-como-patrocinadora-de-ouro-na-capacity-central-america-andean-2018\/#breadcrumb"},"inLanguage":"pt-BR","potentialAction":[{"@type":"ReadAction","target":["https:\/\/www.ufinet.com\/pt-br\/ufinet-como-patrocinadora-de-ouro-na-capacity-central-america-andean-2018\/"]}]},{"@type":"ImageObject","inLanguage":"pt-BR","@id":"https:\/\/www.ufinet.com\/pt-br\/ufinet-como-patrocinadora-de-ouro-na-capacity-central-america-andean-2018\/#primaryimage","url":"https:\/\/www.ufinet.com\/wp-content\/uploads\/2018\/11\/Team-Ufinet-Capacity-Central-America-Andean-2018-Final.jpg","contentUrl":"https:\/\/www.ufinet.com\/wp-content\/uploads\/2018\/11\/Team-Ufinet-Capacity-Central-America-Andean-2018-Final.jpg","width":899,"height":484},{"@type":"BreadcrumbList","@id":"https:\/\/www.ufinet.com\/pt-br\/ufinet-como-patrocinadora-de-ouro-na-capacity-central-america-andean-2018\/#breadcrumb","itemListElement":[{"@type":"ListItem","position":1,"name":"Home","item":"https:\/\/www.ufinet.com\/pt-br\/"},{"@type":"ListItem","position":2,"name":"Ufinet como patrocinadora de ouro na Capacity Central America &amp; Andean 2018"}]},{"@type":"WebSite","@id":"https:\/\/www.ufinet.com\/pt-br\/#website","url":"https:\/\/www.ufinet.com\/pt-br\/","name":"Ufinet","description":"Somos a \u00fanica operadora na Am\u00e9rica Latina que \u00e9 100% NEUTRA.","publisher":{"@id":"https:\/\/www.ufinet.com\/pt-br\/#organization"},"potentialAction":[{"@type":"SearchAction","target":{"@type":"EntryPoint","urlTemplate":"https:\/\/www.ufinet.com\/pt-br\/?s={search_term_string}"},"query-input":{"@type":"PropertyValueSpecification","valueRequired":true,"valueName":"search_term_string"}}],"inLanguage":"pt-BR"},{"@type":"Organization","@id":"https:\/\/www.ufinet.com\/pt-br\/#organization","name":"Ufinet","url":"https:\/\/www.ufinet.com\/pt-br\/","logo":{"@type":"ImageObject","inLanguage":"pt-BR","@id":"https:\/\/www.ufinet.com\/pt-br\/#\/schema\/logo\/image\/","url":"https:\/\/www.ufinet.com\/wp-content\/uploads\/2024\/06\/cropped-Recurso-1.png","contentUrl":"https:\/\/www.ufinet.com\/wp-content\/uploads\/2024\/06\/cropped-Recurso-1.png","width":1654,"height":705,"caption":"Ufinet"},"image":{"@id":"https:\/\/www.ufinet.com\/pt-br\/#\/schema\/logo\/image\/"}},{"@type":"Person","@id":"https:\/\/www.ufinet.com\/pt-br\/#\/schema\/person\/19b7e96681bc1c0d4ca6b8d4d4ad07cd","name":"wowlatammk.com","image":{"@type":"ImageObject","inLanguage":"pt-BR","@id":"https:\/\/secure.gravatar.com\/avatar\/f73c2b6f2e8dbad969fd10342fe2028ced9bf45ec4f05b0acbf7a087f235cb64?s=96&d=mm&r=g","url":"https:\/\/secure.gravatar.com\/avatar\/f73c2b6f2e8dbad969fd10342fe2028ced9bf45ec4f05b0acbf7a087f235cb64?s=96&d=mm&r=g","contentUrl":"https:\/\/secure.gravatar.com\/avatar\/f73c2b6f2e8dbad969fd10342fe2028ced9bf45ec4f05b0acbf7a087f235cb64?s=96&d=mm&r=g","caption":"wowlatammk.com"},"sameAs":["http:\/\/wowlatammk.com"],"url":"https:\/\/www.ufinet.com\/pt-br\/author\/wowlatammk-com\/"}]}},"rttpg_featured_image_url":{"full":["https:\/\/www.ufinet.com\/wp-content\/uploads\/2018\/11\/Team-Ufinet-Capacity-Central-America-Andean-2018-Final.jpg",899,484,false],"landscape":["https:\/\/www.ufinet.com\/wp-content\/uploads\/2018\/11\/Team-Ufinet-Capacity-Central-America-Andean-2018-Final.jpg",899,484,false],"portraits":["https:\/\/www.ufinet.com\/wp-content\/uploads\/2018\/11\/Team-Ufinet-Capacity-Central-America-Andean-2018-Final.jpg",899,484,false],"thumbnail":["https:\/\/www.ufinet.com\/wp-content\/uploads\/2018\/11\/Team-Ufinet-Capacity-Central-America-Andean-2018-Final-150x150.jpg",150,150,true],"medium":["https:\/\/www.ufinet.com\/wp-content\/uploads\/2018\/11\/Team-Ufinet-Capacity-Central-America-Andean-2018-Final-300x162.jpg",300,162,true],"large":["https:\/\/www.ufinet.com\/wp-content\/uploads\/2018\/11\/Team-Ufinet-Capacity-Central-America-Andean-2018-Final.jpg",899,484,false],"1536x1536":["https:\/\/www.ufinet.com\/wp-content\/uploads\/2018\/11\/Team-Ufinet-Capacity-Central-America-Andean-2018-Final.jpg",899,484,false],"2048x2048":["https:\/\/www.ufinet.com\/wp-content\/uploads\/2018\/11\/Team-Ufinet-Capacity-Central-America-Andean-2018-Final.jpg",899,484,false],"htliser_size_396x360":["https:\/\/www.ufinet.com\/wp-content\/uploads\/2018\/11\/Team-Ufinet-Capacity-Central-America-Andean-2018-Final-396x360.jpg",396,360,true],"htslider_size_1170x536":["https:\/\/www.ufinet.com\/wp-content\/uploads\/2018\/11\/Team-Ufinet-Capacity-Central-America-Andean-2018-Final.jpg",899,484,false]},"rttpg_author":{"display_name":"wowlatammk.com","author_link":"https:\/\/www.ufinet.com\/pt-br\/author\/wowlatammk-com\/"},"rttpg_comment":0,"rttpg_category":"<a href=\"https:\/\/www.ufinet.com\/pt-br\/category\/noticias\/\" rel=\"category tag\">not\u00edcias<\/a>","rttpg_excerpt":"Nosso CEO, I\u00f1igo Garc\u00eda del Cerro Prieto, fez uma apresenta\u00e7\u00e3o interessante sobre: O FUTURO DAS REDES NEUTRAS: O PAPEL DAS EMPRESAS DE INFRAESTRUTURA NO DESENVOLVIMENTO DE REDES DE TELECOMUNICA\u00c7\u00d5ES A miss\u00e3o do evento: EXPLORAR O FUTURO DO MERCADO DE TELECOMUNICA\u00c7\u00d5ES ATACADO NA AM\u00c9RICA CENTRAL E ANDINA Novamente na Col\u00f4mbia, o evento foi realizado nos dias&hellip;","_links":{"self":[{"href":"https:\/\/www.ufinet.com\/pt-br\/wp-json\/wp\/v2\/posts\/35762","targetHints":{"allow":["GET"]}}],"collection":[{"href":"https:\/\/www.ufinet.com\/pt-br\/wp-json\/wp\/v2\/posts"}],"about":[{"href":"https:\/\/www.ufinet.com\/pt-br\/wp-json\/wp\/v2\/types\/post"}],"author":[{"embeddable":true,"href":"https:\/\/www.ufinet.com\/pt-br\/wp-json\/wp\/v2\/users\/1"}],"replies":[{"embeddable":true,"href":"https:\/\/www.ufinet.com\/pt-br\/wp-json\/wp\/v2\/comments?post=35762"}],"version-history":[{"count":0,"href":"https:\/\/www.ufinet.com\/pt-br\/wp-json\/wp\/v2\/posts\/35762\/revisions"}],"wp:featuredmedia":[{"embeddable":true,"href":"https:\/\/www.ufinet.com\/pt-br\/wp-json\/wp\/v2\/media\/35537"}],"wp:attachment":[{"href":"https:\/\/www.ufinet.com\/pt-br\/wp-json\/wp\/v2\/media?parent=35762"}],"wp:term":[{"taxonomy":"category","embeddable":true,"href":"https:\/\/www.ufinet.com\/pt-br\/wp-json\/wp\/v2\/categories?post=35762"},{"taxonomy":"post_tag","embeddable":true,"href":"https:\/\/www.ufinet.com\/pt-br\/wp-json\/wp\/v2\/tags?post=35762"}],"curies":[{"name":"wp","href":"https:\/\/api.w.org\/{rel}","templated":true}]}}