{"id":35680,"date":"2020-12-17T09:52:55","date_gmt":"2020-12-17T15:52:55","guid":{"rendered":"https:\/\/www.ufinet.com\/a-ufinet-oferece-suporte-tecnologico-para-pessoas-com-deficiencia\/"},"modified":"2020-12-17T09:52:55","modified_gmt":"2020-12-17T15:52:55","slug":"a-ufinet-oferece-suporte-tecnologico-para-pessoas-com-deficiencia","status":"publish","type":"post","link":"https:\/\/www.ufinet.com\/pt-br\/a-ufinet-oferece-suporte-tecnologico-para-pessoas-com-deficiencia\/","title":{"rendered":"A UFINET oferece suporte tecnol\u00f3gico para pessoas com defici\u00eancia"},"content":{"rendered":"<p><strong><u>A UFINET se une ao esfor\u00e7o do governo do Panam\u00e1 para fornecer suporte tecnol\u00f3gico a pessoas com defici\u00eancia<\/u><\/strong><\/p>\n<p>Em 10 de dezembro, a UFINET instalou com sucesso, juntamente com a SENADIS (Secretaria Nacional de Defici\u00eancia), a AIG (Autoridade Nacional de Inova\u00e7\u00e3o Governamental) e o Representante de Cacao, uma Internet via sat\u00e9lite no Setor de Las Palmitas, Corregimiento de Cacao em Capira, Prov\u00edncia do Oeste do Panam\u00e1. Essa conex\u00e3o foi feita em conjunto com o governo do Panam\u00e1, em comemora\u00e7\u00e3o ao Dia Internacional das Pessoas com Defici\u00eancia de 2020, para apoiar e comunicar locais rurais \u00e0 Internet.<\/p>\n<p>O link foi instalado com sucesso apesar das condi\u00e7\u00f5es clim\u00e1ticas dif\u00edceis e do terreno \u00edngreme e quebrado de dif\u00edcil acesso. A instala\u00e7\u00e3o e o teste do servi\u00e7o de Internet via sat\u00e9lite foram realizados na resid\u00eancia do Sr. K. Di\u00f3genes Zamora, um jovem deficiente que depende de uma cadeira de rodas, vive em uma \u00e1rea rural remota com dif\u00edcil acesso e sem outras tecnologias de telecomunica\u00e7\u00f5es. Esse link permitir\u00e1 que voc\u00ea fa\u00e7a um grande avan\u00e7o para realizar seu sonho: estudar em uma universidade por meio de ensino a dist\u00e2ncia.<\/p>\n<p>Essas conex\u00f5es representam um marco importante para as comunidades remotas e podem permitir que muitas pessoas novas entrem no mundo da alfabetiza\u00e7\u00e3o digital.<\/p>\n<p>UFINET, conectando o Panam\u00e1 com o mundo.<\/p>\n","protected":false},"excerpt":{"rendered":"<p>A UFINET se une ao esfor\u00e7o do governo do Panam\u00e1 para fornecer suporte tecnol\u00f3gico a pessoas com defici\u00eancia Em 10 de dezembro, a UFINET instalou com sucesso, juntamente com a SENADIS (Secretaria Nacional de Defici\u00eancia), a AIG (Autoridade Nacional de Inova\u00e7\u00e3o Governamental) e o Representante de Cacao, uma Internet via sat\u00e9lite no Setor de Las [&hellip;]<\/p>\n","protected":false},"author":1,"featured_media":0,"comment_status":"closed","ping_status":"open","sticky":false,"template":"","format":"standard","meta":{"site-sidebar-layout":"default","site-content-layout":"","ast-site-content-layout":"default","site-content-style":"default","site-sidebar-style":"default","ast-global-header-display":"","ast-banner-title-visibility":"","ast-main-header-display":"","ast-hfb-above-header-display":"","ast-hfb-below-header-display":"","ast-hfb-mobile-header-display":"","site-post-title":"","ast-breadcrumbs-content":"","ast-featured-img":"disabled","footer-sml-layout":"","ast-disable-related-posts":"","theme-transparent-header-meta":"","adv-header-id-meta":"","stick-header-meta":"","header-above-stick-meta":"","header-main-stick-meta":"","header-below-stick-meta":"","astra-migrate-meta-layouts":"default","ast-page-background-enabled":"default","ast-page-background-meta":{"desktop":{"background-color":"","background-image":"","background-repeat":"repeat","background-position":"center center","background-size":"auto","background-attachment":"scroll","background-type":"","background-media":"","overlay-type":"","overlay-color":"","overlay-opacity":"","overlay-gradient":""},"tablet":{"background-color":"","background-image":"","background-repeat":"repeat","background-position":"center center","background-size":"auto","background-attachment":"scroll","background-type":"","background-media":"","overlay-type":"","overlay-color":"","overlay-opacity":"","overlay-gradient":""},"mobile":{"background-color":"","background-image":"","background-repeat":"repeat","background-position":"center center","background-size":"auto","background-attachment":"scroll","background-type":"","background-media":"","overlay-type":"","overlay-color":"","overlay-opacity":"","overlay-gradient":""}},"ast-content-background-meta":{"desktop":{"background-color":"var(--ast-global-color-5)","background-image":"","background-repeat":"repeat","background-position":"center center","background-size":"auto","background-attachment":"scroll","background-type":"","background-media":"","overlay-type":"","overlay-color":"","overlay-opacity":"","overlay-gradient":""},"tablet":{"background-color":"var(--ast-global-color-5)","background-image":"","background-repeat":"repeat","background-position":"center center","background-size":"auto","background-attachment":"scroll","background-type":"","background-media":"","overlay-type":"","overlay-color":"","overlay-opacity":"","overlay-gradient":""},"mobile":{"background-color":"var(--ast-global-color-5)","background-image":"","background-repeat":"repeat","background-position":"center center","background-size":"auto","background-attachment":"scroll","background-type":"","background-media":"","overlay-type":"","overlay-color":"","overlay-opacity":"","overlay-gradient":""}},"footnotes":""},"categories":[113],"tags":[],"class_list":["post-35680","post","type-post","status-publish","format-standard","hentry","category-noticias"],"yoast_head":"<!-- This site is optimized with the Yoast SEO plugin v27.4 - https:\/\/yoast.com\/product\/yoast-seo-wordpress\/ -->\n<title>A UFINET oferece suporte tecnol\u00f3gico para pessoas com defici\u00eancia - Ufinet | A rede que conecta voc\u00ea \u00e0 Am\u00e9rica Latina<\/title>\n<meta name=\"description\" content=\"O link foi instalado com sucesso apesar das condi\u00e7\u00f5es clim\u00e1ticas dif\u00edceis e do terreno \u00edngreme e quebrado de dif\u00edcil acesso.\" \/>\n<meta name=\"robots\" content=\"index, follow, max-snippet:-1, max-image-preview:large, max-video-preview:-1\" \/>\n<link rel=\"canonical\" href=\"https:\/\/www.ufinet.com\/pt-br\/a-ufinet-oferece-suporte-tecnologico-para-pessoas-com-deficiencia\/\" \/>\n<meta property=\"og:locale\" content=\"pt_BR\" \/>\n<meta property=\"og:type\" content=\"article\" \/>\n<meta property=\"og:title\" content=\"A UFINET oferece suporte tecnol\u00f3gico para pessoas com defici\u00eancia - Ufinet | A rede que conecta voc\u00ea \u00e0 Am\u00e9rica Latina\" \/>\n<meta property=\"og:description\" content=\"O link foi instalado com sucesso apesar das condi\u00e7\u00f5es clim\u00e1ticas dif\u00edceis e do terreno \u00edngreme e quebrado de dif\u00edcil acesso.\" \/>\n<meta property=\"og:url\" content=\"https:\/\/www.ufinet.com\/pt-br\/a-ufinet-oferece-suporte-tecnologico-para-pessoas-com-deficiencia\/\" \/>\n<meta property=\"og:site_name\" content=\"Ufinet | A rede que conecta voc\u00ea \u00e0 Am\u00e9rica Latina\" \/>\n<meta property=\"article:published_time\" content=\"2020-12-17T15:52:55+00:00\" \/>\n<meta name=\"author\" content=\"wowlatammk.com\" \/>\n<meta name=\"twitter:card\" content=\"summary_large_image\" \/>\n<meta name=\"twitter:label1\" content=\"Escrito por\" \/>\n\t<meta name=\"twitter:data1\" content=\"wowlatammk.com\" \/>\n\t<meta name=\"twitter:label2\" content=\"Est. tempo de leitura\" \/>\n\t<meta name=\"twitter:data2\" content=\"1 minuto\" \/>\n<script type=\"application\/ld+json\" class=\"yoast-schema-graph\">{\"@context\":\"https:\\\/\\\/schema.org\",\"@graph\":[{\"@type\":\"Article\",\"@id\":\"https:\\\/\\\/www.ufinet.com\\\/pt-br\\\/a-ufinet-oferece-suporte-tecnologico-para-pessoas-com-deficiencia\\\/#article\",\"isPartOf\":{\"@id\":\"https:\\\/\\\/www.ufinet.com\\\/pt-br\\\/a-ufinet-oferece-suporte-tecnologico-para-pessoas-com-deficiencia\\\/\"},\"author\":{\"name\":\"wowlatammk.com\",\"@id\":\"https:\\\/\\\/www.ufinet.com\\\/pt-br\\\/#\\\/schema\\\/person\\\/19b7e96681bc1c0d4ca6b8d4d4ad07cd\"},\"headline\":\"A UFINET oferece suporte tecnol\u00f3gico para pessoas com defici\u00eancia\",\"datePublished\":\"2020-12-17T15:52:55+00:00\",\"mainEntityOfPage\":{\"@id\":\"https:\\\/\\\/www.ufinet.com\\\/pt-br\\\/a-ufinet-oferece-suporte-tecnologico-para-pessoas-com-deficiencia\\\/\"},\"wordCount\":248,\"publisher\":{\"@id\":\"https:\\\/\\\/www.ufinet.com\\\/pt-br\\\/#organization\"},\"articleSection\":[\"not\u00edcias\"],\"inLanguage\":\"pt-BR\"},{\"@type\":\"WebPage\",\"@id\":\"https:\\\/\\\/www.ufinet.com\\\/pt-br\\\/a-ufinet-oferece-suporte-tecnologico-para-pessoas-com-deficiencia\\\/\",\"url\":\"https:\\\/\\\/www.ufinet.com\\\/pt-br\\\/a-ufinet-oferece-suporte-tecnologico-para-pessoas-com-deficiencia\\\/\",\"name\":\"A UFINET oferece suporte tecnol\u00f3gico para pessoas com defici\u00eancia - Ufinet | A rede que conecta voc\u00ea \u00e0 Am\u00e9rica Latina\",\"isPartOf\":{\"@id\":\"https:\\\/\\\/www.ufinet.com\\\/pt-br\\\/#website\"},\"datePublished\":\"2020-12-17T15:52:55+00:00\",\"description\":\"O link foi instalado com sucesso apesar das condi\u00e7\u00f5es clim\u00e1ticas dif\u00edceis e do terreno \u00edngreme e quebrado de dif\u00edcil acesso.\",\"breadcrumb\":{\"@id\":\"https:\\\/\\\/www.ufinet.com\\\/pt-br\\\/a-ufinet-oferece-suporte-tecnologico-para-pessoas-com-deficiencia\\\/#breadcrumb\"},\"inLanguage\":\"pt-BR\",\"potentialAction\":[{\"@type\":\"ReadAction\",\"target\":[\"https:\\\/\\\/www.ufinet.com\\\/pt-br\\\/a-ufinet-oferece-suporte-tecnologico-para-pessoas-com-deficiencia\\\/\"]}]},{\"@type\":\"BreadcrumbList\",\"@id\":\"https:\\\/\\\/www.ufinet.com\\\/pt-br\\\/a-ufinet-oferece-suporte-tecnologico-para-pessoas-com-deficiencia\\\/#breadcrumb\",\"itemListElement\":[{\"@type\":\"ListItem\",\"position\":1,\"name\":\"Home\",\"item\":\"https:\\\/\\\/www.ufinet.com\\\/pt-br\\\/\"},{\"@type\":\"ListItem\",\"position\":2,\"name\":\"A UFINET oferece suporte tecnol\u00f3gico para pessoas com defici\u00eancia\"}]},{\"@type\":\"WebSite\",\"@id\":\"https:\\\/\\\/www.ufinet.com\\\/pt-br\\\/#website\",\"url\":\"https:\\\/\\\/www.ufinet.com\\\/pt-br\\\/\",\"name\":\"Ufinet\",\"description\":\"Somos a \u00fanica operadora na Am\u00e9rica Latina que \u00e9 100% NEUTRA.\",\"publisher\":{\"@id\":\"https:\\\/\\\/www.ufinet.com\\\/pt-br\\\/#organization\"},\"potentialAction\":[{\"@type\":\"SearchAction\",\"target\":{\"@type\":\"EntryPoint\",\"urlTemplate\":\"https:\\\/\\\/www.ufinet.com\\\/pt-br\\\/?s={search_term_string}\"},\"query-input\":{\"@type\":\"PropertyValueSpecification\",\"valueRequired\":true,\"valueName\":\"search_term_string\"}}],\"inLanguage\":\"pt-BR\"},{\"@type\":\"Organization\",\"@id\":\"https:\\\/\\\/www.ufinet.com\\\/pt-br\\\/#organization\",\"name\":\"Ufinet\",\"url\":\"https:\\\/\\\/www.ufinet.com\\\/pt-br\\\/\",\"logo\":{\"@type\":\"ImageObject\",\"inLanguage\":\"pt-BR\",\"@id\":\"https:\\\/\\\/www.ufinet.com\\\/pt-br\\\/#\\\/schema\\\/logo\\\/image\\\/\",\"url\":\"https:\\\/\\\/www.ufinet.com\\\/wp-content\\\/uploads\\\/2024\\\/06\\\/cropped-Recurso-1.png\",\"contentUrl\":\"https:\\\/\\\/www.ufinet.com\\\/wp-content\\\/uploads\\\/2024\\\/06\\\/cropped-Recurso-1.png\",\"width\":1654,\"height\":705,\"caption\":\"Ufinet\"},\"image\":{\"@id\":\"https:\\\/\\\/www.ufinet.com\\\/pt-br\\\/#\\\/schema\\\/logo\\\/image\\\/\"}},{\"@type\":\"Person\",\"@id\":\"https:\\\/\\\/www.ufinet.com\\\/pt-br\\\/#\\\/schema\\\/person\\\/19b7e96681bc1c0d4ca6b8d4d4ad07cd\",\"name\":\"wowlatammk.com\",\"image\":{\"@type\":\"ImageObject\",\"inLanguage\":\"pt-BR\",\"@id\":\"https:\\\/\\\/secure.gravatar.com\\\/avatar\\\/f73c2b6f2e8dbad969fd10342fe2028ced9bf45ec4f05b0acbf7a087f235cb64?s=96&d=mm&r=g\",\"url\":\"https:\\\/\\\/secure.gravatar.com\\\/avatar\\\/f73c2b6f2e8dbad969fd10342fe2028ced9bf45ec4f05b0acbf7a087f235cb64?s=96&d=mm&r=g\",\"contentUrl\":\"https:\\\/\\\/secure.gravatar.com\\\/avatar\\\/f73c2b6f2e8dbad969fd10342fe2028ced9bf45ec4f05b0acbf7a087f235cb64?s=96&d=mm&r=g\",\"caption\":\"wowlatammk.com\"},\"sameAs\":[\"http:\\\/\\\/wowlatammk.com\"],\"url\":\"https:\\\/\\\/www.ufinet.com\\\/pt-br\\\/author\\\/wowlatammk-com\\\/\"}]}<\/script>\n<!-- \/ Yoast SEO plugin. -->","yoast_head_json":{"title":"A UFINET oferece suporte tecnol\u00f3gico para pessoas com defici\u00eancia - Ufinet | A rede que conecta voc\u00ea \u00e0 Am\u00e9rica Latina","description":"O link foi instalado com sucesso apesar das condi\u00e7\u00f5es clim\u00e1ticas dif\u00edceis e do terreno \u00edngreme e quebrado de dif\u00edcil acesso.","robots":{"index":"index","follow":"follow","max-snippet":"max-snippet:-1","max-image-preview":"max-image-preview:large","max-video-preview":"max-video-preview:-1"},"canonical":"https:\/\/www.ufinet.com\/pt-br\/a-ufinet-oferece-suporte-tecnologico-para-pessoas-com-deficiencia\/","og_locale":"pt_BR","og_type":"article","og_title":"A UFINET oferece suporte tecnol\u00f3gico para pessoas com defici\u00eancia - Ufinet | A rede que conecta voc\u00ea \u00e0 Am\u00e9rica Latina","og_description":"O link foi instalado com sucesso apesar das condi\u00e7\u00f5es clim\u00e1ticas dif\u00edceis e do terreno \u00edngreme e quebrado de dif\u00edcil acesso.","og_url":"https:\/\/www.ufinet.com\/pt-br\/a-ufinet-oferece-suporte-tecnologico-para-pessoas-com-deficiencia\/","og_site_name":"Ufinet | A rede que conecta voc\u00ea \u00e0 Am\u00e9rica Latina","article_published_time":"2020-12-17T15:52:55+00:00","author":"wowlatammk.com","twitter_card":"summary_large_image","twitter_misc":{"Escrito por":"wowlatammk.com","Est. tempo de leitura":"1 minuto"},"schema":{"@context":"https:\/\/schema.org","@graph":[{"@type":"Article","@id":"https:\/\/www.ufinet.com\/pt-br\/a-ufinet-oferece-suporte-tecnologico-para-pessoas-com-deficiencia\/#article","isPartOf":{"@id":"https:\/\/www.ufinet.com\/pt-br\/a-ufinet-oferece-suporte-tecnologico-para-pessoas-com-deficiencia\/"},"author":{"name":"wowlatammk.com","@id":"https:\/\/www.ufinet.com\/pt-br\/#\/schema\/person\/19b7e96681bc1c0d4ca6b8d4d4ad07cd"},"headline":"A UFINET oferece suporte tecnol\u00f3gico para pessoas com defici\u00eancia","datePublished":"2020-12-17T15:52:55+00:00","mainEntityOfPage":{"@id":"https:\/\/www.ufinet.com\/pt-br\/a-ufinet-oferece-suporte-tecnologico-para-pessoas-com-deficiencia\/"},"wordCount":248,"publisher":{"@id":"https:\/\/www.ufinet.com\/pt-br\/#organization"},"articleSection":["not\u00edcias"],"inLanguage":"pt-BR"},{"@type":"WebPage","@id":"https:\/\/www.ufinet.com\/pt-br\/a-ufinet-oferece-suporte-tecnologico-para-pessoas-com-deficiencia\/","url":"https:\/\/www.ufinet.com\/pt-br\/a-ufinet-oferece-suporte-tecnologico-para-pessoas-com-deficiencia\/","name":"A UFINET oferece suporte tecnol\u00f3gico para pessoas com defici\u00eancia - Ufinet | A rede que conecta voc\u00ea \u00e0 Am\u00e9rica Latina","isPartOf":{"@id":"https:\/\/www.ufinet.com\/pt-br\/#website"},"datePublished":"2020-12-17T15:52:55+00:00","description":"O link foi instalado com sucesso apesar das condi\u00e7\u00f5es clim\u00e1ticas dif\u00edceis e do terreno \u00edngreme e quebrado de dif\u00edcil acesso.","breadcrumb":{"@id":"https:\/\/www.ufinet.com\/pt-br\/a-ufinet-oferece-suporte-tecnologico-para-pessoas-com-deficiencia\/#breadcrumb"},"inLanguage":"pt-BR","potentialAction":[{"@type":"ReadAction","target":["https:\/\/www.ufinet.com\/pt-br\/a-ufinet-oferece-suporte-tecnologico-para-pessoas-com-deficiencia\/"]}]},{"@type":"BreadcrumbList","@id":"https:\/\/www.ufinet.com\/pt-br\/a-ufinet-oferece-suporte-tecnologico-para-pessoas-com-deficiencia\/#breadcrumb","itemListElement":[{"@type":"ListItem","position":1,"name":"Home","item":"https:\/\/www.ufinet.com\/pt-br\/"},{"@type":"ListItem","position":2,"name":"A UFINET oferece suporte tecnol\u00f3gico para pessoas com defici\u00eancia"}]},{"@type":"WebSite","@id":"https:\/\/www.ufinet.com\/pt-br\/#website","url":"https:\/\/www.ufinet.com\/pt-br\/","name":"Ufinet","description":"Somos a \u00fanica operadora na Am\u00e9rica Latina que \u00e9 100% NEUTRA.","publisher":{"@id":"https:\/\/www.ufinet.com\/pt-br\/#organization"},"potentialAction":[{"@type":"SearchAction","target":{"@type":"EntryPoint","urlTemplate":"https:\/\/www.ufinet.com\/pt-br\/?s={search_term_string}"},"query-input":{"@type":"PropertyValueSpecification","valueRequired":true,"valueName":"search_term_string"}}],"inLanguage":"pt-BR"},{"@type":"Organization","@id":"https:\/\/www.ufinet.com\/pt-br\/#organization","name":"Ufinet","url":"https:\/\/www.ufinet.com\/pt-br\/","logo":{"@type":"ImageObject","inLanguage":"pt-BR","@id":"https:\/\/www.ufinet.com\/pt-br\/#\/schema\/logo\/image\/","url":"https:\/\/www.ufinet.com\/wp-content\/uploads\/2024\/06\/cropped-Recurso-1.png","contentUrl":"https:\/\/www.ufinet.com\/wp-content\/uploads\/2024\/06\/cropped-Recurso-1.png","width":1654,"height":705,"caption":"Ufinet"},"image":{"@id":"https:\/\/www.ufinet.com\/pt-br\/#\/schema\/logo\/image\/"}},{"@type":"Person","@id":"https:\/\/www.ufinet.com\/pt-br\/#\/schema\/person\/19b7e96681bc1c0d4ca6b8d4d4ad07cd","name":"wowlatammk.com","image":{"@type":"ImageObject","inLanguage":"pt-BR","@id":"https:\/\/secure.gravatar.com\/avatar\/f73c2b6f2e8dbad969fd10342fe2028ced9bf45ec4f05b0acbf7a087f235cb64?s=96&d=mm&r=g","url":"https:\/\/secure.gravatar.com\/avatar\/f73c2b6f2e8dbad969fd10342fe2028ced9bf45ec4f05b0acbf7a087f235cb64?s=96&d=mm&r=g","contentUrl":"https:\/\/secure.gravatar.com\/avatar\/f73c2b6f2e8dbad969fd10342fe2028ced9bf45ec4f05b0acbf7a087f235cb64?s=96&d=mm&r=g","caption":"wowlatammk.com"},"sameAs":["http:\/\/wowlatammk.com"],"url":"https:\/\/www.ufinet.com\/pt-br\/author\/wowlatammk-com\/"}]}},"rttpg_featured_image_url":null,"rttpg_author":{"display_name":"wowlatammk.com","author_link":"https:\/\/www.ufinet.com\/pt-br\/author\/wowlatammk-com\/"},"rttpg_comment":0,"rttpg_category":"<a href=\"https:\/\/www.ufinet.com\/pt-br\/category\/noticias\/\" rel=\"category tag\">not\u00edcias<\/a>","rttpg_excerpt":"A UFINET se une ao esfor\u00e7o do governo do Panam\u00e1 para fornecer suporte tecnol\u00f3gico a pessoas com defici\u00eancia Em 10 de dezembro, a UFINET instalou com sucesso, juntamente com a SENADIS (Secretaria Nacional de Defici\u00eancia), a AIG (Autoridade Nacional de Inova\u00e7\u00e3o Governamental) e o Representante de Cacao, uma Internet via sat\u00e9lite no Setor de Las&hellip;","_links":{"self":[{"href":"https:\/\/www.ufinet.com\/pt-br\/wp-json\/wp\/v2\/posts\/35680","targetHints":{"allow":["GET"]}}],"collection":[{"href":"https:\/\/www.ufinet.com\/pt-br\/wp-json\/wp\/v2\/posts"}],"about":[{"href":"https:\/\/www.ufinet.com\/pt-br\/wp-json\/wp\/v2\/types\/post"}],"author":[{"embeddable":true,"href":"https:\/\/www.ufinet.com\/pt-br\/wp-json\/wp\/v2\/users\/1"}],"replies":[{"embeddable":true,"href":"https:\/\/www.ufinet.com\/pt-br\/wp-json\/wp\/v2\/comments?post=35680"}],"version-history":[{"count":0,"href":"https:\/\/www.ufinet.com\/pt-br\/wp-json\/wp\/v2\/posts\/35680\/revisions"}],"wp:attachment":[{"href":"https:\/\/www.ufinet.com\/pt-br\/wp-json\/wp\/v2\/media?parent=35680"}],"wp:term":[{"taxonomy":"category","embeddable":true,"href":"https:\/\/www.ufinet.com\/pt-br\/wp-json\/wp\/v2\/categories?post=35680"},{"taxonomy":"post_tag","embeddable":true,"href":"https:\/\/www.ufinet.com\/pt-br\/wp-json\/wp\/v2\/tags?post=35680"}],"curies":[{"name":"wp","href":"https:\/\/api.w.org\/{rel}","templated":true}]}}