{"id":35673,"date":"2020-10-01T12:08:30","date_gmt":"2020-10-01T18:08:30","guid":{"rendered":"https:\/\/www.ufinet.com\/a-evolucao-das-telecomunicacoes-sem-fio-do-1g-ao-5g\/"},"modified":"2020-10-01T12:08:30","modified_gmt":"2020-10-01T18:08:30","slug":"a-evolucao-das-telecomunicacoes-sem-fio-do-1g-ao-5g","status":"publish","type":"post","link":"https:\/\/www.ufinet.com\/pt-br\/a-evolucao-das-telecomunicacoes-sem-fio-do-1g-ao-5g\/","title":{"rendered":"A evolu\u00e7\u00e3o das telecomunica\u00e7\u00f5es sem fio: do 1G ao 5G"},"content":{"rendered":"<h3><strong>A evolu\u00e7\u00e3o das telecomunica\u00e7\u00f5es sem fio<\/strong><\/h3>\n<p>Quer voc\u00ea tenha consci\u00eancia disso ou n\u00e3o, a realidade \u00e9 que dependemos e confiamos nas <a href=\"https:\/\/www.ufinet.com\/es\/our-network\/\">redes de fibra \u00f3ptica<\/a> todos os dias. E mesmo que n\u00e3o usemos <a href=\"https:\/\/www.ufinet.com\/es\/servicios\/internet\/\">a Internet de fibra \u00f3ptica<\/a> em casa, provavelmente a usamos na palma da m\u00e3o. Gra\u00e7as aos smartphones, podemos acessar a Web facilmente, mas percorremos um longo caminho desde o in\u00edcio.<br \/>\nVamos dar uma olhada mais de perto na evolu\u00e7\u00e3o das telecomunica\u00e7\u00f5es sem fio e em como os servi\u00e7os de fibra \u00f3ptica desempenham um papel t\u00e3o importante. <\/p>\n<h3><strong>A jornada do 1G para o 5G<\/strong><\/h3>\n<p>Primeiro, vamos analisar o significado de 1G, 2G, 3G, 4G e 5G e a jornada das tecnologias ao longo do tempo.<br \/>\nEssas s\u00e3o cinco gera\u00e7\u00f5es diferentes (da\u00ed o &#8220;G&#8221;) de redes m\u00f3veis.<br \/>\nAo contr\u00e1rio do que se possa pensar, as redes m\u00f3veis existem desde os anos 80, e a cada d\u00e9cada voc\u00ea v\u00ea o lan\u00e7amento de uma nova gera\u00e7\u00e3o.<br \/>\nUma &#8220;gera\u00e7\u00e3o&#8221; refere-se a um conjunto espec\u00edfico de padr\u00f5es estabelecidos para redes telef\u00f4nicas.<br \/>\nA cada gera\u00e7\u00e3o, a velocidade dessas redes aumenta.<br \/>\nNo in\u00edcio dos anos 80, o 1G come\u00e7ou a ganhar popularidade em todo o mundo.<br \/>\nDurante esse per\u00edodo, vimos a primeira rede celular comercial usando sinais anal\u00f3gicos.    <\/p>\n<p>  Embora inovadora, essa primeira gera\u00e7\u00e3o teve v\u00e1rios problemas. Em geral, os telefones tinham bateria e qualidade de voz ruins, e a queda constante de chamadas era a norma. Nessa \u00e9poca, os telefones tamb\u00e9m eram muito maiores, o que tornava a posse e o uso deles bastante desconfort\u00e1veis.<\/p>\n<p>No in\u00edcio da d\u00e9cada de 1990, o 2G estava come\u00e7ando a surgir. Essa segunda gera\u00e7\u00e3o usou sinais digitais em vez de anal\u00f3gicos e incluiu uma nova ferramenta digital para transmiss\u00e3o sem fio chamada <em>Global System for Mobile<\/em> (ou GSM), que foi aprimorada ao longo dos anos. O principal objetivo aqui era oferecer uma op\u00e7\u00e3o de comunica\u00e7\u00e3o mais confi\u00e1vel e segura. Durante esse per\u00edodo, foram introduzidos recursos como SMS, chamadas em confer\u00eancia, reten\u00e7\u00e3o de chamadas, roaming interno e outros, e, com velocidades de dados mais altas, o padr\u00e3o 2G p\u00f4de ser usado para enviar e receber mensagens de texto e e-mails.<\/p>\n<p>No in\u00edcio dos anos 2000, o 3G j\u00e1 estava em cena. Essa gera\u00e7\u00e3o \u00e9 aquela com a qual muitos de n\u00f3s nos familiarizamos pela primeira vez quando os telefones celulares foram disponibilizados para as massas. Com esse padr\u00e3o tecnol\u00f3gico, tarefas como download de v\u00eddeos, pesquisa na Internet, compartilhamento de fotos, chamadas de v\u00eddeo, jogos e participa\u00e7\u00e3o em plataformas de redes sociais tornaram-se poss\u00edveis. O objetivo da 3G era melhorar a capacidade de dados e os servi\u00e7os de transmiss\u00e3o de dados, mantendo os baixos custos e a capacidade de suportar uma ampla gama de aplicativos.<\/p>\n<p>No in\u00edcio de 2010, o 4G foi introduzido. Ao atualizar a tecnologia existente, o LTE (ou Long-Term Evolution) tornou-se padr\u00e3o durante essa gera\u00e7\u00e3o. Isso permitiu que os dispositivos tivessem taxas de dados mais altas e mais recursos para tarefas multim\u00eddia. Velocidades mais r\u00e1pidas s\u00e3o padr\u00e3o para esta gera\u00e7\u00e3o, juntamente com maior qualidade, seguran\u00e7a aprimorada e custos mais baixos.<\/p>\n<p>E agora temos a inclus\u00e3o das redes 5G. Essa gera\u00e7\u00e3o envolve o desenvolvimento de novos padr\u00f5es para dar suporte \u00e0 nossa crescente Internet das Coisas (IoT). \u00c9 importante ressaltar que as tecnologias equipadas com 5G t\u00eam o objetivo de acelerar ainda mais os dados, reduzindo a lat\u00eancia, melhorando a capacidade e a confiabilidade e mantendo a consist\u00eancia e o desempenho. Embora essa gera\u00e7\u00e3o seja relativamente nova, ela tem o objetivo de proporcionar uma experi\u00eancia mais unificada para todos.<\/p>\n<h3><strong>Como as redes de fibra \u00f3ptica causam impacto<\/strong><\/h3>\n<p>Com tudo isso em mente, perguntamo-nos como as redes de fibra \u00f3ptica entram nessa equa\u00e7\u00e3o. Nos \u00faltimos cinco anos, o setor de fabrica\u00e7\u00e3o de cabos de fibra \u00f3ptica cresceu incr\u00edveis 11,8%. Parte do motivo desse crescimento \u00e9 que agora temos uma demanda maior por redes de fibra \u00f3ptica para comunica\u00e7\u00f5es m\u00f3veis. Embora voc\u00ea possa presumir que usa redes sem fio com esses dispositivos m\u00f3veis, a realidade \u00e9 que as redes sem fio dependem de <a href=\"https:\/\/www.ufinet.com\/es\/\">fibra \u00f3ptica<\/a>. Para melhorar a capacidade da rede sem fio, voc\u00ea deve primeiro se concentrar na fibra. Voc\u00ea n\u00e3o pode aumentar a <a href=\"https:\/\/www.ufinet.com\/es\/servicios\/capacidad\/\">velocidade e a capacidade<\/a> das redes m\u00f3veis sem dar \u00e0 fibra o cr\u00e9dito que ela merece. Para ser franco, \u00e9 a fibra \u00f3ptica que d\u00e1 \u00e0s redes sem fio seu poder para come\u00e7ar.<\/p>\n<p>Depois de ler isso, e agora que voc\u00ea \u00e9 um especialista na evolu\u00e7\u00e3o das telecomunica\u00e7\u00f5es sem fio, talvez esteja ansioso para saber mais sobre o que uma rede de fibra \u00f3ptica pode fazer por voc\u00ea. Para obter mais informa\u00e7\u00f5es, <a href=\"https:\/\/www.ufinet.com\/es\/contacto\/\">entre em contato conosco<\/a> hoje mesmo.<\/p>\n","protected":false},"excerpt":{"rendered":"<p>A evolu\u00e7\u00e3o das telecomunica\u00e7\u00f5es sem fio Quer voc\u00ea tenha consci\u00eancia disso ou n\u00e3o, a realidade \u00e9 que dependemos e confiamos nas redes de fibra \u00f3ptica todos os dias. E mesmo que n\u00e3o usemos a Internet de fibra \u00f3ptica em casa, provavelmente a usamos na palma da m\u00e3o. Gra\u00e7as aos smartphones, podemos acessar a Web facilmente, [&hellip;]<\/p>\n","protected":false},"author":1,"featured_media":35111,"comment_status":"closed","ping_status":"open","sticky":false,"template":"","format":"standard","meta":{"site-sidebar-layout":"default","site-content-layout":"","ast-site-content-layout":"default","site-content-style":"default","site-sidebar-style":"default","ast-global-header-display":"","ast-banner-title-visibility":"","ast-main-header-display":"","ast-hfb-above-header-display":"","ast-hfb-below-header-display":"","ast-hfb-mobile-header-display":"","site-post-title":"","ast-breadcrumbs-content":"","ast-featured-img":"disabled","footer-sml-layout":"","ast-disable-related-posts":"","theme-transparent-header-meta":"","adv-header-id-meta":"","stick-header-meta":"","header-above-stick-meta":"","header-main-stick-meta":"","header-below-stick-meta":"","astra-migrate-meta-layouts":"default","ast-page-background-enabled":"default","ast-page-background-meta":{"desktop":{"background-color":"","background-image":"","background-repeat":"repeat","background-position":"center center","background-size":"auto","background-attachment":"scroll","background-type":"","background-media":"","overlay-type":"","overlay-color":"","overlay-opacity":"","overlay-gradient":""},"tablet":{"background-color":"","background-image":"","background-repeat":"repeat","background-position":"center center","background-size":"auto","background-attachment":"scroll","background-type":"","background-media":"","overlay-type":"","overlay-color":"","overlay-opacity":"","overlay-gradient":""},"mobile":{"background-color":"","background-image":"","background-repeat":"repeat","background-position":"center center","background-size":"auto","background-attachment":"scroll","background-type":"","background-media":"","overlay-type":"","overlay-color":"","overlay-opacity":"","overlay-gradient":""}},"ast-content-background-meta":{"desktop":{"background-color":"var(--ast-global-color-5)","background-image":"","background-repeat":"repeat","background-position":"center center","background-size":"auto","background-attachment":"scroll","background-type":"","background-media":"","overlay-type":"","overlay-color":"","overlay-opacity":"","overlay-gradient":""},"tablet":{"background-color":"var(--ast-global-color-5)","background-image":"","background-repeat":"repeat","background-position":"center center","background-size":"auto","background-attachment":"scroll","background-type":"","background-media":"","overlay-type":"","overlay-color":"","overlay-opacity":"","overlay-gradient":""},"mobile":{"background-color":"var(--ast-global-color-5)","background-image":"","background-repeat":"repeat","background-position":"center center","background-size":"auto","background-attachment":"scroll","background-type":"","background-media":"","overlay-type":"","overlay-color":"","overlay-opacity":"","overlay-gradient":""}},"footnotes":""},"categories":[113],"tags":[],"class_list":["post-35673","post","type-post","status-publish","format-standard","has-post-thumbnail","hentry","category-noticias"],"yoast_head":"<!-- This site is optimized with the Yoast SEO plugin v27.4 - https:\/\/yoast.com\/product\/yoast-seo-wordpress\/ -->\n<title>A evolu\u00e7\u00e3o das telecomunica\u00e7\u00f5es sem fio: do 1G ao 5G - Ufinet | A rede que conecta voc\u00ea \u00e0 Am\u00e9rica Latina<\/title>\n<meta name=\"description\" content=\"Vamos dar uma olhada mais de perto na evolu\u00e7\u00e3o das telecomunica\u00e7\u00f5es sem fio e em como os servi\u00e7os de fibra \u00f3ptica desempenham um papel t\u00e3o importante.\" \/>\n<meta name=\"robots\" content=\"index, follow, max-snippet:-1, max-image-preview:large, max-video-preview:-1\" \/>\n<link rel=\"canonical\" href=\"https:\/\/www.ufinet.com\/pt-br\/a-evolucao-das-telecomunicacoes-sem-fio-do-1g-ao-5g\/\" \/>\n<meta property=\"og:locale\" content=\"pt_BR\" \/>\n<meta property=\"og:type\" content=\"article\" \/>\n<meta property=\"og:title\" content=\"A evolu\u00e7\u00e3o das telecomunica\u00e7\u00f5es sem fio: do 1G ao 5G - Ufinet | A rede que conecta voc\u00ea \u00e0 Am\u00e9rica Latina\" \/>\n<meta property=\"og:description\" content=\"Vamos dar uma olhada mais de perto na evolu\u00e7\u00e3o das telecomunica\u00e7\u00f5es sem fio e em como os servi\u00e7os de fibra \u00f3ptica desempenham um papel t\u00e3o importante.\" \/>\n<meta property=\"og:url\" content=\"https:\/\/www.ufinet.com\/pt-br\/a-evolucao-das-telecomunicacoes-sem-fio-do-1g-ao-5g\/\" \/>\n<meta property=\"og:site_name\" content=\"Ufinet | A rede que conecta voc\u00ea \u00e0 Am\u00e9rica Latina\" \/>\n<meta property=\"article:published_time\" content=\"2020-10-01T18:08:30+00:00\" \/>\n<meta property=\"og:image\" content=\"https:\/\/www.ufinet.com\/wp-content\/uploads\/2020\/10\/My-Post-97.png\" \/>\n\t<meta property=\"og:image:width\" content=\"600\" \/>\n\t<meta property=\"og:image:height\" content=\"315\" \/>\n\t<meta property=\"og:image:type\" content=\"image\/png\" \/>\n<meta name=\"author\" content=\"wowlatammk.com\" \/>\n<meta name=\"twitter:card\" content=\"summary_large_image\" \/>\n<meta name=\"twitter:label1\" content=\"Escrito por\" \/>\n\t<meta name=\"twitter:data1\" content=\"wowlatammk.com\" \/>\n\t<meta name=\"twitter:label2\" content=\"Est. tempo de leitura\" \/>\n\t<meta name=\"twitter:data2\" content=\"4 minutos\" \/>\n<script type=\"application\/ld+json\" class=\"yoast-schema-graph\">{\"@context\":\"https:\\\/\\\/schema.org\",\"@graph\":[{\"@type\":\"Article\",\"@id\":\"https:\\\/\\\/www.ufinet.com\\\/pt-br\\\/a-evolucao-das-telecomunicacoes-sem-fio-do-1g-ao-5g\\\/#article\",\"isPartOf\":{\"@id\":\"https:\\\/\\\/www.ufinet.com\\\/pt-br\\\/a-evolucao-das-telecomunicacoes-sem-fio-do-1g-ao-5g\\\/\"},\"author\":{\"name\":\"wowlatammk.com\",\"@id\":\"https:\\\/\\\/www.ufinet.com\\\/pt-br\\\/#\\\/schema\\\/person\\\/19b7e96681bc1c0d4ca6b8d4d4ad07cd\"},\"headline\":\"A evolu\u00e7\u00e3o das telecomunica\u00e7\u00f5es sem fio: do 1G ao 5G\",\"datePublished\":\"2020-10-01T18:08:30+00:00\",\"mainEntityOfPage\":{\"@id\":\"https:\\\/\\\/www.ufinet.com\\\/pt-br\\\/a-evolucao-das-telecomunicacoes-sem-fio-do-1g-ao-5g\\\/\"},\"wordCount\":847,\"publisher\":{\"@id\":\"https:\\\/\\\/www.ufinet.com\\\/pt-br\\\/#organization\"},\"image\":{\"@id\":\"https:\\\/\\\/www.ufinet.com\\\/pt-br\\\/a-evolucao-das-telecomunicacoes-sem-fio-do-1g-ao-5g\\\/#primaryimage\"},\"thumbnailUrl\":\"https:\\\/\\\/www.ufinet.com\\\/wp-content\\\/uploads\\\/2020\\\/10\\\/My-Post-97.png\",\"articleSection\":[\"not\u00edcias\"],\"inLanguage\":\"pt-BR\"},{\"@type\":\"WebPage\",\"@id\":\"https:\\\/\\\/www.ufinet.com\\\/pt-br\\\/a-evolucao-das-telecomunicacoes-sem-fio-do-1g-ao-5g\\\/\",\"url\":\"https:\\\/\\\/www.ufinet.com\\\/pt-br\\\/a-evolucao-das-telecomunicacoes-sem-fio-do-1g-ao-5g\\\/\",\"name\":\"A evolu\u00e7\u00e3o das telecomunica\u00e7\u00f5es sem fio: do 1G ao 5G - Ufinet | A rede que conecta voc\u00ea \u00e0 Am\u00e9rica Latina\",\"isPartOf\":{\"@id\":\"https:\\\/\\\/www.ufinet.com\\\/pt-br\\\/#website\"},\"primaryImageOfPage\":{\"@id\":\"https:\\\/\\\/www.ufinet.com\\\/pt-br\\\/a-evolucao-das-telecomunicacoes-sem-fio-do-1g-ao-5g\\\/#primaryimage\"},\"image\":{\"@id\":\"https:\\\/\\\/www.ufinet.com\\\/pt-br\\\/a-evolucao-das-telecomunicacoes-sem-fio-do-1g-ao-5g\\\/#primaryimage\"},\"thumbnailUrl\":\"https:\\\/\\\/www.ufinet.com\\\/wp-content\\\/uploads\\\/2020\\\/10\\\/My-Post-97.png\",\"datePublished\":\"2020-10-01T18:08:30+00:00\",\"description\":\"Vamos dar uma olhada mais de perto na evolu\u00e7\u00e3o das telecomunica\u00e7\u00f5es sem fio e em como os servi\u00e7os de fibra \u00f3ptica desempenham um papel t\u00e3o importante.\",\"breadcrumb\":{\"@id\":\"https:\\\/\\\/www.ufinet.com\\\/pt-br\\\/a-evolucao-das-telecomunicacoes-sem-fio-do-1g-ao-5g\\\/#breadcrumb\"},\"inLanguage\":\"pt-BR\",\"potentialAction\":[{\"@type\":\"ReadAction\",\"target\":[\"https:\\\/\\\/www.ufinet.com\\\/pt-br\\\/a-evolucao-das-telecomunicacoes-sem-fio-do-1g-ao-5g\\\/\"]}]},{\"@type\":\"ImageObject\",\"inLanguage\":\"pt-BR\",\"@id\":\"https:\\\/\\\/www.ufinet.com\\\/pt-br\\\/a-evolucao-das-telecomunicacoes-sem-fio-do-1g-ao-5g\\\/#primaryimage\",\"url\":\"https:\\\/\\\/www.ufinet.com\\\/wp-content\\\/uploads\\\/2020\\\/10\\\/My-Post-97.png\",\"contentUrl\":\"https:\\\/\\\/www.ufinet.com\\\/wp-content\\\/uploads\\\/2020\\\/10\\\/My-Post-97.png\",\"width\":600,\"height\":315,\"caption\":\"Wireless telecommunication\"},{\"@type\":\"BreadcrumbList\",\"@id\":\"https:\\\/\\\/www.ufinet.com\\\/pt-br\\\/a-evolucao-das-telecomunicacoes-sem-fio-do-1g-ao-5g\\\/#breadcrumb\",\"itemListElement\":[{\"@type\":\"ListItem\",\"position\":1,\"name\":\"Home\",\"item\":\"https:\\\/\\\/www.ufinet.com\\\/pt-br\\\/\"},{\"@type\":\"ListItem\",\"position\":2,\"name\":\"A evolu\u00e7\u00e3o das telecomunica\u00e7\u00f5es sem fio: do 1G ao 5G\"}]},{\"@type\":\"WebSite\",\"@id\":\"https:\\\/\\\/www.ufinet.com\\\/pt-br\\\/#website\",\"url\":\"https:\\\/\\\/www.ufinet.com\\\/pt-br\\\/\",\"name\":\"Ufinet\",\"description\":\"Somos a \u00fanica operadora na Am\u00e9rica Latina que \u00e9 100% NEUTRA.\",\"publisher\":{\"@id\":\"https:\\\/\\\/www.ufinet.com\\\/pt-br\\\/#organization\"},\"potentialAction\":[{\"@type\":\"SearchAction\",\"target\":{\"@type\":\"EntryPoint\",\"urlTemplate\":\"https:\\\/\\\/www.ufinet.com\\\/pt-br\\\/?s={search_term_string}\"},\"query-input\":{\"@type\":\"PropertyValueSpecification\",\"valueRequired\":true,\"valueName\":\"search_term_string\"}}],\"inLanguage\":\"pt-BR\"},{\"@type\":\"Organization\",\"@id\":\"https:\\\/\\\/www.ufinet.com\\\/pt-br\\\/#organization\",\"name\":\"Ufinet\",\"url\":\"https:\\\/\\\/www.ufinet.com\\\/pt-br\\\/\",\"logo\":{\"@type\":\"ImageObject\",\"inLanguage\":\"pt-BR\",\"@id\":\"https:\\\/\\\/www.ufinet.com\\\/pt-br\\\/#\\\/schema\\\/logo\\\/image\\\/\",\"url\":\"https:\\\/\\\/www.ufinet.com\\\/wp-content\\\/uploads\\\/2024\\\/06\\\/cropped-Recurso-1.png\",\"contentUrl\":\"https:\\\/\\\/www.ufinet.com\\\/wp-content\\\/uploads\\\/2024\\\/06\\\/cropped-Recurso-1.png\",\"width\":1654,\"height\":705,\"caption\":\"Ufinet\"},\"image\":{\"@id\":\"https:\\\/\\\/www.ufinet.com\\\/pt-br\\\/#\\\/schema\\\/logo\\\/image\\\/\"}},{\"@type\":\"Person\",\"@id\":\"https:\\\/\\\/www.ufinet.com\\\/pt-br\\\/#\\\/schema\\\/person\\\/19b7e96681bc1c0d4ca6b8d4d4ad07cd\",\"name\":\"wowlatammk.com\",\"image\":{\"@type\":\"ImageObject\",\"inLanguage\":\"pt-BR\",\"@id\":\"https:\\\/\\\/secure.gravatar.com\\\/avatar\\\/f73c2b6f2e8dbad969fd10342fe2028ced9bf45ec4f05b0acbf7a087f235cb64?s=96&d=mm&r=g\",\"url\":\"https:\\\/\\\/secure.gravatar.com\\\/avatar\\\/f73c2b6f2e8dbad969fd10342fe2028ced9bf45ec4f05b0acbf7a087f235cb64?s=96&d=mm&r=g\",\"contentUrl\":\"https:\\\/\\\/secure.gravatar.com\\\/avatar\\\/f73c2b6f2e8dbad969fd10342fe2028ced9bf45ec4f05b0acbf7a087f235cb64?s=96&d=mm&r=g\",\"caption\":\"wowlatammk.com\"},\"sameAs\":[\"http:\\\/\\\/wowlatammk.com\"],\"url\":\"https:\\\/\\\/www.ufinet.com\\\/pt-br\\\/author\\\/wowlatammk-com\\\/\"}]}<\/script>\n<!-- \/ Yoast SEO plugin. -->","yoast_head_json":{"title":"A evolu\u00e7\u00e3o das telecomunica\u00e7\u00f5es sem fio: do 1G ao 5G - Ufinet | A rede que conecta voc\u00ea \u00e0 Am\u00e9rica Latina","description":"Vamos dar uma olhada mais de perto na evolu\u00e7\u00e3o das telecomunica\u00e7\u00f5es sem fio e em como os servi\u00e7os de fibra \u00f3ptica desempenham um papel t\u00e3o importante.","robots":{"index":"index","follow":"follow","max-snippet":"max-snippet:-1","max-image-preview":"max-image-preview:large","max-video-preview":"max-video-preview:-1"},"canonical":"https:\/\/www.ufinet.com\/pt-br\/a-evolucao-das-telecomunicacoes-sem-fio-do-1g-ao-5g\/","og_locale":"pt_BR","og_type":"article","og_title":"A evolu\u00e7\u00e3o das telecomunica\u00e7\u00f5es sem fio: do 1G ao 5G - Ufinet | A rede que conecta voc\u00ea \u00e0 Am\u00e9rica Latina","og_description":"Vamos dar uma olhada mais de perto na evolu\u00e7\u00e3o das telecomunica\u00e7\u00f5es sem fio e em como os servi\u00e7os de fibra \u00f3ptica desempenham um papel t\u00e3o importante.","og_url":"https:\/\/www.ufinet.com\/pt-br\/a-evolucao-das-telecomunicacoes-sem-fio-do-1g-ao-5g\/","og_site_name":"Ufinet | A rede que conecta voc\u00ea \u00e0 Am\u00e9rica Latina","article_published_time":"2020-10-01T18:08:30+00:00","og_image":[{"width":600,"height":315,"url":"https:\/\/www.ufinet.com\/wp-content\/uploads\/2020\/10\/My-Post-97.png","type":"image\/png"}],"author":"wowlatammk.com","twitter_card":"summary_large_image","twitter_misc":{"Escrito por":"wowlatammk.com","Est. tempo de leitura":"4 minutos"},"schema":{"@context":"https:\/\/schema.org","@graph":[{"@type":"Article","@id":"https:\/\/www.ufinet.com\/pt-br\/a-evolucao-das-telecomunicacoes-sem-fio-do-1g-ao-5g\/#article","isPartOf":{"@id":"https:\/\/www.ufinet.com\/pt-br\/a-evolucao-das-telecomunicacoes-sem-fio-do-1g-ao-5g\/"},"author":{"name":"wowlatammk.com","@id":"https:\/\/www.ufinet.com\/pt-br\/#\/schema\/person\/19b7e96681bc1c0d4ca6b8d4d4ad07cd"},"headline":"A evolu\u00e7\u00e3o das telecomunica\u00e7\u00f5es sem fio: do 1G ao 5G","datePublished":"2020-10-01T18:08:30+00:00","mainEntityOfPage":{"@id":"https:\/\/www.ufinet.com\/pt-br\/a-evolucao-das-telecomunicacoes-sem-fio-do-1g-ao-5g\/"},"wordCount":847,"publisher":{"@id":"https:\/\/www.ufinet.com\/pt-br\/#organization"},"image":{"@id":"https:\/\/www.ufinet.com\/pt-br\/a-evolucao-das-telecomunicacoes-sem-fio-do-1g-ao-5g\/#primaryimage"},"thumbnailUrl":"https:\/\/www.ufinet.com\/wp-content\/uploads\/2020\/10\/My-Post-97.png","articleSection":["not\u00edcias"],"inLanguage":"pt-BR"},{"@type":"WebPage","@id":"https:\/\/www.ufinet.com\/pt-br\/a-evolucao-das-telecomunicacoes-sem-fio-do-1g-ao-5g\/","url":"https:\/\/www.ufinet.com\/pt-br\/a-evolucao-das-telecomunicacoes-sem-fio-do-1g-ao-5g\/","name":"A evolu\u00e7\u00e3o das telecomunica\u00e7\u00f5es sem fio: do 1G ao 5G - Ufinet | A rede que conecta voc\u00ea \u00e0 Am\u00e9rica Latina","isPartOf":{"@id":"https:\/\/www.ufinet.com\/pt-br\/#website"},"primaryImageOfPage":{"@id":"https:\/\/www.ufinet.com\/pt-br\/a-evolucao-das-telecomunicacoes-sem-fio-do-1g-ao-5g\/#primaryimage"},"image":{"@id":"https:\/\/www.ufinet.com\/pt-br\/a-evolucao-das-telecomunicacoes-sem-fio-do-1g-ao-5g\/#primaryimage"},"thumbnailUrl":"https:\/\/www.ufinet.com\/wp-content\/uploads\/2020\/10\/My-Post-97.png","datePublished":"2020-10-01T18:08:30+00:00","description":"Vamos dar uma olhada mais de perto na evolu\u00e7\u00e3o das telecomunica\u00e7\u00f5es sem fio e em como os servi\u00e7os de fibra \u00f3ptica desempenham um papel t\u00e3o importante.","breadcrumb":{"@id":"https:\/\/www.ufinet.com\/pt-br\/a-evolucao-das-telecomunicacoes-sem-fio-do-1g-ao-5g\/#breadcrumb"},"inLanguage":"pt-BR","potentialAction":[{"@type":"ReadAction","target":["https:\/\/www.ufinet.com\/pt-br\/a-evolucao-das-telecomunicacoes-sem-fio-do-1g-ao-5g\/"]}]},{"@type":"ImageObject","inLanguage":"pt-BR","@id":"https:\/\/www.ufinet.com\/pt-br\/a-evolucao-das-telecomunicacoes-sem-fio-do-1g-ao-5g\/#primaryimage","url":"https:\/\/www.ufinet.com\/wp-content\/uploads\/2020\/10\/My-Post-97.png","contentUrl":"https:\/\/www.ufinet.com\/wp-content\/uploads\/2020\/10\/My-Post-97.png","width":600,"height":315,"caption":"Wireless telecommunication"},{"@type":"BreadcrumbList","@id":"https:\/\/www.ufinet.com\/pt-br\/a-evolucao-das-telecomunicacoes-sem-fio-do-1g-ao-5g\/#breadcrumb","itemListElement":[{"@type":"ListItem","position":1,"name":"Home","item":"https:\/\/www.ufinet.com\/pt-br\/"},{"@type":"ListItem","position":2,"name":"A evolu\u00e7\u00e3o das telecomunica\u00e7\u00f5es sem fio: do 1G ao 5G"}]},{"@type":"WebSite","@id":"https:\/\/www.ufinet.com\/pt-br\/#website","url":"https:\/\/www.ufinet.com\/pt-br\/","name":"Ufinet","description":"Somos a \u00fanica operadora na Am\u00e9rica Latina que \u00e9 100% NEUTRA.","publisher":{"@id":"https:\/\/www.ufinet.com\/pt-br\/#organization"},"potentialAction":[{"@type":"SearchAction","target":{"@type":"EntryPoint","urlTemplate":"https:\/\/www.ufinet.com\/pt-br\/?s={search_term_string}"},"query-input":{"@type":"PropertyValueSpecification","valueRequired":true,"valueName":"search_term_string"}}],"inLanguage":"pt-BR"},{"@type":"Organization","@id":"https:\/\/www.ufinet.com\/pt-br\/#organization","name":"Ufinet","url":"https:\/\/www.ufinet.com\/pt-br\/","logo":{"@type":"ImageObject","inLanguage":"pt-BR","@id":"https:\/\/www.ufinet.com\/pt-br\/#\/schema\/logo\/image\/","url":"https:\/\/www.ufinet.com\/wp-content\/uploads\/2024\/06\/cropped-Recurso-1.png","contentUrl":"https:\/\/www.ufinet.com\/wp-content\/uploads\/2024\/06\/cropped-Recurso-1.png","width":1654,"height":705,"caption":"Ufinet"},"image":{"@id":"https:\/\/www.ufinet.com\/pt-br\/#\/schema\/logo\/image\/"}},{"@type":"Person","@id":"https:\/\/www.ufinet.com\/pt-br\/#\/schema\/person\/19b7e96681bc1c0d4ca6b8d4d4ad07cd","name":"wowlatammk.com","image":{"@type":"ImageObject","inLanguage":"pt-BR","@id":"https:\/\/secure.gravatar.com\/avatar\/f73c2b6f2e8dbad969fd10342fe2028ced9bf45ec4f05b0acbf7a087f235cb64?s=96&d=mm&r=g","url":"https:\/\/secure.gravatar.com\/avatar\/f73c2b6f2e8dbad969fd10342fe2028ced9bf45ec4f05b0acbf7a087f235cb64?s=96&d=mm&r=g","contentUrl":"https:\/\/secure.gravatar.com\/avatar\/f73c2b6f2e8dbad969fd10342fe2028ced9bf45ec4f05b0acbf7a087f235cb64?s=96&d=mm&r=g","caption":"wowlatammk.com"},"sameAs":["http:\/\/wowlatammk.com"],"url":"https:\/\/www.ufinet.com\/pt-br\/author\/wowlatammk-com\/"}]}},"rttpg_featured_image_url":{"full":["https:\/\/www.ufinet.com\/wp-content\/uploads\/2020\/10\/My-Post-97.png",600,315,false],"landscape":["https:\/\/www.ufinet.com\/wp-content\/uploads\/2020\/10\/My-Post-97.png",600,315,false],"portraits":["https:\/\/www.ufinet.com\/wp-content\/uploads\/2020\/10\/My-Post-97.png",600,315,false],"thumbnail":["https:\/\/www.ufinet.com\/wp-content\/uploads\/2020\/10\/My-Post-97-150x150.png",150,150,true],"medium":["https:\/\/www.ufinet.com\/wp-content\/uploads\/2020\/10\/My-Post-97-300x158.png",300,158,true],"large":["https:\/\/www.ufinet.com\/wp-content\/uploads\/2020\/10\/My-Post-97.png",600,315,false],"1536x1536":["https:\/\/www.ufinet.com\/wp-content\/uploads\/2020\/10\/My-Post-97.png",600,315,false],"2048x2048":["https:\/\/www.ufinet.com\/wp-content\/uploads\/2020\/10\/My-Post-97.png",600,315,false],"htliser_size_396x360":["https:\/\/www.ufinet.com\/wp-content\/uploads\/2020\/10\/My-Post-97-396x315.png",396,315,true],"htslider_size_1170x536":["https:\/\/www.ufinet.com\/wp-content\/uploads\/2020\/10\/My-Post-97.png",600,315,false]},"rttpg_author":{"display_name":"wowlatammk.com","author_link":"https:\/\/www.ufinet.com\/pt-br\/author\/wowlatammk-com\/"},"rttpg_comment":0,"rttpg_category":"<a href=\"https:\/\/www.ufinet.com\/pt-br\/category\/noticias\/\" rel=\"category tag\">not\u00edcias<\/a>","rttpg_excerpt":"A evolu\u00e7\u00e3o das telecomunica\u00e7\u00f5es sem fio Quer voc\u00ea tenha consci\u00eancia disso ou n\u00e3o, a realidade \u00e9 que dependemos e confiamos nas redes de fibra \u00f3ptica todos os dias. E mesmo que n\u00e3o usemos a Internet de fibra \u00f3ptica em casa, provavelmente a usamos na palma da m\u00e3o. Gra\u00e7as aos smartphones, podemos acessar a Web facilmente,&hellip;","_links":{"self":[{"href":"https:\/\/www.ufinet.com\/pt-br\/wp-json\/wp\/v2\/posts\/35673","targetHints":{"allow":["GET"]}}],"collection":[{"href":"https:\/\/www.ufinet.com\/pt-br\/wp-json\/wp\/v2\/posts"}],"about":[{"href":"https:\/\/www.ufinet.com\/pt-br\/wp-json\/wp\/v2\/types\/post"}],"author":[{"embeddable":true,"href":"https:\/\/www.ufinet.com\/pt-br\/wp-json\/wp\/v2\/users\/1"}],"replies":[{"embeddable":true,"href":"https:\/\/www.ufinet.com\/pt-br\/wp-json\/wp\/v2\/comments?post=35673"}],"version-history":[{"count":0,"href":"https:\/\/www.ufinet.com\/pt-br\/wp-json\/wp\/v2\/posts\/35673\/revisions"}],"wp:featuredmedia":[{"embeddable":true,"href":"https:\/\/www.ufinet.com\/pt-br\/wp-json\/wp\/v2\/media\/35111"}],"wp:attachment":[{"href":"https:\/\/www.ufinet.com\/pt-br\/wp-json\/wp\/v2\/media?parent=35673"}],"wp:term":[{"taxonomy":"category","embeddable":true,"href":"https:\/\/www.ufinet.com\/pt-br\/wp-json\/wp\/v2\/categories?post=35673"},{"taxonomy":"post_tag","embeddable":true,"href":"https:\/\/www.ufinet.com\/pt-br\/wp-json\/wp\/v2\/tags?post=35673"}],"curies":[{"name":"wp","href":"https:\/\/api.w.org\/{rel}","templated":true}]}}