{"id":35608,"date":"2019-11-11T17:13:07","date_gmt":"2019-11-11T23:13:07","guid":{"rendered":"https:\/\/www.ufinet.com\/ufinet-presente-lacnic-32-e-lacnog-2019\/"},"modified":"2019-11-11T17:13:07","modified_gmt":"2019-11-11T23:13:07","slug":"ufinet-presente-lacnic-32-e-lacnog-2019","status":"publish","type":"post","link":"https:\/\/www.ufinet.com\/pt-br\/ufinet-presente-lacnic-32-e-lacnog-2019\/","title":{"rendered":"UFINET presente @ LACNIC 32 e LACNOG 2019"},"content":{"rendered":"<p>A Ufinet participou desse evento na Cidade do Panam\u00e1, no Hard Rock Hotel Megapolis Center, de 7 a 11 de outubro de 2019. Nosso CCO, Alejandro Coyoy, apresentou uma hist\u00f3ria de sucesso empresarial sobre<strong>&#8220;Conectando os desconectados<\/strong>&#8220;.<\/p>\n<p>Esse evento bianual re\u00fane a comunidade da Internet da Am\u00e9rica Latina e do Caribe. Organizado pelo Registro de Endere\u00e7amento da Internet para a Am\u00e9rica Latina e o Caribe (LACNIC), o evento ocorre simultaneamente \u00e0 reuni\u00e3o anual do F\u00f3rum de Operadores de Redes da Am\u00e9rica Latina e do Caribe (LACNOG) no Hard Rock Hotel Panam\u00e1, de segunda-feira (7) a sexta-feira (11) de outubro de 2019.<\/p>\n<p>Durante o evento, foram discutidos temas como a evolu\u00e7\u00e3o da Internet, incidentes de seguran\u00e7a, implementa\u00e7\u00e3o do IPv6, roteamento, tecnologias para pequenos ISPs, entre outros. Al\u00e9m disso, foi realizado o F\u00f3rum de Pol\u00edticas P\u00fablicas, um espa\u00e7o no qual s\u00e3o avaliadas propostas sobre a administra\u00e7\u00e3o dos recursos da Internet na regi\u00e3o.<\/p>\n<p>Para obter mais informa\u00e7\u00f5es, acesse: <a href=\"https:\/\/www.lacnic.net\/lacnic32\">https:\/\/www.lacnic.net\/lacnic32<\/a><\/p>\n","protected":false},"excerpt":{"rendered":"<p>A Ufinet participou desse evento na Cidade do Panam\u00e1, no Hard Rock Hotel Megapolis Center, de 7 a 11 de outubro de 2019. Nosso CCO, Alejandro Coyoy, apresentou uma hist\u00f3ria de sucesso empresarial sobre&#8220;Conectando os desconectados&#8220;. Esse evento bianual re\u00fane a comunidade da Internet da Am\u00e9rica Latina e do Caribe. Organizado pelo Registro de Endere\u00e7amento [&hellip;]<\/p>\n","protected":false},"author":1,"featured_media":35354,"comment_status":"closed","ping_status":"open","sticky":false,"template":"","format":"standard","meta":{"site-sidebar-layout":"default","site-content-layout":"","ast-site-content-layout":"default","site-content-style":"default","site-sidebar-style":"default","ast-global-header-display":"","ast-banner-title-visibility":"","ast-main-header-display":"","ast-hfb-above-header-display":"","ast-hfb-below-header-display":"","ast-hfb-mobile-header-display":"","site-post-title":"","ast-breadcrumbs-content":"","ast-featured-img":"disabled","footer-sml-layout":"","ast-disable-related-posts":"","theme-transparent-header-meta":"","adv-header-id-meta":"","stick-header-meta":"","header-above-stick-meta":"","header-main-stick-meta":"","header-below-stick-meta":"","astra-migrate-meta-layouts":"default","ast-page-background-enabled":"default","ast-page-background-meta":{"desktop":{"background-color":"","background-image":"","background-repeat":"repeat","background-position":"center center","background-size":"auto","background-attachment":"scroll","background-type":"","background-media":"","overlay-type":"","overlay-color":"","overlay-opacity":"","overlay-gradient":""},"tablet":{"background-color":"","background-image":"","background-repeat":"repeat","background-position":"center center","background-size":"auto","background-attachment":"scroll","background-type":"","background-media":"","overlay-type":"","overlay-color":"","overlay-opacity":"","overlay-gradient":""},"mobile":{"background-color":"","background-image":"","background-repeat":"repeat","background-position":"center center","background-size":"auto","background-attachment":"scroll","background-type":"","background-media":"","overlay-type":"","overlay-color":"","overlay-opacity":"","overlay-gradient":""}},"ast-content-background-meta":{"desktop":{"background-color":"var(--ast-global-color-5)","background-image":"","background-repeat":"repeat","background-position":"center center","background-size":"auto","background-attachment":"scroll","background-type":"","background-media":"","overlay-type":"","overlay-color":"","overlay-opacity":"","overlay-gradient":""},"tablet":{"background-color":"var(--ast-global-color-5)","background-image":"","background-repeat":"repeat","background-position":"center center","background-size":"auto","background-attachment":"scroll","background-type":"","background-media":"","overlay-type":"","overlay-color":"","overlay-opacity":"","overlay-gradient":""},"mobile":{"background-color":"var(--ast-global-color-5)","background-image":"","background-repeat":"repeat","background-position":"center center","background-size":"auto","background-attachment":"scroll","background-type":"","background-media":"","overlay-type":"","overlay-color":"","overlay-opacity":"","overlay-gradient":""}},"footnotes":""},"categories":[113],"tags":[],"class_list":["post-35608","post","type-post","status-publish","format-standard","has-post-thumbnail","hentry","category-noticias"],"yoast_head":"<!-- This site is optimized with the Yoast SEO plugin v27.4 - https:\/\/yoast.com\/product\/yoast-seo-wordpress\/ -->\n<title>UFINET presente @ LACNIC 32 e LACNOG 2019 - Ufinet | A rede que conecta voc\u00ea \u00e0 Am\u00e9rica Latina<\/title>\n<meta name=\"description\" content=\"A Ufinet participou desse evento na Cidade do Panam\u00e1, no Hard Rock Hotel Megapolis Center, de 7 a 11 de outubro de 2019. Nosso CCO, Alejandro Coyoy, apresentou uma hist\u00f3ria de sucesso empresarial sobre &quot;Conectando os desconectados&quot;.\" \/>\n<meta name=\"robots\" content=\"index, follow, max-snippet:-1, max-image-preview:large, max-video-preview:-1\" \/>\n<link rel=\"canonical\" href=\"https:\/\/www.ufinet.com\/pt-br\/ufinet-presente-lacnic-32-e-lacnog-2019\/\" \/>\n<meta property=\"og:locale\" content=\"pt_BR\" \/>\n<meta property=\"og:type\" content=\"article\" \/>\n<meta property=\"og:title\" content=\"UFINET presente @ LACNIC 32 e LACNOG 2019 - Ufinet | A rede que conecta voc\u00ea \u00e0 Am\u00e9rica Latina\" \/>\n<meta property=\"og:description\" content=\"A Ufinet participou desse evento na Cidade do Panam\u00e1, no Hard Rock Hotel Megapolis Center, de 7 a 11 de outubro de 2019. Nosso CCO, Alejandro Coyoy, apresentou uma hist\u00f3ria de sucesso empresarial sobre &quot;Conectando os desconectados&quot;.\" \/>\n<meta property=\"og:url\" content=\"https:\/\/www.ufinet.com\/pt-br\/ufinet-presente-lacnic-32-e-lacnog-2019\/\" \/>\n<meta property=\"og:site_name\" content=\"Ufinet | A rede que conecta voc\u00ea \u00e0 Am\u00e9rica Latina\" \/>\n<meta property=\"article:published_time\" content=\"2019-11-11T23:13:07+00:00\" \/>\n<meta property=\"og:image\" content=\"https:\/\/www.ufinet.com\/wp-content\/uploads\/2019\/11\/Ufinet-team-LACNIC-32-2019.jpg\" \/>\n\t<meta property=\"og:image:width\" content=\"848\" \/>\n\t<meta property=\"og:image:height\" content=\"540\" \/>\n\t<meta property=\"og:image:type\" content=\"image\/jpeg\" \/>\n<meta name=\"author\" content=\"wowlatammk.com\" \/>\n<meta name=\"twitter:card\" content=\"summary_large_image\" \/>\n<meta name=\"twitter:label1\" content=\"Escrito por\" \/>\n\t<meta name=\"twitter:data1\" content=\"wowlatammk.com\" \/>\n\t<meta name=\"twitter:label2\" content=\"Est. tempo de leitura\" \/>\n\t<meta name=\"twitter:data2\" content=\"1 minuto\" \/>\n<script type=\"application\/ld+json\" class=\"yoast-schema-graph\">{\"@context\":\"https:\\\/\\\/schema.org\",\"@graph\":[{\"@type\":\"Article\",\"@id\":\"https:\\\/\\\/www.ufinet.com\\\/pt-br\\\/ufinet-presente-lacnic-32-e-lacnog-2019\\\/#article\",\"isPartOf\":{\"@id\":\"https:\\\/\\\/www.ufinet.com\\\/pt-br\\\/ufinet-presente-lacnic-32-e-lacnog-2019\\\/\"},\"author\":{\"name\":\"wowlatammk.com\",\"@id\":\"https:\\\/\\\/www.ufinet.com\\\/pt-br\\\/#\\\/schema\\\/person\\\/19b7e96681bc1c0d4ca6b8d4d4ad07cd\"},\"headline\":\"UFINET presente @ LACNIC 32 e LACNOG 2019\",\"datePublished\":\"2019-11-11T23:13:07+00:00\",\"mainEntityOfPage\":{\"@id\":\"https:\\\/\\\/www.ufinet.com\\\/pt-br\\\/ufinet-presente-lacnic-32-e-lacnog-2019\\\/\"},\"wordCount\":178,\"publisher\":{\"@id\":\"https:\\\/\\\/www.ufinet.com\\\/pt-br\\\/#organization\"},\"image\":{\"@id\":\"https:\\\/\\\/www.ufinet.com\\\/pt-br\\\/ufinet-presente-lacnic-32-e-lacnog-2019\\\/#primaryimage\"},\"thumbnailUrl\":\"https:\\\/\\\/www.ufinet.com\\\/wp-content\\\/uploads\\\/2019\\\/11\\\/Ufinet-team-LACNIC-32-2019.jpg\",\"articleSection\":[\"not\u00edcias\"],\"inLanguage\":\"pt-BR\"},{\"@type\":\"WebPage\",\"@id\":\"https:\\\/\\\/www.ufinet.com\\\/pt-br\\\/ufinet-presente-lacnic-32-e-lacnog-2019\\\/\",\"url\":\"https:\\\/\\\/www.ufinet.com\\\/pt-br\\\/ufinet-presente-lacnic-32-e-lacnog-2019\\\/\",\"name\":\"UFINET presente @ LACNIC 32 e LACNOG 2019 - Ufinet | A rede que conecta voc\u00ea \u00e0 Am\u00e9rica Latina\",\"isPartOf\":{\"@id\":\"https:\\\/\\\/www.ufinet.com\\\/pt-br\\\/#website\"},\"primaryImageOfPage\":{\"@id\":\"https:\\\/\\\/www.ufinet.com\\\/pt-br\\\/ufinet-presente-lacnic-32-e-lacnog-2019\\\/#primaryimage\"},\"image\":{\"@id\":\"https:\\\/\\\/www.ufinet.com\\\/pt-br\\\/ufinet-presente-lacnic-32-e-lacnog-2019\\\/#primaryimage\"},\"thumbnailUrl\":\"https:\\\/\\\/www.ufinet.com\\\/wp-content\\\/uploads\\\/2019\\\/11\\\/Ufinet-team-LACNIC-32-2019.jpg\",\"datePublished\":\"2019-11-11T23:13:07+00:00\",\"description\":\"A Ufinet participou desse evento na Cidade do Panam\u00e1, no Hard Rock Hotel Megapolis Center, de 7 a 11 de outubro de 2019. Nosso CCO, Alejandro Coyoy, apresentou uma hist\u00f3ria de sucesso empresarial sobre \\\"Conectando os desconectados\\\".\",\"breadcrumb\":{\"@id\":\"https:\\\/\\\/www.ufinet.com\\\/pt-br\\\/ufinet-presente-lacnic-32-e-lacnog-2019\\\/#breadcrumb\"},\"inLanguage\":\"pt-BR\",\"potentialAction\":[{\"@type\":\"ReadAction\",\"target\":[\"https:\\\/\\\/www.ufinet.com\\\/pt-br\\\/ufinet-presente-lacnic-32-e-lacnog-2019\\\/\"]}]},{\"@type\":\"ImageObject\",\"inLanguage\":\"pt-BR\",\"@id\":\"https:\\\/\\\/www.ufinet.com\\\/pt-br\\\/ufinet-presente-lacnic-32-e-lacnog-2019\\\/#primaryimage\",\"url\":\"https:\\\/\\\/www.ufinet.com\\\/wp-content\\\/uploads\\\/2019\\\/11\\\/Ufinet-team-LACNIC-32-2019.jpg\",\"contentUrl\":\"https:\\\/\\\/www.ufinet.com\\\/wp-content\\\/uploads\\\/2019\\\/11\\\/Ufinet-team-LACNIC-32-2019.jpg\",\"width\":848,\"height\":540},{\"@type\":\"BreadcrumbList\",\"@id\":\"https:\\\/\\\/www.ufinet.com\\\/pt-br\\\/ufinet-presente-lacnic-32-e-lacnog-2019\\\/#breadcrumb\",\"itemListElement\":[{\"@type\":\"ListItem\",\"position\":1,\"name\":\"Home\",\"item\":\"https:\\\/\\\/www.ufinet.com\\\/pt-br\\\/\"},{\"@type\":\"ListItem\",\"position\":2,\"name\":\"UFINET presente @ LACNIC 32 e LACNOG 2019\"}]},{\"@type\":\"WebSite\",\"@id\":\"https:\\\/\\\/www.ufinet.com\\\/pt-br\\\/#website\",\"url\":\"https:\\\/\\\/www.ufinet.com\\\/pt-br\\\/\",\"name\":\"Ufinet\",\"description\":\"Somos a \u00fanica operadora na Am\u00e9rica Latina que \u00e9 100% NEUTRA.\",\"publisher\":{\"@id\":\"https:\\\/\\\/www.ufinet.com\\\/pt-br\\\/#organization\"},\"potentialAction\":[{\"@type\":\"SearchAction\",\"target\":{\"@type\":\"EntryPoint\",\"urlTemplate\":\"https:\\\/\\\/www.ufinet.com\\\/pt-br\\\/?s={search_term_string}\"},\"query-input\":{\"@type\":\"PropertyValueSpecification\",\"valueRequired\":true,\"valueName\":\"search_term_string\"}}],\"inLanguage\":\"pt-BR\"},{\"@type\":\"Organization\",\"@id\":\"https:\\\/\\\/www.ufinet.com\\\/pt-br\\\/#organization\",\"name\":\"Ufinet\",\"url\":\"https:\\\/\\\/www.ufinet.com\\\/pt-br\\\/\",\"logo\":{\"@type\":\"ImageObject\",\"inLanguage\":\"pt-BR\",\"@id\":\"https:\\\/\\\/www.ufinet.com\\\/pt-br\\\/#\\\/schema\\\/logo\\\/image\\\/\",\"url\":\"https:\\\/\\\/www.ufinet.com\\\/wp-content\\\/uploads\\\/2024\\\/06\\\/cropped-Recurso-1.png\",\"contentUrl\":\"https:\\\/\\\/www.ufinet.com\\\/wp-content\\\/uploads\\\/2024\\\/06\\\/cropped-Recurso-1.png\",\"width\":1654,\"height\":705,\"caption\":\"Ufinet\"},\"image\":{\"@id\":\"https:\\\/\\\/www.ufinet.com\\\/pt-br\\\/#\\\/schema\\\/logo\\\/image\\\/\"}},{\"@type\":\"Person\",\"@id\":\"https:\\\/\\\/www.ufinet.com\\\/pt-br\\\/#\\\/schema\\\/person\\\/19b7e96681bc1c0d4ca6b8d4d4ad07cd\",\"name\":\"wowlatammk.com\",\"image\":{\"@type\":\"ImageObject\",\"inLanguage\":\"pt-BR\",\"@id\":\"https:\\\/\\\/secure.gravatar.com\\\/avatar\\\/f73c2b6f2e8dbad969fd10342fe2028ced9bf45ec4f05b0acbf7a087f235cb64?s=96&d=mm&r=g\",\"url\":\"https:\\\/\\\/secure.gravatar.com\\\/avatar\\\/f73c2b6f2e8dbad969fd10342fe2028ced9bf45ec4f05b0acbf7a087f235cb64?s=96&d=mm&r=g\",\"contentUrl\":\"https:\\\/\\\/secure.gravatar.com\\\/avatar\\\/f73c2b6f2e8dbad969fd10342fe2028ced9bf45ec4f05b0acbf7a087f235cb64?s=96&d=mm&r=g\",\"caption\":\"wowlatammk.com\"},\"sameAs\":[\"http:\\\/\\\/wowlatammk.com\"],\"url\":\"https:\\\/\\\/www.ufinet.com\\\/pt-br\\\/author\\\/wowlatammk-com\\\/\"}]}<\/script>\n<!-- \/ Yoast SEO plugin. -->","yoast_head_json":{"title":"UFINET presente @ LACNIC 32 e LACNOG 2019 - Ufinet | A rede que conecta voc\u00ea \u00e0 Am\u00e9rica Latina","description":"A Ufinet participou desse evento na Cidade do Panam\u00e1, no Hard Rock Hotel Megapolis Center, de 7 a 11 de outubro de 2019. Nosso CCO, Alejandro Coyoy, apresentou uma hist\u00f3ria de sucesso empresarial sobre \"Conectando os desconectados\".","robots":{"index":"index","follow":"follow","max-snippet":"max-snippet:-1","max-image-preview":"max-image-preview:large","max-video-preview":"max-video-preview:-1"},"canonical":"https:\/\/www.ufinet.com\/pt-br\/ufinet-presente-lacnic-32-e-lacnog-2019\/","og_locale":"pt_BR","og_type":"article","og_title":"UFINET presente @ LACNIC 32 e LACNOG 2019 - Ufinet | A rede que conecta voc\u00ea \u00e0 Am\u00e9rica Latina","og_description":"A Ufinet participou desse evento na Cidade do Panam\u00e1, no Hard Rock Hotel Megapolis Center, de 7 a 11 de outubro de 2019. Nosso CCO, Alejandro Coyoy, apresentou uma hist\u00f3ria de sucesso empresarial sobre \"Conectando os desconectados\".","og_url":"https:\/\/www.ufinet.com\/pt-br\/ufinet-presente-lacnic-32-e-lacnog-2019\/","og_site_name":"Ufinet | A rede que conecta voc\u00ea \u00e0 Am\u00e9rica Latina","article_published_time":"2019-11-11T23:13:07+00:00","og_image":[{"width":848,"height":540,"url":"https:\/\/www.ufinet.com\/wp-content\/uploads\/2019\/11\/Ufinet-team-LACNIC-32-2019.jpg","type":"image\/jpeg"}],"author":"wowlatammk.com","twitter_card":"summary_large_image","twitter_misc":{"Escrito por":"wowlatammk.com","Est. tempo de leitura":"1 minuto"},"schema":{"@context":"https:\/\/schema.org","@graph":[{"@type":"Article","@id":"https:\/\/www.ufinet.com\/pt-br\/ufinet-presente-lacnic-32-e-lacnog-2019\/#article","isPartOf":{"@id":"https:\/\/www.ufinet.com\/pt-br\/ufinet-presente-lacnic-32-e-lacnog-2019\/"},"author":{"name":"wowlatammk.com","@id":"https:\/\/www.ufinet.com\/pt-br\/#\/schema\/person\/19b7e96681bc1c0d4ca6b8d4d4ad07cd"},"headline":"UFINET presente @ LACNIC 32 e LACNOG 2019","datePublished":"2019-11-11T23:13:07+00:00","mainEntityOfPage":{"@id":"https:\/\/www.ufinet.com\/pt-br\/ufinet-presente-lacnic-32-e-lacnog-2019\/"},"wordCount":178,"publisher":{"@id":"https:\/\/www.ufinet.com\/pt-br\/#organization"},"image":{"@id":"https:\/\/www.ufinet.com\/pt-br\/ufinet-presente-lacnic-32-e-lacnog-2019\/#primaryimage"},"thumbnailUrl":"https:\/\/www.ufinet.com\/wp-content\/uploads\/2019\/11\/Ufinet-team-LACNIC-32-2019.jpg","articleSection":["not\u00edcias"],"inLanguage":"pt-BR"},{"@type":"WebPage","@id":"https:\/\/www.ufinet.com\/pt-br\/ufinet-presente-lacnic-32-e-lacnog-2019\/","url":"https:\/\/www.ufinet.com\/pt-br\/ufinet-presente-lacnic-32-e-lacnog-2019\/","name":"UFINET presente @ LACNIC 32 e LACNOG 2019 - Ufinet | A rede que conecta voc\u00ea \u00e0 Am\u00e9rica Latina","isPartOf":{"@id":"https:\/\/www.ufinet.com\/pt-br\/#website"},"primaryImageOfPage":{"@id":"https:\/\/www.ufinet.com\/pt-br\/ufinet-presente-lacnic-32-e-lacnog-2019\/#primaryimage"},"image":{"@id":"https:\/\/www.ufinet.com\/pt-br\/ufinet-presente-lacnic-32-e-lacnog-2019\/#primaryimage"},"thumbnailUrl":"https:\/\/www.ufinet.com\/wp-content\/uploads\/2019\/11\/Ufinet-team-LACNIC-32-2019.jpg","datePublished":"2019-11-11T23:13:07+00:00","description":"A Ufinet participou desse evento na Cidade do Panam\u00e1, no Hard Rock Hotel Megapolis Center, de 7 a 11 de outubro de 2019. Nosso CCO, Alejandro Coyoy, apresentou uma hist\u00f3ria de sucesso empresarial sobre \"Conectando os desconectados\".","breadcrumb":{"@id":"https:\/\/www.ufinet.com\/pt-br\/ufinet-presente-lacnic-32-e-lacnog-2019\/#breadcrumb"},"inLanguage":"pt-BR","potentialAction":[{"@type":"ReadAction","target":["https:\/\/www.ufinet.com\/pt-br\/ufinet-presente-lacnic-32-e-lacnog-2019\/"]}]},{"@type":"ImageObject","inLanguage":"pt-BR","@id":"https:\/\/www.ufinet.com\/pt-br\/ufinet-presente-lacnic-32-e-lacnog-2019\/#primaryimage","url":"https:\/\/www.ufinet.com\/wp-content\/uploads\/2019\/11\/Ufinet-team-LACNIC-32-2019.jpg","contentUrl":"https:\/\/www.ufinet.com\/wp-content\/uploads\/2019\/11\/Ufinet-team-LACNIC-32-2019.jpg","width":848,"height":540},{"@type":"BreadcrumbList","@id":"https:\/\/www.ufinet.com\/pt-br\/ufinet-presente-lacnic-32-e-lacnog-2019\/#breadcrumb","itemListElement":[{"@type":"ListItem","position":1,"name":"Home","item":"https:\/\/www.ufinet.com\/pt-br\/"},{"@type":"ListItem","position":2,"name":"UFINET presente @ LACNIC 32 e LACNOG 2019"}]},{"@type":"WebSite","@id":"https:\/\/www.ufinet.com\/pt-br\/#website","url":"https:\/\/www.ufinet.com\/pt-br\/","name":"Ufinet","description":"Somos a \u00fanica operadora na Am\u00e9rica Latina que \u00e9 100% NEUTRA.","publisher":{"@id":"https:\/\/www.ufinet.com\/pt-br\/#organization"},"potentialAction":[{"@type":"SearchAction","target":{"@type":"EntryPoint","urlTemplate":"https:\/\/www.ufinet.com\/pt-br\/?s={search_term_string}"},"query-input":{"@type":"PropertyValueSpecification","valueRequired":true,"valueName":"search_term_string"}}],"inLanguage":"pt-BR"},{"@type":"Organization","@id":"https:\/\/www.ufinet.com\/pt-br\/#organization","name":"Ufinet","url":"https:\/\/www.ufinet.com\/pt-br\/","logo":{"@type":"ImageObject","inLanguage":"pt-BR","@id":"https:\/\/www.ufinet.com\/pt-br\/#\/schema\/logo\/image\/","url":"https:\/\/www.ufinet.com\/wp-content\/uploads\/2024\/06\/cropped-Recurso-1.png","contentUrl":"https:\/\/www.ufinet.com\/wp-content\/uploads\/2024\/06\/cropped-Recurso-1.png","width":1654,"height":705,"caption":"Ufinet"},"image":{"@id":"https:\/\/www.ufinet.com\/pt-br\/#\/schema\/logo\/image\/"}},{"@type":"Person","@id":"https:\/\/www.ufinet.com\/pt-br\/#\/schema\/person\/19b7e96681bc1c0d4ca6b8d4d4ad07cd","name":"wowlatammk.com","image":{"@type":"ImageObject","inLanguage":"pt-BR","@id":"https:\/\/secure.gravatar.com\/avatar\/f73c2b6f2e8dbad969fd10342fe2028ced9bf45ec4f05b0acbf7a087f235cb64?s=96&d=mm&r=g","url":"https:\/\/secure.gravatar.com\/avatar\/f73c2b6f2e8dbad969fd10342fe2028ced9bf45ec4f05b0acbf7a087f235cb64?s=96&d=mm&r=g","contentUrl":"https:\/\/secure.gravatar.com\/avatar\/f73c2b6f2e8dbad969fd10342fe2028ced9bf45ec4f05b0acbf7a087f235cb64?s=96&d=mm&r=g","caption":"wowlatammk.com"},"sameAs":["http:\/\/wowlatammk.com"],"url":"https:\/\/www.ufinet.com\/pt-br\/author\/wowlatammk-com\/"}]}},"rttpg_featured_image_url":{"full":["https:\/\/www.ufinet.com\/wp-content\/uploads\/2019\/11\/Ufinet-team-LACNIC-32-2019.jpg",848,540,false],"landscape":["https:\/\/www.ufinet.com\/wp-content\/uploads\/2019\/11\/Ufinet-team-LACNIC-32-2019.jpg",848,540,false],"portraits":["https:\/\/www.ufinet.com\/wp-content\/uploads\/2019\/11\/Ufinet-team-LACNIC-32-2019.jpg",848,540,false],"thumbnail":["https:\/\/www.ufinet.com\/wp-content\/uploads\/2019\/11\/Ufinet-team-LACNIC-32-2019-150x150.jpg",150,150,true],"medium":["https:\/\/www.ufinet.com\/wp-content\/uploads\/2019\/11\/Ufinet-team-LACNIC-32-2019-300x191.jpg",300,191,true],"large":["https:\/\/www.ufinet.com\/wp-content\/uploads\/2019\/11\/Ufinet-team-LACNIC-32-2019.jpg",848,540,false],"1536x1536":["https:\/\/www.ufinet.com\/wp-content\/uploads\/2019\/11\/Ufinet-team-LACNIC-32-2019.jpg",848,540,false],"2048x2048":["https:\/\/www.ufinet.com\/wp-content\/uploads\/2019\/11\/Ufinet-team-LACNIC-32-2019.jpg",848,540,false],"htliser_size_396x360":["https:\/\/www.ufinet.com\/wp-content\/uploads\/2019\/11\/Ufinet-team-LACNIC-32-2019-396x360.jpg",396,360,true],"htslider_size_1170x536":["https:\/\/www.ufinet.com\/wp-content\/uploads\/2019\/11\/Ufinet-team-LACNIC-32-2019-848x536.jpg",848,536,true]},"rttpg_author":{"display_name":"wowlatammk.com","author_link":"https:\/\/www.ufinet.com\/pt-br\/author\/wowlatammk-com\/"},"rttpg_comment":0,"rttpg_category":"<a href=\"https:\/\/www.ufinet.com\/pt-br\/category\/noticias\/\" rel=\"category tag\">not\u00edcias<\/a>","rttpg_excerpt":"A Ufinet participou desse evento na Cidade do Panam\u00e1, no Hard Rock Hotel Megapolis Center, de 7 a 11 de outubro de 2019. Nosso CCO, Alejandro Coyoy, apresentou uma hist\u00f3ria de sucesso empresarial sobre&#8220;Conectando os desconectados&#8220;. Esse evento bianual re\u00fane a comunidade da Internet da Am\u00e9rica Latina e do Caribe. Organizado pelo Registro de Endere\u00e7amento&hellip;","_links":{"self":[{"href":"https:\/\/www.ufinet.com\/pt-br\/wp-json\/wp\/v2\/posts\/35608","targetHints":{"allow":["GET"]}}],"collection":[{"href":"https:\/\/www.ufinet.com\/pt-br\/wp-json\/wp\/v2\/posts"}],"about":[{"href":"https:\/\/www.ufinet.com\/pt-br\/wp-json\/wp\/v2\/types\/post"}],"author":[{"embeddable":true,"href":"https:\/\/www.ufinet.com\/pt-br\/wp-json\/wp\/v2\/users\/1"}],"replies":[{"embeddable":true,"href":"https:\/\/www.ufinet.com\/pt-br\/wp-json\/wp\/v2\/comments?post=35608"}],"version-history":[{"count":0,"href":"https:\/\/www.ufinet.com\/pt-br\/wp-json\/wp\/v2\/posts\/35608\/revisions"}],"wp:featuredmedia":[{"embeddable":true,"href":"https:\/\/www.ufinet.com\/pt-br\/wp-json\/wp\/v2\/media\/35354"}],"wp:attachment":[{"href":"https:\/\/www.ufinet.com\/pt-br\/wp-json\/wp\/v2\/media?parent=35608"}],"wp:term":[{"taxonomy":"category","embeddable":true,"href":"https:\/\/www.ufinet.com\/pt-br\/wp-json\/wp\/v2\/categories?post=35608"},{"taxonomy":"post_tag","embeddable":true,"href":"https:\/\/www.ufinet.com\/pt-br\/wp-json\/wp\/v2\/tags?post=35608"}],"curies":[{"name":"wp","href":"https:\/\/api.w.org\/{rel}","templated":true}]}}