{"id":35490,"date":"2021-11-08T11:10:36","date_gmt":"2021-11-08T17:10:36","guid":{"rendered":"https:\/\/www.ufinet.com\/a-ufinet-aposta-no-equador-entrando-no-pais-com-um-investimento-de-um-milhao-de-dolares\/"},"modified":"2021-11-08T11:10:36","modified_gmt":"2021-11-08T17:10:36","slug":"a-ufinet-aposta-no-equador-entrando-no-pais-com-um-investimento-de-um-milhao-de-dolares","status":"publish","type":"post","link":"https:\/\/www.ufinet.com\/pt-br\/a-ufinet-aposta-no-equador-entrando-no-pais-com-um-investimento-de-um-milhao-de-dolares\/","title":{"rendered":"A UFINET aposta no Equador, entrando no pa\u00eds com um investimento de um milh\u00e3o de d\u00f3lares"},"content":{"rendered":"<p style=\"text-align: right;\">Madri, 8 de novembro de 2021<\/p>\n<p>No \u00e2mbito da visita oficial \u00e0 Espanha do presidente do Equador, Guillermo Lasso, altos funcion\u00e1rios da UFINET se reuniram na \u00faltima sexta-feira com o presidente e ministros do pa\u00eds americano.<\/p>\n<p>A visita oficial do governo equatoriano \u00e0 Espanha compreendeu um per\u00edodo de dois dias em que o presidente Lasso e tr\u00eas de seus ministros &#8211; o ministro das Rela\u00e7\u00f5es Exteriores, Mauricio Montalvo; o ministro das Telecomunica\u00e7\u00f5es, Vianna Maino; e o ministro da Produ\u00e7\u00e3o e Com\u00e9rcio Exterior, Julio Jos\u00e9 Prado &#8211; ter\u00e3o diferentes reuni\u00f5es com o objetivo de incentivar os investimentos europeus no Equador, como parte de sua estrat\u00e9gia &#8220;Mais Equador no mundo e mais mundo no Equador&#8221;.<\/p>\n<p>Nesse contexto, a empresa espanhola UFINET, a maior operadora atacadista de infraestrutura de fibra \u00f3ptica da Am\u00e9rica Latina, que opera h\u00e1 mais de 20 anos, anunciou um investimento inicial de US$ 150 milh\u00f5es no Equador, em parceria com a empresa equatoriana Nedetel, e tem um plano de investimento de mais US$ 100 milh\u00f5es a ser executado nos pr\u00f3ximos anos, um plano que \u00e9 apoiado por seus acionistas, o fundo de investimento ingl\u00eas CINVEN e a multinacional italiana ENEL.<\/p>\n<p>&#8220;<em>Estamos muito entusiasmados por unir a Nedetel ao grupo Ufinet e pelo investimento que est\u00e1 sendo feito em um pa\u00eds como o Equador, onde, al\u00e9m das grandes oportunidades de crescimento em nossos neg\u00f3cios, vemos um contexto favor\u00e1vel para um investidor estrangeiro gra\u00e7as \u00e0s a\u00e7\u00f5es tomadas pelo novo governo&#8221;, <\/em>diz Stefano Lorenzi, CEO da UFINET.<\/p>\n<p><img fetchpriority=\"high\" decoding=\"async\" class=\"wp-image-34336 aligncenter\" src=\"https:\/\/www.ufinet.com\/wp-content\/uploads\/2021\/11\/211105-Fotografia-oficial-UFINET-y-Presidente-de-Ecuador-scaled-1-300x225.jpg\" alt=\"\" width=\"857\" height=\"643\" srcset=\"https:\/\/www.ufinet.com\/wp-content\/uploads\/2021\/11\/211105-Fotografia-oficial-UFINET-y-Presidente-de-Ecuador-scaled-1-300x225.jpg 300w, https:\/\/www.ufinet.com\/wp-content\/uploads\/2021\/11\/211105-Fotografia-oficial-UFINET-y-Presidente-de-Ecuador-scaled-1-1024x768.jpg 1024w, https:\/\/www.ufinet.com\/wp-content\/uploads\/2021\/11\/211105-Fotografia-oficial-UFINET-y-Presidente-de-Ecuador-scaled-1-768x576.jpg 768w, https:\/\/www.ufinet.com\/wp-content\/uploads\/2021\/11\/211105-Fotografia-oficial-UFINET-y-Presidente-de-Ecuador-scaled-1-1536x1152.jpg 1536w, https:\/\/www.ufinet.com\/wp-content\/uploads\/2021\/11\/211105-Fotografia-oficial-UFINET-y-Presidente-de-Ecuador-scaled-1.jpg 2048w\" sizes=\"(max-width: 857px) 100vw, 857px\" \/><\/p>\n<p>A UFINET \u00e9 uma operadora de infraestrutura neutra que opera em 17 pa\u00edses e, no caso do Equador, tem uma rede de mais de 12.000 km de fibra \u00f3ptica em \u00e1reas muito rurais, fornecendo servi\u00e7os de telecomunica\u00e7\u00f5es por atacado.  <em>&#8220;Um dos focos da empresa ser\u00e1 levar a Internet \u00e0s \u00e1reas rurais, contribuindo assim para acabar com a exclus\u00e3o digital no pa\u00eds, apoiando os ISPs locais de forma neutra, como a Nedetel tem feito at\u00e9 agora, fornecendo-lhes um servi\u00e7o de classe mundial apoiado por redes OTN e MPLS de \u00faltima gera\u00e7\u00e3o e cumprindo os padr\u00f5es internacionais mais exigentes, para o qual contamos com a excelente equipe humana da Nedetel, refor\u00e7ada por todos os recursos e know-how internacional da UFINET&#8221;,<\/em> diz F. Javier Lacasa, COO &amp; Vice-presidente Executivo da UFINET. Javier Lacasa, COO e Vice-presidente Executivo da UFINET.<\/p>\n<p>&#8220;<em>Nas pr\u00f3ximas semanas, a UFINET inaugurar\u00e1 um Data Center de \u00faltima gera\u00e7\u00e3o, o maior do pa\u00eds, que est\u00e1 localizado na cidade de Guayaquil e servir\u00e1 para abrigar provedores de conte\u00fado, bem como todas as operadoras de telecomunica\u00e7\u00f5es que precisam dele para seus neg\u00f3cios B2B&#8221;,<\/em> diz Juan Carlos Menendez, Presidente do Conselho de Administra\u00e7\u00e3o da UFINET Equador.<\/p>\n<p>Ambas as delega\u00e7\u00f5es receberam bem a not\u00edcia, pois o compromisso da empresa espanhola UFINET no Equador n\u00e3o apenas ajudar\u00e1 no desenvolvimento de sua infraestrutura de telecomunica\u00e7\u00f5es, mas tamb\u00e9m ser\u00e1 uma fonte de gera\u00e7\u00e3o de empregos.<\/p>\n<p>O presidente do Equador tamb\u00e9m se reuniu com o rei da Espanha, Felipe VI, e o primeiro-ministro, Pedro S\u00e1nchez, entre outras autoridades e empres\u00e1rios, depois de participar da c\u00fapula da COP26 em Glasgow.<\/p>\n<p>&#8212;&#8212;&#8212;&#8212;&#8212;&#8212;&#8212;&#8211;<\/p>\n","protected":false},"excerpt":{"rendered":"<p>Madri, 8 de novembro de 2021 No \u00e2mbito da visita oficial \u00e0 Espanha do presidente do Equador, Guillermo Lasso, altos funcion\u00e1rios da UFINET se reuniram na \u00faltima sexta-feira com o presidente e ministros do pa\u00eds americano. A visita oficial do governo equatoriano \u00e0 Espanha compreendeu um per\u00edodo de dois dias em que o presidente Lasso [&hellip;]<\/p>\n","protected":false},"author":1,"featured_media":34338,"comment_status":"closed","ping_status":"open","sticky":false,"template":"","format":"standard","meta":{"site-sidebar-layout":"default","site-content-layout":"","ast-site-content-layout":"default","site-content-style":"default","site-sidebar-style":"default","ast-global-header-display":"","ast-banner-title-visibility":"","ast-main-header-display":"","ast-hfb-above-header-display":"","ast-hfb-below-header-display":"","ast-hfb-mobile-header-display":"","site-post-title":"","ast-breadcrumbs-content":"","ast-featured-img":"disabled","footer-sml-layout":"","ast-disable-related-posts":"","theme-transparent-header-meta":"","adv-header-id-meta":"","stick-header-meta":"","header-above-stick-meta":"","header-main-stick-meta":"","header-below-stick-meta":"","astra-migrate-meta-layouts":"default","ast-page-background-enabled":"default","ast-page-background-meta":{"desktop":{"background-color":"","background-image":"","background-repeat":"repeat","background-position":"center center","background-size":"auto","background-attachment":"scroll","background-type":"","background-media":"","overlay-type":"","overlay-color":"","overlay-opacity":"","overlay-gradient":""},"tablet":{"background-color":"","background-image":"","background-repeat":"repeat","background-position":"center center","background-size":"auto","background-attachment":"scroll","background-type":"","background-media":"","overlay-type":"","overlay-color":"","overlay-opacity":"","overlay-gradient":""},"mobile":{"background-color":"","background-image":"","background-repeat":"repeat","background-position":"center center","background-size":"auto","background-attachment":"scroll","background-type":"","background-media":"","overlay-type":"","overlay-color":"","overlay-opacity":"","overlay-gradient":""}},"ast-content-background-meta":{"desktop":{"background-color":"var(--ast-global-color-5)","background-image":"","background-repeat":"repeat","background-position":"center center","background-size":"auto","background-attachment":"scroll","background-type":"","background-media":"","overlay-type":"","overlay-color":"","overlay-opacity":"","overlay-gradient":""},"tablet":{"background-color":"var(--ast-global-color-5)","background-image":"","background-repeat":"repeat","background-position":"center center","background-size":"auto","background-attachment":"scroll","background-type":"","background-media":"","overlay-type":"","overlay-color":"","overlay-opacity":"","overlay-gradient":""},"mobile":{"background-color":"var(--ast-global-color-5)","background-image":"","background-repeat":"repeat","background-position":"center center","background-size":"auto","background-attachment":"scroll","background-type":"","background-media":"","overlay-type":"","overlay-color":"","overlay-opacity":"","overlay-gradient":""}},"footnotes":""},"categories":[113],"tags":[],"class_list":["post-35490","post","type-post","status-publish","format-standard","has-post-thumbnail","hentry","category-noticias"],"yoast_head":"<!-- This site is optimized with the Yoast SEO plugin v27.4 - https:\/\/yoast.com\/product\/yoast-seo-wordpress\/ -->\n<title>A UFINET aposta no Equador, entrando no pa\u00eds com um investimento de um milh\u00e3o de d\u00f3lares - Ufinet | A rede que conecta voc\u00ea \u00e0 Am\u00e9rica Latina<\/title>\n<meta name=\"description\" content=\"No \u00e2mbito da visita oficial \u00e0 Espanha do presidente do Equador, Guillermo Lasso, altos funcion\u00e1rios da UFINET se reuniram na \u00faltima sexta-feira com o presidente e ministros do pa\u00eds americano.\" \/>\n<meta name=\"robots\" content=\"index, follow, max-snippet:-1, max-image-preview:large, max-video-preview:-1\" \/>\n<link rel=\"canonical\" href=\"https:\/\/www.ufinet.com\/pt-br\/a-ufinet-aposta-no-equador-entrando-no-pais-com-um-investimento-de-um-milhao-de-dolares\/\" \/>\n<meta property=\"og:locale\" content=\"pt_BR\" \/>\n<meta property=\"og:type\" content=\"article\" \/>\n<meta property=\"og:title\" content=\"A UFINET aposta no Equador, entrando no pa\u00eds com um investimento de um milh\u00e3o de d\u00f3lares - Ufinet | A rede que conecta voc\u00ea \u00e0 Am\u00e9rica Latina\" \/>\n<meta property=\"og:description\" content=\"No \u00e2mbito da visita oficial \u00e0 Espanha do presidente do Equador, Guillermo Lasso, altos funcion\u00e1rios da UFINET se reuniram na \u00faltima sexta-feira com o presidente e ministros do pa\u00eds americano.\" \/>\n<meta property=\"og:url\" content=\"https:\/\/www.ufinet.com\/pt-br\/a-ufinet-aposta-no-equador-entrando-no-pais-com-um-investimento-de-um-milhao-de-dolares\/\" \/>\n<meta property=\"og:site_name\" content=\"Ufinet | A rede que conecta voc\u00ea \u00e0 Am\u00e9rica Latina\" \/>\n<meta property=\"article:published_time\" content=\"2021-11-08T17:10:36+00:00\" \/>\n<meta property=\"og:image\" content=\"https:\/\/www.ufinet.com\/wp-content\/uploads\/2021\/11\/211105-Fotografia-oficial-UFINET-y-Presidente-de-Ecuador-scaled-1.jpg\" \/>\n\t<meta property=\"og:image:width\" content=\"2048\" \/>\n\t<meta property=\"og:image:height\" content=\"1536\" \/>\n\t<meta property=\"og:image:type\" content=\"image\/jpeg\" \/>\n<meta name=\"author\" content=\"wowlatammk.com\" \/>\n<meta name=\"twitter:card\" content=\"summary_large_image\" \/>\n<meta name=\"twitter:label1\" content=\"Escrito por\" \/>\n\t<meta name=\"twitter:data1\" content=\"wowlatammk.com\" \/>\n\t<meta name=\"twitter:label2\" content=\"Est. tempo de leitura\" \/>\n\t<meta name=\"twitter:data2\" content=\"3 minutos\" \/>\n<script type=\"application\/ld+json\" class=\"yoast-schema-graph\">{\"@context\":\"https:\\\/\\\/schema.org\",\"@graph\":[{\"@type\":\"Article\",\"@id\":\"https:\\\/\\\/www.ufinet.com\\\/pt-br\\\/a-ufinet-aposta-no-equador-entrando-no-pais-com-um-investimento-de-um-milhao-de-dolares\\\/#article\",\"isPartOf\":{\"@id\":\"https:\\\/\\\/www.ufinet.com\\\/pt-br\\\/a-ufinet-aposta-no-equador-entrando-no-pais-com-um-investimento-de-um-milhao-de-dolares\\\/\"},\"author\":{\"name\":\"wowlatammk.com\",\"@id\":\"https:\\\/\\\/www.ufinet.com\\\/pt-br\\\/#\\\/schema\\\/person\\\/19b7e96681bc1c0d4ca6b8d4d4ad07cd\"},\"headline\":\"A UFINET aposta no Equador, entrando no pa\u00eds com um investimento de um milh\u00e3o de d\u00f3lares\",\"datePublished\":\"2021-11-08T17:10:36+00:00\",\"mainEntityOfPage\":{\"@id\":\"https:\\\/\\\/www.ufinet.com\\\/pt-br\\\/a-ufinet-aposta-no-equador-entrando-no-pais-com-um-investimento-de-um-milhao-de-dolares\\\/\"},\"wordCount\":563,\"publisher\":{\"@id\":\"https:\\\/\\\/www.ufinet.com\\\/pt-br\\\/#organization\"},\"image\":{\"@id\":\"https:\\\/\\\/www.ufinet.com\\\/pt-br\\\/a-ufinet-aposta-no-equador-entrando-no-pais-com-um-investimento-de-um-milhao-de-dolares\\\/#primaryimage\"},\"thumbnailUrl\":\"https:\\\/\\\/www.ufinet.com\\\/wp-content\\\/uploads\\\/2021\\\/11\\\/211105-Fotografia-oficial-UFINET-y-Presidente-de-Ecuador-scaled-1.jpg\",\"articleSection\":[\"not\u00edcias\"],\"inLanguage\":\"pt-BR\"},{\"@type\":\"WebPage\",\"@id\":\"https:\\\/\\\/www.ufinet.com\\\/pt-br\\\/a-ufinet-aposta-no-equador-entrando-no-pais-com-um-investimento-de-um-milhao-de-dolares\\\/\",\"url\":\"https:\\\/\\\/www.ufinet.com\\\/pt-br\\\/a-ufinet-aposta-no-equador-entrando-no-pais-com-um-investimento-de-um-milhao-de-dolares\\\/\",\"name\":\"A UFINET aposta no Equador, entrando no pa\u00eds com um investimento de um milh\u00e3o de d\u00f3lares - Ufinet | A rede que conecta voc\u00ea \u00e0 Am\u00e9rica Latina\",\"isPartOf\":{\"@id\":\"https:\\\/\\\/www.ufinet.com\\\/pt-br\\\/#website\"},\"primaryImageOfPage\":{\"@id\":\"https:\\\/\\\/www.ufinet.com\\\/pt-br\\\/a-ufinet-aposta-no-equador-entrando-no-pais-com-um-investimento-de-um-milhao-de-dolares\\\/#primaryimage\"},\"image\":{\"@id\":\"https:\\\/\\\/www.ufinet.com\\\/pt-br\\\/a-ufinet-aposta-no-equador-entrando-no-pais-com-um-investimento-de-um-milhao-de-dolares\\\/#primaryimage\"},\"thumbnailUrl\":\"https:\\\/\\\/www.ufinet.com\\\/wp-content\\\/uploads\\\/2021\\\/11\\\/211105-Fotografia-oficial-UFINET-y-Presidente-de-Ecuador-scaled-1.jpg\",\"datePublished\":\"2021-11-08T17:10:36+00:00\",\"description\":\"No \u00e2mbito da visita oficial \u00e0 Espanha do presidente do Equador, Guillermo Lasso, altos funcion\u00e1rios da UFINET se reuniram na \u00faltima sexta-feira com o presidente e ministros do pa\u00eds americano.\",\"breadcrumb\":{\"@id\":\"https:\\\/\\\/www.ufinet.com\\\/pt-br\\\/a-ufinet-aposta-no-equador-entrando-no-pais-com-um-investimento-de-um-milhao-de-dolares\\\/#breadcrumb\"},\"inLanguage\":\"pt-BR\",\"potentialAction\":[{\"@type\":\"ReadAction\",\"target\":[\"https:\\\/\\\/www.ufinet.com\\\/pt-br\\\/a-ufinet-aposta-no-equador-entrando-no-pais-com-um-investimento-de-um-milhao-de-dolares\\\/\"]}]},{\"@type\":\"ImageObject\",\"inLanguage\":\"pt-BR\",\"@id\":\"https:\\\/\\\/www.ufinet.com\\\/pt-br\\\/a-ufinet-aposta-no-equador-entrando-no-pais-com-um-investimento-de-um-milhao-de-dolares\\\/#primaryimage\",\"url\":\"https:\\\/\\\/www.ufinet.com\\\/wp-content\\\/uploads\\\/2021\\\/11\\\/211105-Fotografia-oficial-UFINET-y-Presidente-de-Ecuador-scaled-1.jpg\",\"contentUrl\":\"https:\\\/\\\/www.ufinet.com\\\/wp-content\\\/uploads\\\/2021\\\/11\\\/211105-Fotografia-oficial-UFINET-y-Presidente-de-Ecuador-scaled-1.jpg\",\"width\":2048,\"height\":1536},{\"@type\":\"BreadcrumbList\",\"@id\":\"https:\\\/\\\/www.ufinet.com\\\/pt-br\\\/a-ufinet-aposta-no-equador-entrando-no-pais-com-um-investimento-de-um-milhao-de-dolares\\\/#breadcrumb\",\"itemListElement\":[{\"@type\":\"ListItem\",\"position\":1,\"name\":\"Home\",\"item\":\"https:\\\/\\\/www.ufinet.com\\\/pt-br\\\/\"},{\"@type\":\"ListItem\",\"position\":2,\"name\":\"A UFINET aposta no Equador, entrando no pa\u00eds com um investimento de um milh\u00e3o de d\u00f3lares\"}]},{\"@type\":\"WebSite\",\"@id\":\"https:\\\/\\\/www.ufinet.com\\\/pt-br\\\/#website\",\"url\":\"https:\\\/\\\/www.ufinet.com\\\/pt-br\\\/\",\"name\":\"Ufinet\",\"description\":\"Somos a \u00fanica operadora na Am\u00e9rica Latina que \u00e9 100% NEUTRA.\",\"publisher\":{\"@id\":\"https:\\\/\\\/www.ufinet.com\\\/pt-br\\\/#organization\"},\"potentialAction\":[{\"@type\":\"SearchAction\",\"target\":{\"@type\":\"EntryPoint\",\"urlTemplate\":\"https:\\\/\\\/www.ufinet.com\\\/pt-br\\\/?s={search_term_string}\"},\"query-input\":{\"@type\":\"PropertyValueSpecification\",\"valueRequired\":true,\"valueName\":\"search_term_string\"}}],\"inLanguage\":\"pt-BR\"},{\"@type\":\"Organization\",\"@id\":\"https:\\\/\\\/www.ufinet.com\\\/pt-br\\\/#organization\",\"name\":\"Ufinet\",\"url\":\"https:\\\/\\\/www.ufinet.com\\\/pt-br\\\/\",\"logo\":{\"@type\":\"ImageObject\",\"inLanguage\":\"pt-BR\",\"@id\":\"https:\\\/\\\/www.ufinet.com\\\/pt-br\\\/#\\\/schema\\\/logo\\\/image\\\/\",\"url\":\"https:\\\/\\\/www.ufinet.com\\\/wp-content\\\/uploads\\\/2024\\\/06\\\/cropped-Recurso-1.png\",\"contentUrl\":\"https:\\\/\\\/www.ufinet.com\\\/wp-content\\\/uploads\\\/2024\\\/06\\\/cropped-Recurso-1.png\",\"width\":1654,\"height\":705,\"caption\":\"Ufinet\"},\"image\":{\"@id\":\"https:\\\/\\\/www.ufinet.com\\\/pt-br\\\/#\\\/schema\\\/logo\\\/image\\\/\"}},{\"@type\":\"Person\",\"@id\":\"https:\\\/\\\/www.ufinet.com\\\/pt-br\\\/#\\\/schema\\\/person\\\/19b7e96681bc1c0d4ca6b8d4d4ad07cd\",\"name\":\"wowlatammk.com\",\"image\":{\"@type\":\"ImageObject\",\"inLanguage\":\"pt-BR\",\"@id\":\"https:\\\/\\\/secure.gravatar.com\\\/avatar\\\/f73c2b6f2e8dbad969fd10342fe2028ced9bf45ec4f05b0acbf7a087f235cb64?s=96&d=mm&r=g\",\"url\":\"https:\\\/\\\/secure.gravatar.com\\\/avatar\\\/f73c2b6f2e8dbad969fd10342fe2028ced9bf45ec4f05b0acbf7a087f235cb64?s=96&d=mm&r=g\",\"contentUrl\":\"https:\\\/\\\/secure.gravatar.com\\\/avatar\\\/f73c2b6f2e8dbad969fd10342fe2028ced9bf45ec4f05b0acbf7a087f235cb64?s=96&d=mm&r=g\",\"caption\":\"wowlatammk.com\"},\"sameAs\":[\"http:\\\/\\\/wowlatammk.com\"],\"url\":\"https:\\\/\\\/www.ufinet.com\\\/pt-br\\\/author\\\/wowlatammk-com\\\/\"}]}<\/script>\n<!-- \/ Yoast SEO plugin. -->","yoast_head_json":{"title":"A UFINET aposta no Equador, entrando no pa\u00eds com um investimento de um milh\u00e3o de d\u00f3lares - Ufinet | A rede que conecta voc\u00ea \u00e0 Am\u00e9rica Latina","description":"No \u00e2mbito da visita oficial \u00e0 Espanha do presidente do Equador, Guillermo Lasso, altos funcion\u00e1rios da UFINET se reuniram na \u00faltima sexta-feira com o presidente e ministros do pa\u00eds americano.","robots":{"index":"index","follow":"follow","max-snippet":"max-snippet:-1","max-image-preview":"max-image-preview:large","max-video-preview":"max-video-preview:-1"},"canonical":"https:\/\/www.ufinet.com\/pt-br\/a-ufinet-aposta-no-equador-entrando-no-pais-com-um-investimento-de-um-milhao-de-dolares\/","og_locale":"pt_BR","og_type":"article","og_title":"A UFINET aposta no Equador, entrando no pa\u00eds com um investimento de um milh\u00e3o de d\u00f3lares - Ufinet | A rede que conecta voc\u00ea \u00e0 Am\u00e9rica Latina","og_description":"No \u00e2mbito da visita oficial \u00e0 Espanha do presidente do Equador, Guillermo Lasso, altos funcion\u00e1rios da UFINET se reuniram na \u00faltima sexta-feira com o presidente e ministros do pa\u00eds americano.","og_url":"https:\/\/www.ufinet.com\/pt-br\/a-ufinet-aposta-no-equador-entrando-no-pais-com-um-investimento-de-um-milhao-de-dolares\/","og_site_name":"Ufinet | A rede que conecta voc\u00ea \u00e0 Am\u00e9rica Latina","article_published_time":"2021-11-08T17:10:36+00:00","og_image":[{"width":2048,"height":1536,"url":"https:\/\/www.ufinet.com\/wp-content\/uploads\/2021\/11\/211105-Fotografia-oficial-UFINET-y-Presidente-de-Ecuador-scaled-1.jpg","type":"image\/jpeg"}],"author":"wowlatammk.com","twitter_card":"summary_large_image","twitter_misc":{"Escrito por":"wowlatammk.com","Est. tempo de leitura":"3 minutos"},"schema":{"@context":"https:\/\/schema.org","@graph":[{"@type":"Article","@id":"https:\/\/www.ufinet.com\/pt-br\/a-ufinet-aposta-no-equador-entrando-no-pais-com-um-investimento-de-um-milhao-de-dolares\/#article","isPartOf":{"@id":"https:\/\/www.ufinet.com\/pt-br\/a-ufinet-aposta-no-equador-entrando-no-pais-com-um-investimento-de-um-milhao-de-dolares\/"},"author":{"name":"wowlatammk.com","@id":"https:\/\/www.ufinet.com\/pt-br\/#\/schema\/person\/19b7e96681bc1c0d4ca6b8d4d4ad07cd"},"headline":"A UFINET aposta no Equador, entrando no pa\u00eds com um investimento de um milh\u00e3o de d\u00f3lares","datePublished":"2021-11-08T17:10:36+00:00","mainEntityOfPage":{"@id":"https:\/\/www.ufinet.com\/pt-br\/a-ufinet-aposta-no-equador-entrando-no-pais-com-um-investimento-de-um-milhao-de-dolares\/"},"wordCount":563,"publisher":{"@id":"https:\/\/www.ufinet.com\/pt-br\/#organization"},"image":{"@id":"https:\/\/www.ufinet.com\/pt-br\/a-ufinet-aposta-no-equador-entrando-no-pais-com-um-investimento-de-um-milhao-de-dolares\/#primaryimage"},"thumbnailUrl":"https:\/\/www.ufinet.com\/wp-content\/uploads\/2021\/11\/211105-Fotografia-oficial-UFINET-y-Presidente-de-Ecuador-scaled-1.jpg","articleSection":["not\u00edcias"],"inLanguage":"pt-BR"},{"@type":"WebPage","@id":"https:\/\/www.ufinet.com\/pt-br\/a-ufinet-aposta-no-equador-entrando-no-pais-com-um-investimento-de-um-milhao-de-dolares\/","url":"https:\/\/www.ufinet.com\/pt-br\/a-ufinet-aposta-no-equador-entrando-no-pais-com-um-investimento-de-um-milhao-de-dolares\/","name":"A UFINET aposta no Equador, entrando no pa\u00eds com um investimento de um milh\u00e3o de d\u00f3lares - Ufinet | A rede que conecta voc\u00ea \u00e0 Am\u00e9rica Latina","isPartOf":{"@id":"https:\/\/www.ufinet.com\/pt-br\/#website"},"primaryImageOfPage":{"@id":"https:\/\/www.ufinet.com\/pt-br\/a-ufinet-aposta-no-equador-entrando-no-pais-com-um-investimento-de-um-milhao-de-dolares\/#primaryimage"},"image":{"@id":"https:\/\/www.ufinet.com\/pt-br\/a-ufinet-aposta-no-equador-entrando-no-pais-com-um-investimento-de-um-milhao-de-dolares\/#primaryimage"},"thumbnailUrl":"https:\/\/www.ufinet.com\/wp-content\/uploads\/2021\/11\/211105-Fotografia-oficial-UFINET-y-Presidente-de-Ecuador-scaled-1.jpg","datePublished":"2021-11-08T17:10:36+00:00","description":"No \u00e2mbito da visita oficial \u00e0 Espanha do presidente do Equador, Guillermo Lasso, altos funcion\u00e1rios da UFINET se reuniram na \u00faltima sexta-feira com o presidente e ministros do pa\u00eds americano.","breadcrumb":{"@id":"https:\/\/www.ufinet.com\/pt-br\/a-ufinet-aposta-no-equador-entrando-no-pais-com-um-investimento-de-um-milhao-de-dolares\/#breadcrumb"},"inLanguage":"pt-BR","potentialAction":[{"@type":"ReadAction","target":["https:\/\/www.ufinet.com\/pt-br\/a-ufinet-aposta-no-equador-entrando-no-pais-com-um-investimento-de-um-milhao-de-dolares\/"]}]},{"@type":"ImageObject","inLanguage":"pt-BR","@id":"https:\/\/www.ufinet.com\/pt-br\/a-ufinet-aposta-no-equador-entrando-no-pais-com-um-investimento-de-um-milhao-de-dolares\/#primaryimage","url":"https:\/\/www.ufinet.com\/wp-content\/uploads\/2021\/11\/211105-Fotografia-oficial-UFINET-y-Presidente-de-Ecuador-scaled-1.jpg","contentUrl":"https:\/\/www.ufinet.com\/wp-content\/uploads\/2021\/11\/211105-Fotografia-oficial-UFINET-y-Presidente-de-Ecuador-scaled-1.jpg","width":2048,"height":1536},{"@type":"BreadcrumbList","@id":"https:\/\/www.ufinet.com\/pt-br\/a-ufinet-aposta-no-equador-entrando-no-pais-com-um-investimento-de-um-milhao-de-dolares\/#breadcrumb","itemListElement":[{"@type":"ListItem","position":1,"name":"Home","item":"https:\/\/www.ufinet.com\/pt-br\/"},{"@type":"ListItem","position":2,"name":"A UFINET aposta no Equador, entrando no pa\u00eds com um investimento de um milh\u00e3o de d\u00f3lares"}]},{"@type":"WebSite","@id":"https:\/\/www.ufinet.com\/pt-br\/#website","url":"https:\/\/www.ufinet.com\/pt-br\/","name":"Ufinet","description":"Somos a \u00fanica operadora na Am\u00e9rica Latina que \u00e9 100% NEUTRA.","publisher":{"@id":"https:\/\/www.ufinet.com\/pt-br\/#organization"},"potentialAction":[{"@type":"SearchAction","target":{"@type":"EntryPoint","urlTemplate":"https:\/\/www.ufinet.com\/pt-br\/?s={search_term_string}"},"query-input":{"@type":"PropertyValueSpecification","valueRequired":true,"valueName":"search_term_string"}}],"inLanguage":"pt-BR"},{"@type":"Organization","@id":"https:\/\/www.ufinet.com\/pt-br\/#organization","name":"Ufinet","url":"https:\/\/www.ufinet.com\/pt-br\/","logo":{"@type":"ImageObject","inLanguage":"pt-BR","@id":"https:\/\/www.ufinet.com\/pt-br\/#\/schema\/logo\/image\/","url":"https:\/\/www.ufinet.com\/wp-content\/uploads\/2024\/06\/cropped-Recurso-1.png","contentUrl":"https:\/\/www.ufinet.com\/wp-content\/uploads\/2024\/06\/cropped-Recurso-1.png","width":1654,"height":705,"caption":"Ufinet"},"image":{"@id":"https:\/\/www.ufinet.com\/pt-br\/#\/schema\/logo\/image\/"}},{"@type":"Person","@id":"https:\/\/www.ufinet.com\/pt-br\/#\/schema\/person\/19b7e96681bc1c0d4ca6b8d4d4ad07cd","name":"wowlatammk.com","image":{"@type":"ImageObject","inLanguage":"pt-BR","@id":"https:\/\/secure.gravatar.com\/avatar\/f73c2b6f2e8dbad969fd10342fe2028ced9bf45ec4f05b0acbf7a087f235cb64?s=96&d=mm&r=g","url":"https:\/\/secure.gravatar.com\/avatar\/f73c2b6f2e8dbad969fd10342fe2028ced9bf45ec4f05b0acbf7a087f235cb64?s=96&d=mm&r=g","contentUrl":"https:\/\/secure.gravatar.com\/avatar\/f73c2b6f2e8dbad969fd10342fe2028ced9bf45ec4f05b0acbf7a087f235cb64?s=96&d=mm&r=g","caption":"wowlatammk.com"},"sameAs":["http:\/\/wowlatammk.com"],"url":"https:\/\/www.ufinet.com\/pt-br\/author\/wowlatammk-com\/"}]}},"rttpg_featured_image_url":{"full":["https:\/\/www.ufinet.com\/wp-content\/uploads\/2021\/11\/211105-Fotografia-oficial-UFINET-y-Presidente-de-Ecuador-scaled-1.jpg",2048,1536,false],"landscape":["https:\/\/www.ufinet.com\/wp-content\/uploads\/2021\/11\/211105-Fotografia-oficial-UFINET-y-Presidente-de-Ecuador-scaled-1.jpg",2048,1536,false],"portraits":["https:\/\/www.ufinet.com\/wp-content\/uploads\/2021\/11\/211105-Fotografia-oficial-UFINET-y-Presidente-de-Ecuador-scaled-1.jpg",2048,1536,false],"thumbnail":["https:\/\/www.ufinet.com\/wp-content\/uploads\/2021\/11\/211105-Fotografia-oficial-UFINET-y-Presidente-de-Ecuador-scaled-1-150x150.jpg",150,150,true],"medium":["https:\/\/www.ufinet.com\/wp-content\/uploads\/2021\/11\/211105-Fotografia-oficial-UFINET-y-Presidente-de-Ecuador-scaled-1-300x225.jpg",300,225,true],"large":["https:\/\/www.ufinet.com\/wp-content\/uploads\/2021\/11\/211105-Fotografia-oficial-UFINET-y-Presidente-de-Ecuador-scaled-1-1024x768.jpg",1024,768,true],"1536x1536":["https:\/\/www.ufinet.com\/wp-content\/uploads\/2021\/11\/211105-Fotografia-oficial-UFINET-y-Presidente-de-Ecuador-scaled-1-1536x1152.jpg",1536,1152,true],"2048x2048":["https:\/\/www.ufinet.com\/wp-content\/uploads\/2021\/11\/211105-Fotografia-oficial-UFINET-y-Presidente-de-Ecuador-scaled-1.jpg",2048,1536,false],"htliser_size_396x360":["https:\/\/www.ufinet.com\/wp-content\/uploads\/2021\/11\/211105-Fotografia-oficial-UFINET-y-Presidente-de-Ecuador-scaled-1-396x360.jpg",396,360,true],"htslider_size_1170x536":["https:\/\/www.ufinet.com\/wp-content\/uploads\/2021\/11\/211105-Fotografia-oficial-UFINET-y-Presidente-de-Ecuador-scaled-1-1170x536.jpg",1170,536,true]},"rttpg_author":{"display_name":"wowlatammk.com","author_link":"https:\/\/www.ufinet.com\/pt-br\/author\/wowlatammk-com\/"},"rttpg_comment":0,"rttpg_category":"<a href=\"https:\/\/www.ufinet.com\/pt-br\/category\/noticias\/\" rel=\"category tag\">not\u00edcias<\/a>","rttpg_excerpt":"Madri, 8 de novembro de 2021 No \u00e2mbito da visita oficial \u00e0 Espanha do presidente do Equador, Guillermo Lasso, altos funcion\u00e1rios da UFINET se reuniram na \u00faltima sexta-feira com o presidente e ministros do pa\u00eds americano. A visita oficial do governo equatoriano \u00e0 Espanha compreendeu um per\u00edodo de dois dias em que o presidente Lasso&hellip;","_links":{"self":[{"href":"https:\/\/www.ufinet.com\/pt-br\/wp-json\/wp\/v2\/posts\/35490","targetHints":{"allow":["GET"]}}],"collection":[{"href":"https:\/\/www.ufinet.com\/pt-br\/wp-json\/wp\/v2\/posts"}],"about":[{"href":"https:\/\/www.ufinet.com\/pt-br\/wp-json\/wp\/v2\/types\/post"}],"author":[{"embeddable":true,"href":"https:\/\/www.ufinet.com\/pt-br\/wp-json\/wp\/v2\/users\/1"}],"replies":[{"embeddable":true,"href":"https:\/\/www.ufinet.com\/pt-br\/wp-json\/wp\/v2\/comments?post=35490"}],"version-history":[{"count":0,"href":"https:\/\/www.ufinet.com\/pt-br\/wp-json\/wp\/v2\/posts\/35490\/revisions"}],"wp:featuredmedia":[{"embeddable":true,"href":"https:\/\/www.ufinet.com\/pt-br\/wp-json\/wp\/v2\/media\/34338"}],"wp:attachment":[{"href":"https:\/\/www.ufinet.com\/pt-br\/wp-json\/wp\/v2\/media?parent=35490"}],"wp:term":[{"taxonomy":"category","embeddable":true,"href":"https:\/\/www.ufinet.com\/pt-br\/wp-json\/wp\/v2\/categories?post=35490"},{"taxonomy":"post_tag","embeddable":true,"href":"https:\/\/www.ufinet.com\/pt-br\/wp-json\/wp\/v2\/tags?post=35490"}],"curies":[{"name":"wp","href":"https:\/\/api.w.org\/{rel}","templated":true}]}}