{"id":35479,"date":"2021-09-22T16:44:10","date_gmt":"2021-09-22T22:44:10","guid":{"rendered":"https:\/\/www.ufinet.com\/a-importancia-de-ter-o-parceiro-certo-de-distribuicao-de-fibra-optica-para-uma-conectividade-de-nuvem-bem-sucedida\/"},"modified":"2021-09-22T16:44:10","modified_gmt":"2021-09-22T22:44:10","slug":"a-importancia-de-ter-o-parceiro-certo-de-distribuicao-de-fibra-optica-para-uma-conectividade-de-nuvem-bem-sucedida","status":"publish","type":"post","link":"https:\/\/www.ufinet.com\/pt-br\/a-importancia-de-ter-o-parceiro-certo-de-distribuicao-de-fibra-optica-para-uma-conectividade-de-nuvem-bem-sucedida\/","title":{"rendered":"A import\u00e2ncia de ter o parceiro certo de distribui\u00e7\u00e3o de fibra \u00f3ptica para uma conectividade de nuvem bem-sucedida"},"content":{"rendered":"<p>A computa\u00e7\u00e3o em nuvem continua a revolucionar a maneira como bilh\u00f5es de pessoas em todo o mundo interagem e gerenciam seus neg\u00f3cios. 94% das empresas afirmam que atualmente usam alguma forma de servi\u00e7os em nuvem. De acordo com a <a href=\"https:\/\/www.idc.com\/\">International Data Cooperation (IDC)<\/a>, o mercado global de servi\u00e7os de nuvem p\u00fablica crescer\u00e1 24,1% em rela\u00e7\u00e3o ao ano anterior em 2020, com receitas que totalizam mais de US$ 312 bilh\u00f5es.<\/p>\n<p>A conectividade de alta largura de banda com a Internet \u00e9 um fator essencial em uma implementa\u00e7\u00e3o completa da nuvem. Os aplicativos corporativos com uso intenso de largura de banda dependem muito da conectividade confi\u00e1vel com a Internet para otimizar o armazenamento e o poder de computa\u00e7\u00e3o da nuvem. Para que voc\u00ea fa\u00e7a a transi\u00e7\u00e3o para a computa\u00e7\u00e3o em nuvem, \u00e9 melhor contratar um parceiro de distribui\u00e7\u00e3o de fibra \u00f3ptica que se adapte \u00e0 sua arquitetura de nuvem.<\/p>\n<h2>Entendendo a computa\u00e7\u00e3o em nuvem<\/h2>\n<p>A computa\u00e7\u00e3o em nuvem consiste em v\u00e1rias camadas, incluindo um <em>front-end<\/em> (interface) e um <em>back-end<\/em> para sua infraestrutura. A interface \u00e9 o lado com o qual seus clientes interagem por meio de seus dispositivos, e a conectividade com a Internet permite que o p\u00fablico acesse a nuvem e avalie seus produtos ou servi\u00e7os.<\/p>\n<p>O <em>back-end<\/em> est\u00e1 relacionado aos computadores, \u00e0s instala\u00e7\u00f5es e aos sistemas de armazenamento de dados necess\u00e1rios para alimentar a interface com a qual o p\u00fablico interage. Isso envolve a implementa\u00e7\u00e3o de alta capacidade de computa\u00e7\u00e3o, realizando dezenas de bilh\u00f5es de c\u00e1lculos por segundo para fornecer a interface. Dessa forma, a computa\u00e7\u00e3o em nuvem pode ser dividida em Infraestrutura como Servi\u00e7o (IaaS), Plataforma como Servi\u00e7o (PaaS) e Software como Servi\u00e7o (SaaS).<\/p>\n<h2>Por que uma operadora de fibra \u00f3ptica experiente \u00e9 crucial para a conectividade da sua nuvem?<\/h2>\n<p>A computa\u00e7\u00e3o em nuvem usa uma camada de servidor baseada na Internet, que substitui os sistemas legados. Sua produtividade nos servi\u00e7os de nuvem pode depender da conectividade com a Internet e da largura de banda. Aqui est\u00e3o v\u00e1rios motivos pelos quais voc\u00ea deve considerar os servi\u00e7os de rede de fibra.<\/p>\n<h3><strong>1. velocidade<\/strong><\/h3>\n<p>A conectividade com a nuvem pode exigir acesso dedicado \u00e0 Internet para sua empresa. Atualmente, a fibra \u00f3ptica \u00e9 a tecnologia mais eficiente que pode suportar a crescente demanda por computa\u00e7\u00e3o em nuvem. \u00c9 o mecanismo de comunica\u00e7\u00e3o pr\u00e1tico insuper\u00e1vel que pode transportar um trilh\u00e3o de bits por segundo. Al\u00e9m disso, a conectividade de fibra na nuvem pode oferecer velocidades sim\u00e9tricas, proporcionando uma rede mais est\u00e1vel do que outras formas de conectividade com a Internet.<\/p>\n<h3><strong>2. Escalabilidade<\/strong><\/h3>\n<p>A IDC estima que o alcance global de dados continuar\u00e1 a crescer exponencialmente, atingindo mais de 175 Zettabytes at\u00e9 2025 (um Zettabyte \u00e9 aproximadamente igual a mil Exabytes, um bilh\u00e3o de Terabytes ou um trilh\u00e3o de Gigabytes), com a maioria em servidores em nuvem. Sua operadora de telecomunica\u00e7\u00f5es com infraestrutura de fibra \u00f3ptica pode oferecer a voc\u00ea a maneira mais f\u00e1cil e econ\u00f4mica de expandir sua conectividade para a expans\u00e3o dos neg\u00f3cios. Uma \u00fanica fibra \u00f3ptica pode transportar mais de 3.000.000 de chamadas de voz full-duplex ou 90.000 canais de TV. Da mesma forma, uma boa operadora de fibra \u00f3ptica pode fornecer a voc\u00ea milhares de quil\u00f4metros de fibra escura para ajud\u00e1-lo a expandir seus neg\u00f3cios.<\/p>\n<h3><strong>3. seguran\u00e7a<\/strong><\/h3>\n<p>N\u00e3o \u00e9 de surpreender que 75% das empresas que est\u00e3o migrando para a computa\u00e7\u00e3o em nuvem declarem os problemas de seguran\u00e7a como sua principal preocupa\u00e7\u00e3o. Configura\u00e7\u00e3o incorreta, acesso n\u00e3o autorizado, compartilhamento de dados e APIs inseguras s\u00e3o apenas alguns dos desafios de seguran\u00e7a mais urgentes. Proteger a sua conectividade com a Internet com uma operadora de fibra \u00f3ptica confi\u00e1vel e experiente permitir\u00e1 que voc\u00ea desfrute de uma conex\u00e3o mais segura. Outra vantagem \u00e9 que a fibra \u00f3ptica n\u00e3o irradia sinais, o que dificulta a invas\u00e3o ou o acesso.<\/p>\n<h2>UFINET: seu parceiro de distribui\u00e7\u00e3o de fibra \u00f3ptica<\/h2>\n<p>A computa\u00e7\u00e3o em nuvem e a infraestrutura s\u00e3o o futuro da TI, com a conectividade de fibra como combust\u00edvel para acelerar seus neg\u00f3cios rumo \u00e0 implementa\u00e7\u00e3o total. A UFINET \u00e9 uma operadora e integradora de distribui\u00e7\u00e3o de fibra \u00f3ptica neutra que opera uma vasta rede conectando o M\u00e9xico, a Am\u00e9rica Latina e os Estados Unidos. <a href=\"https:\/\/www.ufinet.com\/es\/contacto\/\">Entre em contato conosco<\/a> para saber mais sobre os benef\u00edcios de se integrar \u00e0 nossa rede de 75.000 km de fibra.<\/p>\n","protected":false},"excerpt":{"rendered":"<p>A computa\u00e7\u00e3o em nuvem continua a revolucionar a maneira como bilh\u00f5es de pessoas em todo o mundo interagem e gerenciam seus neg\u00f3cios. 94% das empresas afirmam que atualmente usam alguma forma de servi\u00e7os em nuvem. De acordo com a International Data Cooperation (IDC), o mercado global de servi\u00e7os de nuvem p\u00fablica crescer\u00e1 24,1% em rela\u00e7\u00e3o [&hellip;]<\/p>\n","protected":false},"author":1,"featured_media":34273,"comment_status":"closed","ping_status":"open","sticky":false,"template":"","format":"standard","meta":{"site-sidebar-layout":"default","site-content-layout":"","ast-site-content-layout":"default","site-content-style":"default","site-sidebar-style":"default","ast-global-header-display":"","ast-banner-title-visibility":"","ast-main-header-display":"","ast-hfb-above-header-display":"","ast-hfb-below-header-display":"","ast-hfb-mobile-header-display":"","site-post-title":"","ast-breadcrumbs-content":"","ast-featured-img":"disabled","footer-sml-layout":"","ast-disable-related-posts":"","theme-transparent-header-meta":"","adv-header-id-meta":"","stick-header-meta":"","header-above-stick-meta":"","header-main-stick-meta":"","header-below-stick-meta":"","astra-migrate-meta-layouts":"default","ast-page-background-enabled":"default","ast-page-background-meta":{"desktop":{"background-color":"","background-image":"","background-repeat":"repeat","background-position":"center center","background-size":"auto","background-attachment":"scroll","background-type":"","background-media":"","overlay-type":"","overlay-color":"","overlay-opacity":"","overlay-gradient":""},"tablet":{"background-color":"","background-image":"","background-repeat":"repeat","background-position":"center center","background-size":"auto","background-attachment":"scroll","background-type":"","background-media":"","overlay-type":"","overlay-color":"","overlay-opacity":"","overlay-gradient":""},"mobile":{"background-color":"","background-image":"","background-repeat":"repeat","background-position":"center center","background-size":"auto","background-attachment":"scroll","background-type":"","background-media":"","overlay-type":"","overlay-color":"","overlay-opacity":"","overlay-gradient":""}},"ast-content-background-meta":{"desktop":{"background-color":"var(--ast-global-color-5)","background-image":"","background-repeat":"repeat","background-position":"center center","background-size":"auto","background-attachment":"scroll","background-type":"","background-media":"","overlay-type":"","overlay-color":"","overlay-opacity":"","overlay-gradient":""},"tablet":{"background-color":"var(--ast-global-color-5)","background-image":"","background-repeat":"repeat","background-position":"center center","background-size":"auto","background-attachment":"scroll","background-type":"","background-media":"","overlay-type":"","overlay-color":"","overlay-opacity":"","overlay-gradient":""},"mobile":{"background-color":"var(--ast-global-color-5)","background-image":"","background-repeat":"repeat","background-position":"center center","background-size":"auto","background-attachment":"scroll","background-type":"","background-media":"","overlay-type":"","overlay-color":"","overlay-opacity":"","overlay-gradient":""}},"footnotes":""},"categories":[113],"tags":[],"class_list":["post-35479","post","type-post","status-publish","format-standard","has-post-thumbnail","hentry","category-noticias"],"yoast_head":"<!-- This site is optimized with the Yoast SEO plugin v27.4 - https:\/\/yoast.com\/product\/yoast-seo-wordpress\/ -->\n<title>A import\u00e2ncia de ter o parceiro certo de distribui\u00e7\u00e3o de fibra \u00f3ptica para uma conectividade de nuvem bem-sucedida - Ufinet | A rede que conecta voc\u00ea \u00e0 Am\u00e9rica Latina<\/title>\n<meta name=\"description\" content=\"A computa\u00e7\u00e3o em nuvem continua a revolucionar a maneira como bilh\u00f5es de pessoas em todo o mundo interagem e gerenciam seus neg\u00f3cios.\" \/>\n<meta name=\"robots\" content=\"index, follow, max-snippet:-1, max-image-preview:large, max-video-preview:-1\" \/>\n<link rel=\"canonical\" href=\"https:\/\/www.ufinet.com\/pt-br\/a-importancia-de-ter-o-parceiro-certo-de-distribuicao-de-fibra-optica-para-uma-conectividade-de-nuvem-bem-sucedida\/\" \/>\n<meta property=\"og:locale\" content=\"pt_BR\" \/>\n<meta property=\"og:type\" content=\"article\" \/>\n<meta property=\"og:title\" content=\"A import\u00e2ncia de ter o parceiro certo de distribui\u00e7\u00e3o de fibra \u00f3ptica para uma conectividade de nuvem bem-sucedida - Ufinet | A rede que conecta voc\u00ea \u00e0 Am\u00e9rica Latina\" \/>\n<meta property=\"og:description\" content=\"A computa\u00e7\u00e3o em nuvem continua a revolucionar a maneira como bilh\u00f5es de pessoas em todo o mundo interagem e gerenciam seus neg\u00f3cios.\" \/>\n<meta property=\"og:url\" content=\"https:\/\/www.ufinet.com\/pt-br\/a-importancia-de-ter-o-parceiro-certo-de-distribuicao-de-fibra-optica-para-uma-conectividade-de-nuvem-bem-sucedida\/\" \/>\n<meta property=\"og:site_name\" content=\"Ufinet | A rede que conecta voc\u00ea \u00e0 Am\u00e9rica Latina\" \/>\n<meta property=\"article:published_time\" content=\"2021-09-22T22:44:10+00:00\" \/>\n<meta property=\"og:image\" content=\"https:\/\/www.ufinet.com\/wp-content\/uploads\/2024\/06\/827157-1-scaled-1.jpg\" \/>\n\t<meta property=\"og:image:width\" content=\"2048\" \/>\n\t<meta property=\"og:image:height\" content=\"1291\" \/>\n\t<meta property=\"og:image:type\" content=\"image\/jpeg\" \/>\n<meta name=\"author\" content=\"wowlatammk.com\" \/>\n<meta name=\"twitter:card\" content=\"summary_large_image\" \/>\n<meta name=\"twitter:label1\" content=\"Escrito por\" \/>\n\t<meta name=\"twitter:data1\" content=\"wowlatammk.com\" \/>\n\t<meta name=\"twitter:label2\" content=\"Est. tempo de leitura\" \/>\n\t<meta name=\"twitter:data2\" content=\"4 minutos\" \/>\n<script type=\"application\/ld+json\" class=\"yoast-schema-graph\">{\"@context\":\"https:\\\/\\\/schema.org\",\"@graph\":[{\"@type\":\"Article\",\"@id\":\"https:\\\/\\\/www.ufinet.com\\\/pt-br\\\/a-importancia-de-ter-o-parceiro-certo-de-distribuicao-de-fibra-optica-para-uma-conectividade-de-nuvem-bem-sucedida\\\/#article\",\"isPartOf\":{\"@id\":\"https:\\\/\\\/www.ufinet.com\\\/pt-br\\\/a-importancia-de-ter-o-parceiro-certo-de-distribuicao-de-fibra-optica-para-uma-conectividade-de-nuvem-bem-sucedida\\\/\"},\"author\":{\"name\":\"wowlatammk.com\",\"@id\":\"https:\\\/\\\/www.ufinet.com\\\/pt-br\\\/#\\\/schema\\\/person\\\/19b7e96681bc1c0d4ca6b8d4d4ad07cd\"},\"headline\":\"A import\u00e2ncia de ter o parceiro certo de distribui\u00e7\u00e3o de fibra \u00f3ptica para uma conectividade de nuvem bem-sucedida\",\"datePublished\":\"2021-09-22T22:44:10+00:00\",\"mainEntityOfPage\":{\"@id\":\"https:\\\/\\\/www.ufinet.com\\\/pt-br\\\/a-importancia-de-ter-o-parceiro-certo-de-distribuicao-de-fibra-optica-para-uma-conectividade-de-nuvem-bem-sucedida\\\/\"},\"wordCount\":781,\"publisher\":{\"@id\":\"https:\\\/\\\/www.ufinet.com\\\/pt-br\\\/#organization\"},\"image\":{\"@id\":\"https:\\\/\\\/www.ufinet.com\\\/pt-br\\\/a-importancia-de-ter-o-parceiro-certo-de-distribuicao-de-fibra-optica-para-uma-conectividade-de-nuvem-bem-sucedida\\\/#primaryimage\"},\"thumbnailUrl\":\"https:\\\/\\\/www.ufinet.com\\\/wp-content\\\/uploads\\\/2024\\\/06\\\/827157-1-scaled-1.jpg\",\"articleSection\":[\"not\u00edcias\"],\"inLanguage\":\"pt-BR\"},{\"@type\":\"WebPage\",\"@id\":\"https:\\\/\\\/www.ufinet.com\\\/pt-br\\\/a-importancia-de-ter-o-parceiro-certo-de-distribuicao-de-fibra-optica-para-uma-conectividade-de-nuvem-bem-sucedida\\\/\",\"url\":\"https:\\\/\\\/www.ufinet.com\\\/pt-br\\\/a-importancia-de-ter-o-parceiro-certo-de-distribuicao-de-fibra-optica-para-uma-conectividade-de-nuvem-bem-sucedida\\\/\",\"name\":\"A import\u00e2ncia de ter o parceiro certo de distribui\u00e7\u00e3o de fibra \u00f3ptica para uma conectividade de nuvem bem-sucedida - Ufinet | A rede que conecta voc\u00ea \u00e0 Am\u00e9rica Latina\",\"isPartOf\":{\"@id\":\"https:\\\/\\\/www.ufinet.com\\\/pt-br\\\/#website\"},\"primaryImageOfPage\":{\"@id\":\"https:\\\/\\\/www.ufinet.com\\\/pt-br\\\/a-importancia-de-ter-o-parceiro-certo-de-distribuicao-de-fibra-optica-para-uma-conectividade-de-nuvem-bem-sucedida\\\/#primaryimage\"},\"image\":{\"@id\":\"https:\\\/\\\/www.ufinet.com\\\/pt-br\\\/a-importancia-de-ter-o-parceiro-certo-de-distribuicao-de-fibra-optica-para-uma-conectividade-de-nuvem-bem-sucedida\\\/#primaryimage\"},\"thumbnailUrl\":\"https:\\\/\\\/www.ufinet.com\\\/wp-content\\\/uploads\\\/2024\\\/06\\\/827157-1-scaled-1.jpg\",\"datePublished\":\"2021-09-22T22:44:10+00:00\",\"description\":\"A computa\u00e7\u00e3o em nuvem continua a revolucionar a maneira como bilh\u00f5es de pessoas em todo o mundo interagem e gerenciam seus neg\u00f3cios.\",\"breadcrumb\":{\"@id\":\"https:\\\/\\\/www.ufinet.com\\\/pt-br\\\/a-importancia-de-ter-o-parceiro-certo-de-distribuicao-de-fibra-optica-para-uma-conectividade-de-nuvem-bem-sucedida\\\/#breadcrumb\"},\"inLanguage\":\"pt-BR\",\"potentialAction\":[{\"@type\":\"ReadAction\",\"target\":[\"https:\\\/\\\/www.ufinet.com\\\/pt-br\\\/a-importancia-de-ter-o-parceiro-certo-de-distribuicao-de-fibra-optica-para-uma-conectividade-de-nuvem-bem-sucedida\\\/\"]}]},{\"@type\":\"ImageObject\",\"inLanguage\":\"pt-BR\",\"@id\":\"https:\\\/\\\/www.ufinet.com\\\/pt-br\\\/a-importancia-de-ter-o-parceiro-certo-de-distribuicao-de-fibra-optica-para-uma-conectividade-de-nuvem-bem-sucedida\\\/#primaryimage\",\"url\":\"https:\\\/\\\/www.ufinet.com\\\/wp-content\\\/uploads\\\/2024\\\/06\\\/827157-1-scaled-1.jpg\",\"contentUrl\":\"https:\\\/\\\/www.ufinet.com\\\/wp-content\\\/uploads\\\/2024\\\/06\\\/827157-1-scaled-1.jpg\",\"width\":2048,\"height\":1291},{\"@type\":\"BreadcrumbList\",\"@id\":\"https:\\\/\\\/www.ufinet.com\\\/pt-br\\\/a-importancia-de-ter-o-parceiro-certo-de-distribuicao-de-fibra-optica-para-uma-conectividade-de-nuvem-bem-sucedida\\\/#breadcrumb\",\"itemListElement\":[{\"@type\":\"ListItem\",\"position\":1,\"name\":\"Home\",\"item\":\"https:\\\/\\\/www.ufinet.com\\\/pt-br\\\/\"},{\"@type\":\"ListItem\",\"position\":2,\"name\":\"A import\u00e2ncia de ter o parceiro certo de distribui\u00e7\u00e3o de fibra \u00f3ptica para uma conectividade de nuvem bem-sucedida\"}]},{\"@type\":\"WebSite\",\"@id\":\"https:\\\/\\\/www.ufinet.com\\\/pt-br\\\/#website\",\"url\":\"https:\\\/\\\/www.ufinet.com\\\/pt-br\\\/\",\"name\":\"Ufinet\",\"description\":\"Somos a \u00fanica operadora na Am\u00e9rica Latina que \u00e9 100% NEUTRA.\",\"publisher\":{\"@id\":\"https:\\\/\\\/www.ufinet.com\\\/pt-br\\\/#organization\"},\"potentialAction\":[{\"@type\":\"SearchAction\",\"target\":{\"@type\":\"EntryPoint\",\"urlTemplate\":\"https:\\\/\\\/www.ufinet.com\\\/pt-br\\\/?s={search_term_string}\"},\"query-input\":{\"@type\":\"PropertyValueSpecification\",\"valueRequired\":true,\"valueName\":\"search_term_string\"}}],\"inLanguage\":\"pt-BR\"},{\"@type\":\"Organization\",\"@id\":\"https:\\\/\\\/www.ufinet.com\\\/pt-br\\\/#organization\",\"name\":\"Ufinet\",\"url\":\"https:\\\/\\\/www.ufinet.com\\\/pt-br\\\/\",\"logo\":{\"@type\":\"ImageObject\",\"inLanguage\":\"pt-BR\",\"@id\":\"https:\\\/\\\/www.ufinet.com\\\/pt-br\\\/#\\\/schema\\\/logo\\\/image\\\/\",\"url\":\"https:\\\/\\\/www.ufinet.com\\\/wp-content\\\/uploads\\\/2024\\\/06\\\/cropped-Recurso-1.png\",\"contentUrl\":\"https:\\\/\\\/www.ufinet.com\\\/wp-content\\\/uploads\\\/2024\\\/06\\\/cropped-Recurso-1.png\",\"width\":1654,\"height\":705,\"caption\":\"Ufinet\"},\"image\":{\"@id\":\"https:\\\/\\\/www.ufinet.com\\\/pt-br\\\/#\\\/schema\\\/logo\\\/image\\\/\"}},{\"@type\":\"Person\",\"@id\":\"https:\\\/\\\/www.ufinet.com\\\/pt-br\\\/#\\\/schema\\\/person\\\/19b7e96681bc1c0d4ca6b8d4d4ad07cd\",\"name\":\"wowlatammk.com\",\"image\":{\"@type\":\"ImageObject\",\"inLanguage\":\"pt-BR\",\"@id\":\"https:\\\/\\\/secure.gravatar.com\\\/avatar\\\/f73c2b6f2e8dbad969fd10342fe2028ced9bf45ec4f05b0acbf7a087f235cb64?s=96&d=mm&r=g\",\"url\":\"https:\\\/\\\/secure.gravatar.com\\\/avatar\\\/f73c2b6f2e8dbad969fd10342fe2028ced9bf45ec4f05b0acbf7a087f235cb64?s=96&d=mm&r=g\",\"contentUrl\":\"https:\\\/\\\/secure.gravatar.com\\\/avatar\\\/f73c2b6f2e8dbad969fd10342fe2028ced9bf45ec4f05b0acbf7a087f235cb64?s=96&d=mm&r=g\",\"caption\":\"wowlatammk.com\"},\"sameAs\":[\"http:\\\/\\\/wowlatammk.com\"],\"url\":\"https:\\\/\\\/www.ufinet.com\\\/pt-br\\\/author\\\/wowlatammk-com\\\/\"}]}<\/script>\n<!-- \/ Yoast SEO plugin. -->","yoast_head_json":{"title":"A import\u00e2ncia de ter o parceiro certo de distribui\u00e7\u00e3o de fibra \u00f3ptica para uma conectividade de nuvem bem-sucedida - Ufinet | A rede que conecta voc\u00ea \u00e0 Am\u00e9rica Latina","description":"A computa\u00e7\u00e3o em nuvem continua a revolucionar a maneira como bilh\u00f5es de pessoas em todo o mundo interagem e gerenciam seus neg\u00f3cios.","robots":{"index":"index","follow":"follow","max-snippet":"max-snippet:-1","max-image-preview":"max-image-preview:large","max-video-preview":"max-video-preview:-1"},"canonical":"https:\/\/www.ufinet.com\/pt-br\/a-importancia-de-ter-o-parceiro-certo-de-distribuicao-de-fibra-optica-para-uma-conectividade-de-nuvem-bem-sucedida\/","og_locale":"pt_BR","og_type":"article","og_title":"A import\u00e2ncia de ter o parceiro certo de distribui\u00e7\u00e3o de fibra \u00f3ptica para uma conectividade de nuvem bem-sucedida - Ufinet | A rede que conecta voc\u00ea \u00e0 Am\u00e9rica Latina","og_description":"A computa\u00e7\u00e3o em nuvem continua a revolucionar a maneira como bilh\u00f5es de pessoas em todo o mundo interagem e gerenciam seus neg\u00f3cios.","og_url":"https:\/\/www.ufinet.com\/pt-br\/a-importancia-de-ter-o-parceiro-certo-de-distribuicao-de-fibra-optica-para-uma-conectividade-de-nuvem-bem-sucedida\/","og_site_name":"Ufinet | A rede que conecta voc\u00ea \u00e0 Am\u00e9rica Latina","article_published_time":"2021-09-22T22:44:10+00:00","og_image":[{"width":2048,"height":1291,"url":"https:\/\/www.ufinet.com\/wp-content\/uploads\/2024\/06\/827157-1-scaled-1.jpg","type":"image\/jpeg"}],"author":"wowlatammk.com","twitter_card":"summary_large_image","twitter_misc":{"Escrito por":"wowlatammk.com","Est. tempo de leitura":"4 minutos"},"schema":{"@context":"https:\/\/schema.org","@graph":[{"@type":"Article","@id":"https:\/\/www.ufinet.com\/pt-br\/a-importancia-de-ter-o-parceiro-certo-de-distribuicao-de-fibra-optica-para-uma-conectividade-de-nuvem-bem-sucedida\/#article","isPartOf":{"@id":"https:\/\/www.ufinet.com\/pt-br\/a-importancia-de-ter-o-parceiro-certo-de-distribuicao-de-fibra-optica-para-uma-conectividade-de-nuvem-bem-sucedida\/"},"author":{"name":"wowlatammk.com","@id":"https:\/\/www.ufinet.com\/pt-br\/#\/schema\/person\/19b7e96681bc1c0d4ca6b8d4d4ad07cd"},"headline":"A import\u00e2ncia de ter o parceiro certo de distribui\u00e7\u00e3o de fibra \u00f3ptica para uma conectividade de nuvem bem-sucedida","datePublished":"2021-09-22T22:44:10+00:00","mainEntityOfPage":{"@id":"https:\/\/www.ufinet.com\/pt-br\/a-importancia-de-ter-o-parceiro-certo-de-distribuicao-de-fibra-optica-para-uma-conectividade-de-nuvem-bem-sucedida\/"},"wordCount":781,"publisher":{"@id":"https:\/\/www.ufinet.com\/pt-br\/#organization"},"image":{"@id":"https:\/\/www.ufinet.com\/pt-br\/a-importancia-de-ter-o-parceiro-certo-de-distribuicao-de-fibra-optica-para-uma-conectividade-de-nuvem-bem-sucedida\/#primaryimage"},"thumbnailUrl":"https:\/\/www.ufinet.com\/wp-content\/uploads\/2024\/06\/827157-1-scaled-1.jpg","articleSection":["not\u00edcias"],"inLanguage":"pt-BR"},{"@type":"WebPage","@id":"https:\/\/www.ufinet.com\/pt-br\/a-importancia-de-ter-o-parceiro-certo-de-distribuicao-de-fibra-optica-para-uma-conectividade-de-nuvem-bem-sucedida\/","url":"https:\/\/www.ufinet.com\/pt-br\/a-importancia-de-ter-o-parceiro-certo-de-distribuicao-de-fibra-optica-para-uma-conectividade-de-nuvem-bem-sucedida\/","name":"A import\u00e2ncia de ter o parceiro certo de distribui\u00e7\u00e3o de fibra \u00f3ptica para uma conectividade de nuvem bem-sucedida - Ufinet | A rede que conecta voc\u00ea \u00e0 Am\u00e9rica Latina","isPartOf":{"@id":"https:\/\/www.ufinet.com\/pt-br\/#website"},"primaryImageOfPage":{"@id":"https:\/\/www.ufinet.com\/pt-br\/a-importancia-de-ter-o-parceiro-certo-de-distribuicao-de-fibra-optica-para-uma-conectividade-de-nuvem-bem-sucedida\/#primaryimage"},"image":{"@id":"https:\/\/www.ufinet.com\/pt-br\/a-importancia-de-ter-o-parceiro-certo-de-distribuicao-de-fibra-optica-para-uma-conectividade-de-nuvem-bem-sucedida\/#primaryimage"},"thumbnailUrl":"https:\/\/www.ufinet.com\/wp-content\/uploads\/2024\/06\/827157-1-scaled-1.jpg","datePublished":"2021-09-22T22:44:10+00:00","description":"A computa\u00e7\u00e3o em nuvem continua a revolucionar a maneira como bilh\u00f5es de pessoas em todo o mundo interagem e gerenciam seus neg\u00f3cios.","breadcrumb":{"@id":"https:\/\/www.ufinet.com\/pt-br\/a-importancia-de-ter-o-parceiro-certo-de-distribuicao-de-fibra-optica-para-uma-conectividade-de-nuvem-bem-sucedida\/#breadcrumb"},"inLanguage":"pt-BR","potentialAction":[{"@type":"ReadAction","target":["https:\/\/www.ufinet.com\/pt-br\/a-importancia-de-ter-o-parceiro-certo-de-distribuicao-de-fibra-optica-para-uma-conectividade-de-nuvem-bem-sucedida\/"]}]},{"@type":"ImageObject","inLanguage":"pt-BR","@id":"https:\/\/www.ufinet.com\/pt-br\/a-importancia-de-ter-o-parceiro-certo-de-distribuicao-de-fibra-optica-para-uma-conectividade-de-nuvem-bem-sucedida\/#primaryimage","url":"https:\/\/www.ufinet.com\/wp-content\/uploads\/2024\/06\/827157-1-scaled-1.jpg","contentUrl":"https:\/\/www.ufinet.com\/wp-content\/uploads\/2024\/06\/827157-1-scaled-1.jpg","width":2048,"height":1291},{"@type":"BreadcrumbList","@id":"https:\/\/www.ufinet.com\/pt-br\/a-importancia-de-ter-o-parceiro-certo-de-distribuicao-de-fibra-optica-para-uma-conectividade-de-nuvem-bem-sucedida\/#breadcrumb","itemListElement":[{"@type":"ListItem","position":1,"name":"Home","item":"https:\/\/www.ufinet.com\/pt-br\/"},{"@type":"ListItem","position":2,"name":"A import\u00e2ncia de ter o parceiro certo de distribui\u00e7\u00e3o de fibra \u00f3ptica para uma conectividade de nuvem bem-sucedida"}]},{"@type":"WebSite","@id":"https:\/\/www.ufinet.com\/pt-br\/#website","url":"https:\/\/www.ufinet.com\/pt-br\/","name":"Ufinet","description":"Somos a \u00fanica operadora na Am\u00e9rica Latina que \u00e9 100% NEUTRA.","publisher":{"@id":"https:\/\/www.ufinet.com\/pt-br\/#organization"},"potentialAction":[{"@type":"SearchAction","target":{"@type":"EntryPoint","urlTemplate":"https:\/\/www.ufinet.com\/pt-br\/?s={search_term_string}"},"query-input":{"@type":"PropertyValueSpecification","valueRequired":true,"valueName":"search_term_string"}}],"inLanguage":"pt-BR"},{"@type":"Organization","@id":"https:\/\/www.ufinet.com\/pt-br\/#organization","name":"Ufinet","url":"https:\/\/www.ufinet.com\/pt-br\/","logo":{"@type":"ImageObject","inLanguage":"pt-BR","@id":"https:\/\/www.ufinet.com\/pt-br\/#\/schema\/logo\/image\/","url":"https:\/\/www.ufinet.com\/wp-content\/uploads\/2024\/06\/cropped-Recurso-1.png","contentUrl":"https:\/\/www.ufinet.com\/wp-content\/uploads\/2024\/06\/cropped-Recurso-1.png","width":1654,"height":705,"caption":"Ufinet"},"image":{"@id":"https:\/\/www.ufinet.com\/pt-br\/#\/schema\/logo\/image\/"}},{"@type":"Person","@id":"https:\/\/www.ufinet.com\/pt-br\/#\/schema\/person\/19b7e96681bc1c0d4ca6b8d4d4ad07cd","name":"wowlatammk.com","image":{"@type":"ImageObject","inLanguage":"pt-BR","@id":"https:\/\/secure.gravatar.com\/avatar\/f73c2b6f2e8dbad969fd10342fe2028ced9bf45ec4f05b0acbf7a087f235cb64?s=96&d=mm&r=g","url":"https:\/\/secure.gravatar.com\/avatar\/f73c2b6f2e8dbad969fd10342fe2028ced9bf45ec4f05b0acbf7a087f235cb64?s=96&d=mm&r=g","contentUrl":"https:\/\/secure.gravatar.com\/avatar\/f73c2b6f2e8dbad969fd10342fe2028ced9bf45ec4f05b0acbf7a087f235cb64?s=96&d=mm&r=g","caption":"wowlatammk.com"},"sameAs":["http:\/\/wowlatammk.com"],"url":"https:\/\/www.ufinet.com\/pt-br\/author\/wowlatammk-com\/"}]}},"rttpg_featured_image_url":{"full":["https:\/\/www.ufinet.com\/wp-content\/uploads\/2024\/06\/827157-1-scaled-1.jpg",2048,1291,false],"landscape":["https:\/\/www.ufinet.com\/wp-content\/uploads\/2024\/06\/827157-1-scaled-1.jpg",2048,1291,false],"portraits":["https:\/\/www.ufinet.com\/wp-content\/uploads\/2024\/06\/827157-1-scaled-1.jpg",2048,1291,false],"thumbnail":["https:\/\/www.ufinet.com\/wp-content\/uploads\/2024\/06\/827157-1-scaled-1-150x150.jpg",150,150,true],"medium":["https:\/\/www.ufinet.com\/wp-content\/uploads\/2024\/06\/827157-1-scaled-1-300x189.jpg",300,189,true],"large":["https:\/\/www.ufinet.com\/wp-content\/uploads\/2024\/06\/827157-1-scaled-1-1024x646.jpg",1024,646,true],"1536x1536":["https:\/\/www.ufinet.com\/wp-content\/uploads\/2024\/06\/827157-1-scaled-1-1536x968.jpg",1536,968,true],"2048x2048":["https:\/\/www.ufinet.com\/wp-content\/uploads\/2024\/06\/827157-1-scaled-1.jpg",2048,1291,false],"htliser_size_396x360":["https:\/\/www.ufinet.com\/wp-content\/uploads\/2024\/06\/827157-1-scaled-1-396x360.jpg",396,360,true],"htslider_size_1170x536":["https:\/\/www.ufinet.com\/wp-content\/uploads\/2024\/06\/827157-1-scaled-1-1170x536.jpg",1170,536,true]},"rttpg_author":{"display_name":"wowlatammk.com","author_link":"https:\/\/www.ufinet.com\/pt-br\/author\/wowlatammk-com\/"},"rttpg_comment":0,"rttpg_category":"<a href=\"https:\/\/www.ufinet.com\/pt-br\/category\/noticias\/\" rel=\"category tag\">not\u00edcias<\/a>","rttpg_excerpt":"A computa\u00e7\u00e3o em nuvem continua a revolucionar a maneira como bilh\u00f5es de pessoas em todo o mundo interagem e gerenciam seus neg\u00f3cios. 94% das empresas afirmam que atualmente usam alguma forma de servi\u00e7os em nuvem. De acordo com a International Data Cooperation (IDC), o mercado global de servi\u00e7os de nuvem p\u00fablica crescer\u00e1 24,1% em rela\u00e7\u00e3o&hellip;","_links":{"self":[{"href":"https:\/\/www.ufinet.com\/pt-br\/wp-json\/wp\/v2\/posts\/35479","targetHints":{"allow":["GET"]}}],"collection":[{"href":"https:\/\/www.ufinet.com\/pt-br\/wp-json\/wp\/v2\/posts"}],"about":[{"href":"https:\/\/www.ufinet.com\/pt-br\/wp-json\/wp\/v2\/types\/post"}],"author":[{"embeddable":true,"href":"https:\/\/www.ufinet.com\/pt-br\/wp-json\/wp\/v2\/users\/1"}],"replies":[{"embeddable":true,"href":"https:\/\/www.ufinet.com\/pt-br\/wp-json\/wp\/v2\/comments?post=35479"}],"version-history":[{"count":0,"href":"https:\/\/www.ufinet.com\/pt-br\/wp-json\/wp\/v2\/posts\/35479\/revisions"}],"wp:featuredmedia":[{"embeddable":true,"href":"https:\/\/www.ufinet.com\/pt-br\/wp-json\/wp\/v2\/media\/34273"}],"wp:attachment":[{"href":"https:\/\/www.ufinet.com\/pt-br\/wp-json\/wp\/v2\/media?parent=35479"}],"wp:term":[{"taxonomy":"category","embeddable":true,"href":"https:\/\/www.ufinet.com\/pt-br\/wp-json\/wp\/v2\/categories?post=35479"},{"taxonomy":"post_tag","embeddable":true,"href":"https:\/\/www.ufinet.com\/pt-br\/wp-json\/wp\/v2\/tags?post=35479"}],"curies":[{"name":"wp","href":"https:\/\/api.w.org\/{rel}","templated":true}]}}