{"id":33895,"date":"2024-05-30T14:39:08","date_gmt":"2024-05-30T20:39:08","guid":{"rendered":"https:\/\/www.ufinet.com\/fibra-optica-transformando-as-comunicacoes-modernas\/"},"modified":"2024-07-02T21:01:09","modified_gmt":"2024-07-03T03:01:09","slug":"fibra-optica-transformando-as-comunicacoes-modernas","status":"publish","type":"post","link":"https:\/\/www.ufinet.com\/pt-br\/fibra-optica-transformando-as-comunicacoes-modernas\/","title":{"rendered":"Fibra \u00f3ptica: transformando as comunica\u00e7\u00f5es modernas"},"content":{"rendered":"\t\t<div data-elementor-type=\"wp-post\" data-elementor-id=\"33895\" class=\"elementor elementor-33895 elementor-31263\" data-elementor-post-type=\"post\">\n\t\t\t\t<div class=\"elementor-element elementor-element-b97ec7a e-flex e-con-boxed e-con e-parent\" data-id=\"b97ec7a\" data-element_type=\"container\" data-e-type=\"container\">\n\t\t\t\t\t<div class=\"e-con-inner\">\n\t\t\t\t<div class=\"elementor-element elementor-element-ea24ae3 elementor-widget elementor-widget-text-editor\" data-id=\"ea24ae3\" data-element_type=\"widget\" data-e-type=\"widget\" data-widget_type=\"text-editor.default\">\n\t\t\t\t<div class=\"elementor-widget-container\">\n\t\t\t\t\t\t\t\t\t<p><span style=\"font-weight: 400;\">No mundo altamente conectado e digitalizado de hoje, <a href=\"https:\/\/www.ufinet.com\/pt-br\/fibra-optica-distribuicao-de-internet-para-isps\/\">a fibra \u00f3ptica<\/a> est\u00e1 surgindo como uma tecnologia revolucion\u00e1ria que impulsiona as comunica\u00e7\u00f5es modernas para um futuro mais r\u00e1pido, confi\u00e1vel e eficiente. Desde sua concep\u00e7\u00e3o at\u00e9 sua implementa\u00e7\u00e3o em uma ampla gama de aplica\u00e7\u00f5es, <a href=\"https:\/\/www.ufinet.com\/pt-br\/fibra-optica-distribuicao-de-internet-para-isps\/\">a fibra \u00f3ptica<\/a> desempenhou um papel fundamental na melhoria da conectividade global e na facilita\u00e7\u00e3o da troca de informa\u00e7\u00f5es. O impacto da <a href=\"https:\/\/www.ufinet.com\/pt-br\/fibra-optica-distribuicao-de-internet-para-isps\/\">fibra \u00f3ptica<\/a> nas comunica\u00e7\u00f5es modernas, desde sua evolu\u00e7\u00e3o hist\u00f3rica at\u00e9 suas aplica\u00e7\u00f5es inovadoras em v\u00e1rios setores.<\/span><\/p>\n<p><span style=\"font-weight: 400;\">Com sua capacidade de transmitir dados por meio de pulsos de luz atrav\u00e9s de finos fios de vidro ou pl\u00e1stico, a<a href=\"https:\/\/www.ufinet.com\/pt-br\/fibra-optica-distribuicao-de-internet-para-isps\/\"> fibra \u00f3ptica<\/a> revolucionou a maneira como nos comunicamos, facilitando a transmiss\u00e3o de grandes volumes de informa\u00e7\u00f5es em velocidades sem precedentes. Seja nos neg\u00f3cios, onde a transfer\u00eancia r\u00e1pida de dados \u00e9 crucial para a produtividade, ou no entretenimento on-line, onde os usu\u00e1rios exigem streaming de v\u00eddeo de alta defini\u00e7\u00e3o e jogos on-line sem atrasos, a <a href=\"https:\/\/www.ufinet.com\/pt-br\/fibra-optica-distribuicao-de-internet-para-isps\/\">fibra \u00f3ptica<\/a> abriu caminho para uma conectividade mais r\u00e1pida e confi\u00e1vel.<\/span><\/p>\n<p><span style=\"font-weight: 400;\"><a href=\"https:\/\/www.ufinet.com\/pt-br\/fibra-optica-distribuicao-de-internet-para-isps\/\"> A fibra \u00f3ptica<\/a> tem sido um catalisador fundamental na transforma\u00e7\u00e3o das comunica\u00e7\u00f5es modernas, fornecendo uma infraestrutura robusta e confi\u00e1vel para a transmiss\u00e3o de dados em velocidades impressionantes. Em um mundo cada vez mais interconectado,<a href=\"https:\/\/www.ufinet.com\/pt-br\/fibra-optica-distribuicao-de-internet-para-isps\/\"> a fibra \u00f3ptica<\/a> se tornou a base das redes de comunica\u00e7\u00e3o, permitindo conectividade r\u00e1pida e confi\u00e1vel em todas as \u00e1reas da vida cotidiana.<\/span><\/p>\n\t\t\t\t\t\t\t\t<\/div>\n\t\t\t\t<\/div>\n\t\t\t\t<div class=\"elementor-element elementor-element-c8f65a1 elementor-widget elementor-widget-heading\" data-id=\"c8f65a1\" data-element_type=\"widget\" data-e-type=\"widget\" data-widget_type=\"heading.default\">\n\t\t\t\t<div class=\"elementor-widget-container\">\n\t\t\t\t\t<h2 class=\"elementor-heading-title elementor-size-default\">Evolu\u00e7\u00e3o hist\u00f3rica da fibra \u00f3ptica<\/h2>\t\t\t\t<\/div>\n\t\t\t\t<\/div>\n\t\t\t\t<div class=\"elementor-element elementor-element-4a3e767 elementor-widget elementor-widget-text-editor\" data-id=\"4a3e767\" data-element_type=\"widget\" data-e-type=\"widget\" data-widget_type=\"text-editor.default\">\n\t\t\t\t<div class=\"elementor-widget-container\">\n\t\t\t\t\t\t\t\t\t<p><span style=\"font-weight: 400;\">A hist\u00f3ria da <a href=\"https:\/\/www.ufinet.com\/pt-br\/fibra-optica-distribuicao-de-internet-para-isps\/\">fibra \u00f3ptica<\/a> remonta ao in\u00edcio do s\u00e9culo XIX, quando os cientistas come\u00e7aram a fazer experimentos com a transmiss\u00e3o de luz atrav\u00e9s de materiais transparentes. Entretanto, foi somente em meados do s\u00e9culo XX que houve avan\u00e7os significativos na tecnologia <a href=\"https:\/\/www.ufinet.com\/pt-br\/fibra-optica-distribuicao-de-internet-para-isps\/\">de fibra \u00f3ptica,<\/a> com a inven\u00e7\u00e3o do cabo <a href=\"https:\/\/www.ufinet.com\/pt-br\/fibra-optica-distribuicao-de-internet-para-isps\/\">de fibra \u00f3ptica<\/a> por pesquisadores como Narinder Singh Kapany e Charles Kao.<\/span><\/p>\n<p><span style=\"font-weight: 400;\">Desde ent\u00e3o, <a href=\"https:\/\/www.ufinet.com\/pt-br\/fibra-optica-distribuicao-de-internet-para-isps\/\">a fibra \u00f3ptica<\/a> passou por uma r\u00e1pida evolu\u00e7\u00e3o, de uma curiosidade cient\u00edfica para uma tecnologia amplamente adotada em redes de comunica\u00e7\u00e3o globais. Com o desenvolvimento de t\u00e9cnicas de fabrica\u00e7\u00e3o mais avan\u00e7adas e materiais aprimorados usados na constru\u00e7\u00e3o de cabos <a href=\"https:\/\/www.ufinet.com\/pt-br\/fibra-optica-distribuicao-de-internet-para-isps\/\">de fibra \u00f3ptica<\/a>, a capacidade de transmiss\u00e3o e as taxas de dados aumentaram drasticamente, permitindo a cria\u00e7\u00e3o de redes de alta velocidade capazes de suportar uma ampla gama de aplicativos digitais.<\/span><\/p>\n\t\t\t\t\t\t\t\t<\/div>\n\t\t\t\t<\/div>\n\t\t\t\t<div class=\"elementor-element elementor-element-376ab20 elementor-widget elementor-widget-image\" data-id=\"376ab20\" data-element_type=\"widget\" data-e-type=\"widget\" data-widget_type=\"image.default\">\n\t\t\t\t<div class=\"elementor-widget-container\">\n\t\t\t\t\t\t\t\t\t\t\t\t\t\t\t<img fetchpriority=\"high\" decoding=\"async\" width=\"2560\" height=\"1707\" src=\"https:\/\/www.ufinet.com\/wp-content\/uploads\/2024\/05\/Ufinet-Blog-Imagen14-scaled.webp\" class=\"attachment-full size-full wp-image-32802\" alt=\"\" srcset=\"https:\/\/www.ufinet.com\/wp-content\/uploads\/2024\/05\/Ufinet-Blog-Imagen14-scaled.webp 2560w, https:\/\/www.ufinet.com\/wp-content\/uploads\/2024\/05\/Ufinet-Blog-Imagen14-300x200.webp 300w, https:\/\/www.ufinet.com\/wp-content\/uploads\/2024\/05\/Ufinet-Blog-Imagen14-1024x683.webp 1024w, https:\/\/www.ufinet.com\/wp-content\/uploads\/2024\/05\/Ufinet-Blog-Imagen14-768x512.webp 768w, https:\/\/www.ufinet.com\/wp-content\/uploads\/2024\/05\/Ufinet-Blog-Imagen14-1536x1024.webp 1536w, https:\/\/www.ufinet.com\/wp-content\/uploads\/2024\/05\/Ufinet-Blog-Imagen14-2048x1365.webp 2048w\" sizes=\"(max-width: 2560px) 100vw, 2560px\" \/>\t\t\t\t\t\t\t\t\t\t\t\t\t\t\t<\/div>\n\t\t\t\t<\/div>\n\t\t\t\t<div class=\"elementor-element elementor-element-10b30de elementor-widget elementor-widget-heading\" data-id=\"10b30de\" data-element_type=\"widget\" data-e-type=\"widget\" data-widget_type=\"heading.default\">\n\t\t\t\t<div class=\"elementor-widget-container\">\n\t\t\t\t\t<h2 class=\"elementor-heading-title elementor-size-default\">O impacto da fibra \u00f3ptica nas comunica\u00e7\u00f5es modernas<\/h2>\t\t\t\t<\/div>\n\t\t\t\t<\/div>\n\t\t\t\t<div class=\"elementor-element elementor-element-86ec09d elementor-widget elementor-widget-text-editor\" data-id=\"86ec09d\" data-element_type=\"widget\" data-e-type=\"widget\" data-widget_type=\"text-editor.default\">\n\t\t\t\t<div class=\"elementor-widget-container\">\n\t\t\t\t\t\t\t\t\t<p><span style=\"font-weight: 400;\"><a href=\"https:\/\/www.ufinet.com\/pt-br\/fibra-optica-distribuicao-de-internet-para-isps\/\">A fibra \u00f3ptica<\/a> transformou radicalmente as comunica\u00e7\u00f5es modernas, fornecendo uma infraestrutura de rede que \u00e9 fundamental para a opera\u00e7\u00e3o da Internet, das telecomunica\u00e7\u00f5es e de v\u00e1rios aplicativos comerciais e de neg\u00f3cios. Veja abaixo algumas das maneiras pelas quais <a href=\"https:\/\/www.ufinet.com\/pt-br\/fibra-optica-distribuicao-de-internet-para-isps\/\">a fibra<\/a> afetou essas \u00e1reas principais:<\/span><\/p>\n<p><strong><i>Telecomunica\u00e7\u00f5es e redes de banda larga:<\/i><\/strong><span style=\"font-weight: 400;\"> <a href=\"https:\/\/www.ufinet.com\/pt-br\/fibra-optica-distribuicao-de-internet-para-isps\/\"> A fibra \u00f3ptica<\/a> tem sido valiosa no desenvolvimento de redes de telecomunica\u00e7\u00f5es de alta velocidade, permitindo a transmiss\u00e3o r\u00e1pida e confi\u00e1vel de voz, dados e v\u00eddeo por longas dist\u00e2ncias. Com sua capacidade de transportar grandes volumes de dados em velocidades extremamente r\u00e1pidas, <a href=\"https:\/\/www.ufinet.com\/pt-br\/fibra-optica-distribuicao-de-internet-para-isps\/\">a fibra \u00f3ptica<\/a> abriu caminho para a cria\u00e7\u00e3o de redes de banda larga que conectam pessoas e organiza\u00e7\u00f5es em todo o mundo.<\/span><\/p>\n<p><strong><i>Internet de alta velocidade<\/i><\/strong><span style=\"font-weight: 400;\"><a href=\"https:\/\/www.ufinet.com\/pt-br\/fibra-optica-distribuicao-de-internet-para-isps\/\"> As fibras \u00f3pticas<\/a> formam a espinha dorsal da Internet de alta velocidade, fornecendo a infraestrutura necess\u00e1ria para a transmiss\u00e3o r\u00e1pida e eficiente de dados pela rede global. Com a crescente demanda por servi\u00e7os on-line, como streaming de v\u00eddeo, jogos on-line e computa\u00e7\u00e3o em nuvem, a <a href=\"https:\/\/www.ufinet.com\/pt-br\/fibra-optica-distribuicao-de-internet-para-isps\/\">fibra \u00f3ptica<\/a> se tornou a tecnologia preferida para fornecer conex\u00f5es de Internet ultrarr\u00e1pidas e confi\u00e1veis para resid\u00eancias e empresas.<\/span><\/p>\n<p><strong><i>Aplicativos comerciais e governamentais<\/i><\/strong><span style=\"font-weight: 400;\"><strong>Nas<\/strong> empresas e <strong> no<\/strong> governo, <a href=\"https:\/\/www.ufinet.com\/pt-br\/fibra-optica-distribuicao-de-internet-para-isps\/\">a fibra \u00f3ptica<\/a> \u00e9 usada para uma ampla gama de aplica\u00e7\u00f5es, incluindo a transmiss\u00e3o de dados entre locais corporativos, a implementa\u00e7\u00e3o de redes de longa dist\u00e2ncia (WANs) e a cria\u00e7\u00e3o de infraestruturas de comunica\u00e7\u00e3o seguras e confi\u00e1veis. Com sua capacidade de transportar grandes volumes de dados de forma r\u00e1pida e segura, <a href=\"https:\/\/www.ufinet.com\/pt-br\/fibra-optica-distribuicao-de-internet-para-isps\/\">a fibra \u00f3ptica<\/a> desempenha um papel fundamental na facilita\u00e7\u00e3o da colabora\u00e7\u00e3o e da troca de informa\u00e7\u00f5es em ambientes empresariais e governamentais.<\/span><\/p>\n<p><strong><i>Aplica\u00e7\u00f5es em medicina e pesquisa:  <\/i><\/strong><span style=\"font-weight: 400;\">Al\u00e9m de seu uso em comunica\u00e7\u00f5es comerciais e de consumo,<a href=\"https:\/\/www.ufinet.com\/pt-br\/fibra-optica-distribuicao-de-internet-para-isps\/\"> a fibra \u00f3ptica <\/a>tamb\u00e9m \u00e9 usada em diversas aplica\u00e7\u00f5es m\u00e9dicas e de pesquisa. Por exemplo, na medicina, as <a href=\"https:\/\/www.ufinet.com\/pt-br\/fibra-optica-distribuicao-de-internet-para-isps\/\">fibras \u00f3pticas<\/a> s\u00e3o usadas em endosc\u00f3pios e outros dispositivos m\u00e9dicos para visualiza\u00e7\u00e3o interna do corpo humano, enquanto na pesquisa cient\u00edfica, elas s\u00e3o usadas em instrumentos de medi\u00e7\u00e3o e sensores para coletar dados em ambientes de dif\u00edcil acesso.<\/span><\/p>\n<p><span style=\"font-weight: 400;\"><strong>Aplica\u00e7\u00f5es em educa\u00e7\u00e3o e entretenimento:<\/strong> <a href=\"https:\/\/www.ufinet.com\/pt-br\/fibra-optica-distribuicao-de-internet-para-isps\/\">A fibra \u00f3ptica<\/a> revolucionou a forma como o conhecimento \u00e9 acessado e compartilhado na educa\u00e7\u00e3o, permitindo a transmiss\u00e3o de aulas on-line, palestras e recursos educacionais de alta qualidade em redes de banda larga ultrarr\u00e1pidas. Al\u00e9m disso, no campo do entretenimento, <a href=\"https:\/\/www.ufinet.com\/pt-br\/fibra-optica-distribuicao-de-internet-para-isps\/\">a fibra \u00f3ptica<\/a> possibilitou o fornecimento de conte\u00fado multim\u00eddia de alta defini\u00e7\u00e3o, como filmes, m\u00fasicas e jogos, por meio de plataformas de streaming e servi\u00e7os on-line.<\/span><\/p>\n\t\t\t\t\t\t\t\t<\/div>\n\t\t\t\t<\/div>\n\t\t\t\t<div class=\"elementor-element elementor-element-3e8d995 elementor-widget elementor-widget-image\" data-id=\"3e8d995\" data-element_type=\"widget\" data-e-type=\"widget\" data-widget_type=\"image.default\">\n\t\t\t\t<div class=\"elementor-widget-container\">\n\t\t\t\t\t\t\t\t\t\t\t\t\t\t\t<img decoding=\"async\" width=\"2560\" height=\"1293\" src=\"https:\/\/www.ufinet.com\/wp-content\/uploads\/2024\/05\/Ufinet-Blog-Imagen15-scaled.webp\" class=\"attachment-full size-full wp-image-32806\" alt=\"\" srcset=\"https:\/\/www.ufinet.com\/wp-content\/uploads\/2024\/05\/Ufinet-Blog-Imagen15-scaled.webp 2560w, https:\/\/www.ufinet.com\/wp-content\/uploads\/2024\/05\/Ufinet-Blog-Imagen15-300x152.webp 300w, https:\/\/www.ufinet.com\/wp-content\/uploads\/2024\/05\/Ufinet-Blog-Imagen15-1024x517.webp 1024w, https:\/\/www.ufinet.com\/wp-content\/uploads\/2024\/05\/Ufinet-Blog-Imagen15-768x388.webp 768w, https:\/\/www.ufinet.com\/wp-content\/uploads\/2024\/05\/Ufinet-Blog-Imagen15-1536x776.webp 1536w, https:\/\/www.ufinet.com\/wp-content\/uploads\/2024\/05\/Ufinet-Blog-Imagen15-2048x1034.webp 2048w\" sizes=\"(max-width: 2560px) 100vw, 2560px\" \/>\t\t\t\t\t\t\t\t\t\t\t\t\t\t\t<\/div>\n\t\t\t\t<\/div>\n\t\t\t\t<div class=\"elementor-element elementor-element-dceefa2 elementor-widget elementor-widget-text-editor\" data-id=\"dceefa2\" data-element_type=\"widget\" data-e-type=\"widget\" data-widget_type=\"text-editor.default\">\n\t\t\t\t<div class=\"elementor-widget-container\">\n\t\t\t\t\t\t\t\t\t<p><strong><i>Desenvolvimentos tecnol\u00f3gicos futuros:  <\/i><\/strong><span style=\"font-weight: 400;\">\u00c0 medida que a tecnologia <a href=\"https:\/\/www.ufinet.com\/pt-br\/fibra-optica-distribuicao-de-internet-para-isps\/\">de fibra \u00f3ptica<\/a> continua a evoluir, espera-se que surjam novos avan\u00e7os e aplica\u00e7\u00f5es inovadoras em diversos campos, incluindo intelig\u00eancia artificial, realidade virtual e computa\u00e7\u00e3o qu\u00e2ntica. Com sua capacidade de transportar grandes volumes de dados em velocidades extremamente r\u00e1pidas, <a href=\"https:\/\/www.ufinet.com\/pt-br\/fibra-optica-distribuicao-de-internet-para-isps\/\">a fibra \u00f3ptica<\/a> continuar\u00e1 a desempenhar um papel fundamental na cria\u00e7\u00e3o de um futuro mais conectado, mais inteligente e digitalizado.<\/span><\/p>\n<p><strong><i>Comunica\u00e7\u00f5es corporativas e governamentais:<\/i><\/strong><span style=\"font-weight: 400;\">Nas empresas e no governo, <a href=\"https:\/\/www.ufinet.com\/pt-br\/fibra-optica-distribuicao-de-internet-para-isps\/\">a fibra \u00f3ptica<\/a> \u00e9 usada para uma ampla gama de aplica\u00e7\u00f5es, incluindo a transmiss\u00e3o de dados entre locais corporativos, a implementa\u00e7\u00e3o de redes de longa dist\u00e2ncia (WANs) e a cria\u00e7\u00e3o de infraestruturas de comunica\u00e7\u00e3o seguras e confi\u00e1veis. As empresas e os \u00f3rg\u00e3os governamentais contam com a <a href=\"https:\/\/www.ufinet.com\/pt-br\/fibra-optica-distribuicao-de-internet-para-isps\/\">fibra \u00f3ptica<\/a> para facilitar a colabora\u00e7\u00e3o e a troca de informa\u00e7\u00f5es entre locais geograficamente dispersos de forma r\u00e1pida e segura.<\/span><\/p>\n<p><strong><i>Aplicativos educacionais e de entretenimento:<\/i><\/strong><span style=\"font-weight: 400;\"><a href=\"https:\/\/www.ufinet.com\/pt-br\/fibra-optica-distribuicao-de-internet-para-isps\/\">A fibra \u00f3ptica<\/a> transformou a maneira como o conhecimento \u00e9 acessado e compartilhado na educa\u00e7\u00e3o, permitindo a transmiss\u00e3o de aulas on-line, palestras e recursos educacionais. Al\u00e9m disso, no campo do entretenimento, <a href=\"https:\/\/www.ufinet.com\/pt-br\/fibra-optica-distribuicao-de-internet-para-isps\/\">a fibra \u00f3ptica<\/a> possibilitou o fornecimento de conte\u00fado multim\u00eddia de alta defini\u00e7\u00e3o, como filmes, m\u00fasicas e jogos, por meio de plataformas de streaming e servi\u00e7os on-line, proporcionando uma experi\u00eancia de entretenimento imersiva e envolvente para os usu\u00e1rios.<\/span><\/p>\n\t\t\t\t\t\t\t\t<\/div>\n\t\t\t\t<\/div>\n\t\t\t\t<div class=\"elementor-element elementor-element-18227c9 elementor-widget elementor-widget-text-editor\" data-id=\"18227c9\" data-element_type=\"widget\" data-e-type=\"widget\" data-widget_type=\"text-editor.default\">\n\t\t\t\t<div class=\"elementor-widget-container\">\n\t\t\t\t\t\t\t\t\t<p><span style=\"font-weight: 400;\"><a href=\"https:\/\/www.ufinet.com\/pt-br\/fibra-optica-distribuicao-de-internet-para-isps\/\">A fibra \u00f3ptica<\/a> provou ser uma tecnologia revolucion\u00e1ria que transformou as comunica\u00e7\u00f5es modernas em v\u00e1rias \u00e1reas. Sua capacidade de transportar grandes volumes de dados em velocidades ultrarr\u00e1pidas e com confiabilidade excepcional fez dele a espinha dorsal das redes de telecomunica\u00e7\u00f5es de alta velocidade em todo o mundo. Desde a facilita\u00e7\u00e3o da conectividade de banda larga com a Internet at\u00e9 a viabiliza\u00e7\u00e3o de avan\u00e7os na medicina, pesquisa e educa\u00e7\u00e3o, <a href=\"https:\/\/www.ufinet.com\/pt-br\/fibra-optica-distribuicao-de-internet-para-isps\/\">a fibra \u00f3ptica<\/a> tem impulsionado a inova\u00e7\u00e3o e o progresso em v\u00e1rios setores. \u00c0 medida que continuamos a avan\u00e7ar em dire\u00e7\u00e3o a um mundo mais conectado e digitalizado, a import\u00e2ncia da <a href=\"https:\/\/www.ufinet.com\/pt-br\/fibra-optica-distribuicao-de-internet-para-isps\/\">fibra \u00f3ptica<\/a> continuar\u00e1 a crescer, desempenhando um papel fundamental na cria\u00e7\u00e3o de infraestruturas de comunica\u00e7\u00e3o mais eficientes, confi\u00e1veis e vers\u00e1teis. Est\u00e1 claro que <a href=\"https:\/\/www.ufinet.com\/pt-br\/fibra-optica-distribuicao-de-internet-para-isps\/\">a fibra \u00f3ptica<\/a> \u00e9 muito mais do que apenas um meio de transmiss\u00e3o de dados; ela \u00e9 a base sobre a qual o futuro das comunica\u00e7\u00f5es ser\u00e1 constru\u00eddo, impulsionando a troca de informa\u00e7\u00f5es, a colabora\u00e7\u00e3o e o avan\u00e7o em todas as \u00e1reas da sociedade.<\/span><\/p>\n\t\t\t\t\t\t\t\t<\/div>\n\t\t\t\t<\/div>\n\t\t\t\t\t<\/div>\n\t\t\t\t<\/div>\n\t\t<div class=\"elementor-element elementor-element-54ab662f e-flex e-con-boxed e-con e-parent\" data-id=\"54ab662f\" data-element_type=\"container\" data-e-type=\"container\" data-settings=\"{&quot;background_background&quot;:&quot;classic&quot;}\">\n\t\t\t\t\t<div class=\"e-con-inner\">\n\t\t\t\t<div class=\"elementor-element elementor-element-41314f19 elementor-widget elementor-widget-heading\" data-id=\"41314f19\" data-element_type=\"widget\" data-e-type=\"widget\" data-widget_type=\"heading.default\">\n\t\t\t\t<div class=\"elementor-widget-container\">\n\t\t\t\t\t<h2 class=\"elementor-heading-title elementor-size-default\">Entre em contato com um de nossos especialistas<\/h2>\t\t\t\t<\/div>\n\t\t\t\t<\/div>\n\t\t\t\t<div class=\"elementor-element elementor-element-2aab5f78 elementor-align-center elementor-widget elementor-widget-button\" data-id=\"2aab5f78\" data-element_type=\"widget\" data-e-type=\"widget\" data-widget_type=\"button.default\">\n\t\t\t\t<div class=\"elementor-widget-container\">\n\t\t\t\t\t\t\t\t\t<div class=\"elementor-button-wrapper\">\n\t\t\t\t\t<a class=\"elementor-button elementor-button-link elementor-size-sm\" href=\"#\">\n\t\t\t\t\t\t<span class=\"elementor-button-content-wrapper\">\n\t\t\t\t\t\t\t\t\t<span class=\"elementor-button-text\">Entre em contato conosco<\/span>\n\t\t\t\t\t<\/span>\n\t\t\t\t\t<\/a>\n\t\t\t\t<\/div>\n\t\t\t\t\t\t\t\t<\/div>\n\t\t\t\t<\/div>\n\t\t\t\t\t<\/div>\n\t\t\t\t<\/div>\n\t\t\t\t<\/div>\n\t\t","protected":false},"excerpt":{"rendered":"<p>No mundo altamente conectado e digitalizado de hoje, a fibra \u00f3ptica est\u00e1 surgindo como uma tecnologia revolucion\u00e1ria que impulsiona as comunica\u00e7\u00f5es modernas para um futuro mais r\u00e1pido, confi\u00e1vel e eficiente. Desde sua concep\u00e7\u00e3o at\u00e9 sua implementa\u00e7\u00e3o em uma ampla gama de aplica\u00e7\u00f5es, a fibra \u00f3ptica desempenhou um papel fundamental na melhoria da conectividade global e [&hellip;]<\/p>\n","protected":false},"author":1,"featured_media":32804,"comment_status":"closed","ping_status":"closed","sticky":false,"template":"","format":"standard","meta":{"site-sidebar-layout":"default","site-content-layout":"","ast-site-content-layout":"default","site-content-style":"default","site-sidebar-style":"default","ast-global-header-display":"","ast-banner-title-visibility":"","ast-main-header-display":"","ast-hfb-above-header-display":"","ast-hfb-below-header-display":"","ast-hfb-mobile-header-display":"","site-post-title":"","ast-breadcrumbs-content":"","ast-featured-img":"","footer-sml-layout":"","ast-disable-related-posts":"","theme-transparent-header-meta":"","adv-header-id-meta":"","stick-header-meta":"","header-above-stick-meta":"","header-main-stick-meta":"","header-below-stick-meta":"","astra-migrate-meta-layouts":"default","ast-page-background-enabled":"default","ast-page-background-meta":{"desktop":{"background-color":"","background-image":"","background-repeat":"repeat","background-position":"center center","background-size":"auto","background-attachment":"scroll","background-type":"","background-media":"","overlay-type":"","overlay-color":"","overlay-opacity":"","overlay-gradient":""},"tablet":{"background-color":"","background-image":"","background-repeat":"repeat","background-position":"center center","background-size":"auto","background-attachment":"scroll","background-type":"","background-media":"","overlay-type":"","overlay-color":"","overlay-opacity":"","overlay-gradient":""},"mobile":{"background-color":"","background-image":"","background-repeat":"repeat","background-position":"center center","background-size":"auto","background-attachment":"scroll","background-type":"","background-media":"","overlay-type":"","overlay-color":"","overlay-opacity":"","overlay-gradient":""}},"ast-content-background-meta":{"desktop":{"background-color":"var(--ast-global-color-5)","background-image":"","background-repeat":"repeat","background-position":"center center","background-size":"auto","background-attachment":"scroll","background-type":"","background-media":"","overlay-type":"","overlay-color":"","overlay-opacity":"","overlay-gradient":""},"tablet":{"background-color":"var(--ast-global-color-5)","background-image":"","background-repeat":"repeat","background-position":"center center","background-size":"auto","background-attachment":"scroll","background-type":"","background-media":"","overlay-type":"","overlay-color":"","overlay-opacity":"","overlay-gradient":""},"mobile":{"background-color":"var(--ast-global-color-5)","background-image":"","background-repeat":"repeat","background-position":"center center","background-size":"auto","background-attachment":"scroll","background-type":"","background-media":"","overlay-type":"","overlay-color":"","overlay-opacity":"","overlay-gradient":""}},"footnotes":""},"categories":[48,86],"tags":[],"class_list":["post-33895","post","type-post","status-publish","format-standard","has-post-thumbnail","hentry","category-nao-categorizado","category-servicos-blog"],"yoast_head":"<!-- This site is optimized with the Yoast SEO plugin v27.4 - https:\/\/yoast.com\/product\/yoast-seo-wordpress\/ -->\n<title>Fibra \u00f3ptica: transformando as comunica\u00e7\u00f5es modernas - Ufinet | A rede que conecta voc\u00ea \u00e0 Am\u00e9rica Latina<\/title>\n<meta name=\"description\" content=\"A fibra \u00f3ptica tem sido um catalisador fundamental na transforma\u00e7\u00e3o das comunica\u00e7\u00f5es modernas, fornecendo uma infraestrutura robusta e confi\u00e1vel para a transmiss\u00e3o de dados em velocidades impressionantes.\" \/>\n<meta name=\"robots\" content=\"index, follow, max-snippet:-1, max-image-preview:large, max-video-preview:-1\" \/>\n<link rel=\"canonical\" href=\"https:\/\/www.ufinet.com\/pt-br\/fibra-optica-transformando-as-comunicacoes-modernas\/\" \/>\n<meta property=\"og:locale\" content=\"pt_BR\" \/>\n<meta property=\"og:type\" content=\"article\" \/>\n<meta property=\"og:title\" content=\"Fibra \u00f3ptica: transformando as comunica\u00e7\u00f5es modernas - Ufinet | A rede que conecta voc\u00ea \u00e0 Am\u00e9rica Latina\" \/>\n<meta property=\"og:description\" content=\"A fibra \u00f3ptica tem sido um catalisador fundamental na transforma\u00e7\u00e3o das comunica\u00e7\u00f5es modernas, fornecendo uma infraestrutura robusta e confi\u00e1vel para a transmiss\u00e3o de dados em velocidades impressionantes.\" \/>\n<meta property=\"og:url\" content=\"https:\/\/www.ufinet.com\/pt-br\/fibra-optica-transformando-as-comunicacoes-modernas\/\" \/>\n<meta property=\"og:site_name\" content=\"Ufinet | A rede que conecta voc\u00ea \u00e0 Am\u00e9rica Latina\" \/>\n<meta property=\"article:published_time\" content=\"2024-05-30T20:39:08+00:00\" \/>\n<meta property=\"article:modified_time\" content=\"2024-07-03T03:01:09+00:00\" \/>\n<meta property=\"og:image\" content=\"https:\/\/www.ufinet.com\/wp-content\/uploads\/2024\/05\/Ufinet-Blog-Imagen13-scaled.webp\" \/>\n\t<meta property=\"og:image:width\" content=\"2560\" \/>\n\t<meta property=\"og:image:height\" content=\"1707\" \/>\n\t<meta property=\"og:image:type\" content=\"image\/webp\" \/>\n<meta name=\"author\" content=\"wowlatammk.com\" \/>\n<meta name=\"twitter:card\" content=\"summary_large_image\" \/>\n<meta name=\"twitter:label1\" content=\"Escrito por\" \/>\n\t<meta name=\"twitter:data1\" content=\"wowlatammk.com\" \/>\n\t<meta name=\"twitter:label2\" content=\"Est. tempo de leitura\" \/>\n\t<meta name=\"twitter:data2\" content=\"7 minutos\" \/>\n<script type=\"application\/ld+json\" class=\"yoast-schema-graph\">{\"@context\":\"https:\\\/\\\/schema.org\",\"@graph\":[{\"@type\":\"Article\",\"@id\":\"https:\\\/\\\/www.ufinet.com\\\/pt-br\\\/fibra-optica-transformando-as-comunicacoes-modernas\\\/#article\",\"isPartOf\":{\"@id\":\"https:\\\/\\\/www.ufinet.com\\\/pt-br\\\/fibra-optica-transformando-as-comunicacoes-modernas\\\/\"},\"author\":{\"name\":\"wowlatammk.com\",\"@id\":\"https:\\\/\\\/www.ufinet.com\\\/pt-br\\\/#\\\/schema\\\/person\\\/19b7e96681bc1c0d4ca6b8d4d4ad07cd\"},\"headline\":\"Fibra \u00f3ptica: transformando as comunica\u00e7\u00f5es modernas\",\"datePublished\":\"2024-05-30T20:39:08+00:00\",\"dateModified\":\"2024-07-03T03:01:09+00:00\",\"mainEntityOfPage\":{\"@id\":\"https:\\\/\\\/www.ufinet.com\\\/pt-br\\\/fibra-optica-transformando-as-comunicacoes-modernas\\\/\"},\"wordCount\":1332,\"publisher\":{\"@id\":\"https:\\\/\\\/www.ufinet.com\\\/pt-br\\\/#organization\"},\"image\":{\"@id\":\"https:\\\/\\\/www.ufinet.com\\\/pt-br\\\/fibra-optica-transformando-as-comunicacoes-modernas\\\/#primaryimage\"},\"thumbnailUrl\":\"https:\\\/\\\/www.ufinet.com\\\/wp-content\\\/uploads\\\/2024\\\/05\\\/Ufinet-Blog-Imagen13-scaled.webp\",\"articleSection\":[\"N\u00e3o categorizado\",\"Servicos Blog\"],\"inLanguage\":\"pt-BR\"},{\"@type\":\"WebPage\",\"@id\":\"https:\\\/\\\/www.ufinet.com\\\/pt-br\\\/fibra-optica-transformando-as-comunicacoes-modernas\\\/\",\"url\":\"https:\\\/\\\/www.ufinet.com\\\/pt-br\\\/fibra-optica-transformando-as-comunicacoes-modernas\\\/\",\"name\":\"Fibra \u00f3ptica: transformando as comunica\u00e7\u00f5es modernas - Ufinet | A rede que conecta voc\u00ea \u00e0 Am\u00e9rica Latina\",\"isPartOf\":{\"@id\":\"https:\\\/\\\/www.ufinet.com\\\/pt-br\\\/#website\"},\"primaryImageOfPage\":{\"@id\":\"https:\\\/\\\/www.ufinet.com\\\/pt-br\\\/fibra-optica-transformando-as-comunicacoes-modernas\\\/#primaryimage\"},\"image\":{\"@id\":\"https:\\\/\\\/www.ufinet.com\\\/pt-br\\\/fibra-optica-transformando-as-comunicacoes-modernas\\\/#primaryimage\"},\"thumbnailUrl\":\"https:\\\/\\\/www.ufinet.com\\\/wp-content\\\/uploads\\\/2024\\\/05\\\/Ufinet-Blog-Imagen13-scaled.webp\",\"datePublished\":\"2024-05-30T20:39:08+00:00\",\"dateModified\":\"2024-07-03T03:01:09+00:00\",\"description\":\"A fibra \u00f3ptica tem sido um catalisador fundamental na transforma\u00e7\u00e3o das comunica\u00e7\u00f5es modernas, fornecendo uma infraestrutura robusta e confi\u00e1vel para a transmiss\u00e3o de dados em velocidades impressionantes.\",\"breadcrumb\":{\"@id\":\"https:\\\/\\\/www.ufinet.com\\\/pt-br\\\/fibra-optica-transformando-as-comunicacoes-modernas\\\/#breadcrumb\"},\"inLanguage\":\"pt-BR\",\"potentialAction\":[{\"@type\":\"ReadAction\",\"target\":[\"https:\\\/\\\/www.ufinet.com\\\/pt-br\\\/fibra-optica-transformando-as-comunicacoes-modernas\\\/\"]}]},{\"@type\":\"ImageObject\",\"inLanguage\":\"pt-BR\",\"@id\":\"https:\\\/\\\/www.ufinet.com\\\/pt-br\\\/fibra-optica-transformando-as-comunicacoes-modernas\\\/#primaryimage\",\"url\":\"https:\\\/\\\/www.ufinet.com\\\/wp-content\\\/uploads\\\/2024\\\/05\\\/Ufinet-Blog-Imagen13-scaled.webp\",\"contentUrl\":\"https:\\\/\\\/www.ufinet.com\\\/wp-content\\\/uploads\\\/2024\\\/05\\\/Ufinet-Blog-Imagen13-scaled.webp\",\"width\":2560,\"height\":1707},{\"@type\":\"BreadcrumbList\",\"@id\":\"https:\\\/\\\/www.ufinet.com\\\/pt-br\\\/fibra-optica-transformando-as-comunicacoes-modernas\\\/#breadcrumb\",\"itemListElement\":[{\"@type\":\"ListItem\",\"position\":1,\"name\":\"Home\",\"item\":\"https:\\\/\\\/www.ufinet.com\\\/pt-br\\\/\"},{\"@type\":\"ListItem\",\"position\":2,\"name\":\"Fibra \u00f3ptica: transformando as comunica\u00e7\u00f5es modernas\"}]},{\"@type\":\"WebSite\",\"@id\":\"https:\\\/\\\/www.ufinet.com\\\/pt-br\\\/#website\",\"url\":\"https:\\\/\\\/www.ufinet.com\\\/pt-br\\\/\",\"name\":\"Ufinet\",\"description\":\"Somos a \u00fanica operadora na Am\u00e9rica Latina que \u00e9 100% NEUTRA.\",\"publisher\":{\"@id\":\"https:\\\/\\\/www.ufinet.com\\\/pt-br\\\/#organization\"},\"potentialAction\":[{\"@type\":\"SearchAction\",\"target\":{\"@type\":\"EntryPoint\",\"urlTemplate\":\"https:\\\/\\\/www.ufinet.com\\\/pt-br\\\/?s={search_term_string}\"},\"query-input\":{\"@type\":\"PropertyValueSpecification\",\"valueRequired\":true,\"valueName\":\"search_term_string\"}}],\"inLanguage\":\"pt-BR\"},{\"@type\":\"Organization\",\"@id\":\"https:\\\/\\\/www.ufinet.com\\\/pt-br\\\/#organization\",\"name\":\"Ufinet\",\"url\":\"https:\\\/\\\/www.ufinet.com\\\/pt-br\\\/\",\"logo\":{\"@type\":\"ImageObject\",\"inLanguage\":\"pt-BR\",\"@id\":\"https:\\\/\\\/www.ufinet.com\\\/pt-br\\\/#\\\/schema\\\/logo\\\/image\\\/\",\"url\":\"https:\\\/\\\/www.ufinet.com\\\/wp-content\\\/uploads\\\/2024\\\/06\\\/cropped-Recurso-1.png\",\"contentUrl\":\"https:\\\/\\\/www.ufinet.com\\\/wp-content\\\/uploads\\\/2024\\\/06\\\/cropped-Recurso-1.png\",\"width\":1654,\"height\":705,\"caption\":\"Ufinet\"},\"image\":{\"@id\":\"https:\\\/\\\/www.ufinet.com\\\/pt-br\\\/#\\\/schema\\\/logo\\\/image\\\/\"}},{\"@type\":\"Person\",\"@id\":\"https:\\\/\\\/www.ufinet.com\\\/pt-br\\\/#\\\/schema\\\/person\\\/19b7e96681bc1c0d4ca6b8d4d4ad07cd\",\"name\":\"wowlatammk.com\",\"image\":{\"@type\":\"ImageObject\",\"inLanguage\":\"pt-BR\",\"@id\":\"https:\\\/\\\/secure.gravatar.com\\\/avatar\\\/f73c2b6f2e8dbad969fd10342fe2028ced9bf45ec4f05b0acbf7a087f235cb64?s=96&d=mm&r=g\",\"url\":\"https:\\\/\\\/secure.gravatar.com\\\/avatar\\\/f73c2b6f2e8dbad969fd10342fe2028ced9bf45ec4f05b0acbf7a087f235cb64?s=96&d=mm&r=g\",\"contentUrl\":\"https:\\\/\\\/secure.gravatar.com\\\/avatar\\\/f73c2b6f2e8dbad969fd10342fe2028ced9bf45ec4f05b0acbf7a087f235cb64?s=96&d=mm&r=g\",\"caption\":\"wowlatammk.com\"},\"sameAs\":[\"http:\\\/\\\/wowlatammk.com\"],\"url\":\"https:\\\/\\\/www.ufinet.com\\\/pt-br\\\/author\\\/wowlatammk-com\\\/\"}]}<\/script>\n<!-- \/ Yoast SEO plugin. -->","yoast_head_json":{"title":"Fibra \u00f3ptica: transformando as comunica\u00e7\u00f5es modernas - Ufinet | A rede que conecta voc\u00ea \u00e0 Am\u00e9rica Latina","description":"A fibra \u00f3ptica tem sido um catalisador fundamental na transforma\u00e7\u00e3o das comunica\u00e7\u00f5es modernas, fornecendo uma infraestrutura robusta e confi\u00e1vel para a transmiss\u00e3o de dados em velocidades impressionantes.","robots":{"index":"index","follow":"follow","max-snippet":"max-snippet:-1","max-image-preview":"max-image-preview:large","max-video-preview":"max-video-preview:-1"},"canonical":"https:\/\/www.ufinet.com\/pt-br\/fibra-optica-transformando-as-comunicacoes-modernas\/","og_locale":"pt_BR","og_type":"article","og_title":"Fibra \u00f3ptica: transformando as comunica\u00e7\u00f5es modernas - Ufinet | A rede que conecta voc\u00ea \u00e0 Am\u00e9rica Latina","og_description":"A fibra \u00f3ptica tem sido um catalisador fundamental na transforma\u00e7\u00e3o das comunica\u00e7\u00f5es modernas, fornecendo uma infraestrutura robusta e confi\u00e1vel para a transmiss\u00e3o de dados em velocidades impressionantes.","og_url":"https:\/\/www.ufinet.com\/pt-br\/fibra-optica-transformando-as-comunicacoes-modernas\/","og_site_name":"Ufinet | A rede que conecta voc\u00ea \u00e0 Am\u00e9rica Latina","article_published_time":"2024-05-30T20:39:08+00:00","article_modified_time":"2024-07-03T03:01:09+00:00","og_image":[{"width":2560,"height":1707,"url":"https:\/\/www.ufinet.com\/wp-content\/uploads\/2024\/05\/Ufinet-Blog-Imagen13-scaled.webp","type":"image\/webp"}],"author":"wowlatammk.com","twitter_card":"summary_large_image","twitter_misc":{"Escrito por":"wowlatammk.com","Est. tempo de leitura":"7 minutos"},"schema":{"@context":"https:\/\/schema.org","@graph":[{"@type":"Article","@id":"https:\/\/www.ufinet.com\/pt-br\/fibra-optica-transformando-as-comunicacoes-modernas\/#article","isPartOf":{"@id":"https:\/\/www.ufinet.com\/pt-br\/fibra-optica-transformando-as-comunicacoes-modernas\/"},"author":{"name":"wowlatammk.com","@id":"https:\/\/www.ufinet.com\/pt-br\/#\/schema\/person\/19b7e96681bc1c0d4ca6b8d4d4ad07cd"},"headline":"Fibra \u00f3ptica: transformando as comunica\u00e7\u00f5es modernas","datePublished":"2024-05-30T20:39:08+00:00","dateModified":"2024-07-03T03:01:09+00:00","mainEntityOfPage":{"@id":"https:\/\/www.ufinet.com\/pt-br\/fibra-optica-transformando-as-comunicacoes-modernas\/"},"wordCount":1332,"publisher":{"@id":"https:\/\/www.ufinet.com\/pt-br\/#organization"},"image":{"@id":"https:\/\/www.ufinet.com\/pt-br\/fibra-optica-transformando-as-comunicacoes-modernas\/#primaryimage"},"thumbnailUrl":"https:\/\/www.ufinet.com\/wp-content\/uploads\/2024\/05\/Ufinet-Blog-Imagen13-scaled.webp","articleSection":["N\u00e3o categorizado","Servicos Blog"],"inLanguage":"pt-BR"},{"@type":"WebPage","@id":"https:\/\/www.ufinet.com\/pt-br\/fibra-optica-transformando-as-comunicacoes-modernas\/","url":"https:\/\/www.ufinet.com\/pt-br\/fibra-optica-transformando-as-comunicacoes-modernas\/","name":"Fibra \u00f3ptica: transformando as comunica\u00e7\u00f5es modernas - Ufinet | A rede que conecta voc\u00ea \u00e0 Am\u00e9rica Latina","isPartOf":{"@id":"https:\/\/www.ufinet.com\/pt-br\/#website"},"primaryImageOfPage":{"@id":"https:\/\/www.ufinet.com\/pt-br\/fibra-optica-transformando-as-comunicacoes-modernas\/#primaryimage"},"image":{"@id":"https:\/\/www.ufinet.com\/pt-br\/fibra-optica-transformando-as-comunicacoes-modernas\/#primaryimage"},"thumbnailUrl":"https:\/\/www.ufinet.com\/wp-content\/uploads\/2024\/05\/Ufinet-Blog-Imagen13-scaled.webp","datePublished":"2024-05-30T20:39:08+00:00","dateModified":"2024-07-03T03:01:09+00:00","description":"A fibra \u00f3ptica tem sido um catalisador fundamental na transforma\u00e7\u00e3o das comunica\u00e7\u00f5es modernas, fornecendo uma infraestrutura robusta e confi\u00e1vel para a transmiss\u00e3o de dados em velocidades impressionantes.","breadcrumb":{"@id":"https:\/\/www.ufinet.com\/pt-br\/fibra-optica-transformando-as-comunicacoes-modernas\/#breadcrumb"},"inLanguage":"pt-BR","potentialAction":[{"@type":"ReadAction","target":["https:\/\/www.ufinet.com\/pt-br\/fibra-optica-transformando-as-comunicacoes-modernas\/"]}]},{"@type":"ImageObject","inLanguage":"pt-BR","@id":"https:\/\/www.ufinet.com\/pt-br\/fibra-optica-transformando-as-comunicacoes-modernas\/#primaryimage","url":"https:\/\/www.ufinet.com\/wp-content\/uploads\/2024\/05\/Ufinet-Blog-Imagen13-scaled.webp","contentUrl":"https:\/\/www.ufinet.com\/wp-content\/uploads\/2024\/05\/Ufinet-Blog-Imagen13-scaled.webp","width":2560,"height":1707},{"@type":"BreadcrumbList","@id":"https:\/\/www.ufinet.com\/pt-br\/fibra-optica-transformando-as-comunicacoes-modernas\/#breadcrumb","itemListElement":[{"@type":"ListItem","position":1,"name":"Home","item":"https:\/\/www.ufinet.com\/pt-br\/"},{"@type":"ListItem","position":2,"name":"Fibra \u00f3ptica: transformando as comunica\u00e7\u00f5es modernas"}]},{"@type":"WebSite","@id":"https:\/\/www.ufinet.com\/pt-br\/#website","url":"https:\/\/www.ufinet.com\/pt-br\/","name":"Ufinet","description":"Somos a \u00fanica operadora na Am\u00e9rica Latina que \u00e9 100% NEUTRA.","publisher":{"@id":"https:\/\/www.ufinet.com\/pt-br\/#organization"},"potentialAction":[{"@type":"SearchAction","target":{"@type":"EntryPoint","urlTemplate":"https:\/\/www.ufinet.com\/pt-br\/?s={search_term_string}"},"query-input":{"@type":"PropertyValueSpecification","valueRequired":true,"valueName":"search_term_string"}}],"inLanguage":"pt-BR"},{"@type":"Organization","@id":"https:\/\/www.ufinet.com\/pt-br\/#organization","name":"Ufinet","url":"https:\/\/www.ufinet.com\/pt-br\/","logo":{"@type":"ImageObject","inLanguage":"pt-BR","@id":"https:\/\/www.ufinet.com\/pt-br\/#\/schema\/logo\/image\/","url":"https:\/\/www.ufinet.com\/wp-content\/uploads\/2024\/06\/cropped-Recurso-1.png","contentUrl":"https:\/\/www.ufinet.com\/wp-content\/uploads\/2024\/06\/cropped-Recurso-1.png","width":1654,"height":705,"caption":"Ufinet"},"image":{"@id":"https:\/\/www.ufinet.com\/pt-br\/#\/schema\/logo\/image\/"}},{"@type":"Person","@id":"https:\/\/www.ufinet.com\/pt-br\/#\/schema\/person\/19b7e96681bc1c0d4ca6b8d4d4ad07cd","name":"wowlatammk.com","image":{"@type":"ImageObject","inLanguage":"pt-BR","@id":"https:\/\/secure.gravatar.com\/avatar\/f73c2b6f2e8dbad969fd10342fe2028ced9bf45ec4f05b0acbf7a087f235cb64?s=96&d=mm&r=g","url":"https:\/\/secure.gravatar.com\/avatar\/f73c2b6f2e8dbad969fd10342fe2028ced9bf45ec4f05b0acbf7a087f235cb64?s=96&d=mm&r=g","contentUrl":"https:\/\/secure.gravatar.com\/avatar\/f73c2b6f2e8dbad969fd10342fe2028ced9bf45ec4f05b0acbf7a087f235cb64?s=96&d=mm&r=g","caption":"wowlatammk.com"},"sameAs":["http:\/\/wowlatammk.com"],"url":"https:\/\/www.ufinet.com\/pt-br\/author\/wowlatammk-com\/"}]}},"rttpg_featured_image_url":{"full":["https:\/\/www.ufinet.com\/wp-content\/uploads\/2024\/05\/Ufinet-Blog-Imagen13-scaled.webp",2560,1707,false],"landscape":["https:\/\/www.ufinet.com\/wp-content\/uploads\/2024\/05\/Ufinet-Blog-Imagen13-scaled.webp",2560,1707,false],"portraits":["https:\/\/www.ufinet.com\/wp-content\/uploads\/2024\/05\/Ufinet-Blog-Imagen13-scaled.webp",2560,1707,false],"thumbnail":["https:\/\/www.ufinet.com\/wp-content\/uploads\/2024\/05\/Ufinet-Blog-Imagen13-150x150.webp",150,150,true],"medium":["https:\/\/www.ufinet.com\/wp-content\/uploads\/2024\/05\/Ufinet-Blog-Imagen13-300x200.webp",300,200,true],"large":["https:\/\/www.ufinet.com\/wp-content\/uploads\/2024\/05\/Ufinet-Blog-Imagen13-1024x683.webp",1024,683,true],"1536x1536":["https:\/\/www.ufinet.com\/wp-content\/uploads\/2024\/05\/Ufinet-Blog-Imagen13-1536x1024.webp",1536,1024,true],"2048x2048":["https:\/\/www.ufinet.com\/wp-content\/uploads\/2024\/05\/Ufinet-Blog-Imagen13-2048x1365.webp",2048,1365,true],"htliser_size_396x360":["https:\/\/www.ufinet.com\/wp-content\/uploads\/2024\/05\/Ufinet-Blog-Imagen13-396x360.webp",396,360,true],"htslider_size_1170x536":["https:\/\/www.ufinet.com\/wp-content\/uploads\/2024\/05\/Ufinet-Blog-Imagen13-1170x536.webp",1170,536,true]},"rttpg_author":{"display_name":"wowlatammk.com","author_link":"https:\/\/www.ufinet.com\/pt-br\/author\/wowlatammk-com\/"},"rttpg_comment":0,"rttpg_category":"<a href=\"https:\/\/www.ufinet.com\/pt-br\/category\/nao-categorizado\/\" rel=\"category tag\">N\u00e3o categorizado<\/a> <a href=\"https:\/\/www.ufinet.com\/pt-br\/category\/servicos-blog\/\" rel=\"category tag\">Servicos Blog<\/a>","rttpg_excerpt":"No mundo altamente conectado e digitalizado de hoje, a fibra \u00f3ptica est\u00e1 surgindo como uma tecnologia revolucion\u00e1ria que impulsiona as comunica\u00e7\u00f5es modernas para um futuro mais r\u00e1pido, confi\u00e1vel e eficiente. Desde sua concep\u00e7\u00e3o at\u00e9 sua implementa\u00e7\u00e3o em uma ampla gama de aplica\u00e7\u00f5es, a fibra \u00f3ptica desempenhou um papel fundamental na melhoria da conectividade global e&hellip;","_links":{"self":[{"href":"https:\/\/www.ufinet.com\/pt-br\/wp-json\/wp\/v2\/posts\/33895","targetHints":{"allow":["GET"]}}],"collection":[{"href":"https:\/\/www.ufinet.com\/pt-br\/wp-json\/wp\/v2\/posts"}],"about":[{"href":"https:\/\/www.ufinet.com\/pt-br\/wp-json\/wp\/v2\/types\/post"}],"author":[{"embeddable":true,"href":"https:\/\/www.ufinet.com\/pt-br\/wp-json\/wp\/v2\/users\/1"}],"replies":[{"embeddable":true,"href":"https:\/\/www.ufinet.com\/pt-br\/wp-json\/wp\/v2\/comments?post=33895"}],"version-history":[{"count":0,"href":"https:\/\/www.ufinet.com\/pt-br\/wp-json\/wp\/v2\/posts\/33895\/revisions"}],"wp:featuredmedia":[{"embeddable":true,"href":"https:\/\/www.ufinet.com\/pt-br\/wp-json\/wp\/v2\/media\/32804"}],"wp:attachment":[{"href":"https:\/\/www.ufinet.com\/pt-br\/wp-json\/wp\/v2\/media?parent=33895"}],"wp:term":[{"taxonomy":"category","embeddable":true,"href":"https:\/\/www.ufinet.com\/pt-br\/wp-json\/wp\/v2\/categories?post=33895"},{"taxonomy":"post_tag","embeddable":true,"href":"https:\/\/www.ufinet.com\/pt-br\/wp-json\/wp\/v2\/tags?post=33895"}],"curies":[{"name":"wp","href":"https:\/\/api.w.org\/{rel}","templated":true}]}}