{"id":32869,"date":"2024-01-23T11:39:07","date_gmt":"2024-01-23T17:39:07","guid":{"rendered":"https:\/\/www.ufinet.com\/fibra-optica-o-que-e-e-como-funciona\/"},"modified":"2024-07-02T21:00:44","modified_gmt":"2024-07-03T03:00:44","slug":"fibra-optica-o-que-e-e-como-funciona","status":"publish","type":"post","link":"https:\/\/www.ufinet.com\/pt-br\/fibra-optica-o-que-e-e-como-funciona\/","title":{"rendered":"Fibra \u00f3ptica: o que \u00e9 e como funciona?"},"content":{"rendered":"\t\t<div data-elementor-type=\"wp-post\" data-elementor-id=\"32869\" class=\"elementor elementor-32869 elementor-7700\" data-elementor-post-type=\"post\">\n\t\t\t\t<div class=\"elementor-element elementor-element-b97ec7a e-flex e-con-boxed e-con e-parent\" data-id=\"b97ec7a\" data-element_type=\"container\" data-e-type=\"container\">\n\t\t\t\t\t<div class=\"e-con-inner\">\n\t\t\t\t<div class=\"elementor-element elementor-element-ea24ae3 elementor-widget elementor-widget-text-editor\" data-id=\"ea24ae3\" data-element_type=\"widget\" data-e-type=\"widget\" data-widget_type=\"text-editor.default\">\n\t\t\t\t<div class=\"elementor-widget-container\">\n\t\t\t\t\t\t\t\t\t<p><a href=\"https:\/\/www.ufinet.com\/pt-br\/fibra-optica-distribuicao-de-internet-para-isps\/\">A fibra \u00f3ptica<\/a>, cujo impacto nas comunica\u00e7\u00f5es foi monumental, \u00e9 uma tecnologia avan\u00e7ada que transformou a maneira como compartilhamos informa\u00e7\u00f5es. Para entender completamente como ele funciona, \u00e9 essencial explorar sua composi\u00e7\u00e3o e seus materiais, bem como compar\u00e1-lo com outros meios de transmiss\u00e3o.<\/p>\n\t\t\t\t\t\t\t\t<\/div>\n\t\t\t\t<\/div>\n\t\t\t\t<div class=\"elementor-element elementor-element-10b30de elementor-widget elementor-widget-heading\" data-id=\"10b30de\" data-element_type=\"widget\" data-e-type=\"widget\" data-widget_type=\"heading.default\">\n\t\t\t\t<div class=\"elementor-widget-container\">\n\t\t\t\t\t<h2 class=\"elementor-heading-title elementor-size-default\">Composi\u00e7\u00e3o e materiais<\/h2>\t\t\t\t<\/div>\n\t\t\t\t<\/div>\n\t\t\t\t<div class=\"elementor-element elementor-element-700534d elementor-widget elementor-widget-text-editor\" data-id=\"700534d\" data-element_type=\"widget\" data-e-type=\"widget\" data-widget_type=\"text-editor.default\">\n\t\t\t\t<div class=\"elementor-widget-container\">\n\t\t\t\t\t\t\t\t\t<p><a href=\"https:\/\/www.ufinet.com\/pt-br\/fibra-optica-distribuicao-de-internet-para-isps\/\"> A fibra \u00f3ptica<\/a> \u00e9 composta principalmente de vidro ou pl\u00e1stico especializado, projetada para transmitir sinais de luz por dist\u00e2ncias significativas com perda m\u00ednima de intensidade. Esse n\u00facleo transparente \u00e9 cercado por uma camada de revestimento reflexivo, que permite que a luz se propague por meio de reflex\u00f5es internas totais.<\/p>\n<p>Em termos mais t\u00e9cnicos, o n\u00facleo da<a href=\"https:\/\/www.ufinet.com\/pt-br\/fibra-optica-distribuicao-de-internet-para-isps\/\"> fibra \u00f3ptica<\/a> tem um \u00edndice de refra\u00e7\u00e3o menor do que o revestimento. Esse design garante que a luz, ao entrar no n\u00facleo, rebata repetidamente nas paredes internas em \u00e2ngulos espec\u00edficos, evitando a perda fundamental de sinal.<\/p>\n<p>A qualidade dos materiais usados \u00e9 fundamental. O vidro de s\u00edlica ultrafino \u00e9 geralmente preferido para o n\u00facleo, e v\u00e1rios revestimentos, como o pl\u00e1stico, s\u00e3o aplicados para garantir as propriedades \u00f3pticas ideais. Essa abordagem meticulosa de composi\u00e7\u00e3o garante a efici\u00eancia e a confiabilidade da transmiss\u00e3o.<\/p>\n\t\t\t\t\t\t\t\t<\/div>\n\t\t\t\t<\/div>\n\t\t\t\t<div class=\"elementor-element elementor-element-ff55f6f elementor-widget elementor-widget-heading\" data-id=\"ff55f6f\" data-element_type=\"widget\" data-e-type=\"widget\" data-widget_type=\"heading.default\">\n\t\t\t\t<div class=\"elementor-widget-container\">\n\t\t\t\t\t<h2 class=\"elementor-heading-title elementor-size-default\"> \nCompara\u00e7\u00e3o com outros meios de transmiss\u00e3o\n<\/h2>\t\t\t\t<\/div>\n\t\t\t\t<\/div>\n\t\t\t\t<div class=\"elementor-element elementor-element-576a882 elementor-widget elementor-widget-text-editor\" data-id=\"576a882\" data-element_type=\"widget\" data-e-type=\"widget\" data-widget_type=\"text-editor.default\">\n\t\t\t\t<div class=\"elementor-widget-container\">\n\t\t\t\t\t\t\t\t\t<p>Em compara\u00e7\u00e3o com os meios tradicionais de transmiss\u00e3o, a <a href=\"https:\/\/www.ufinet.com\/pt-br\/fibra-optica-distribuicao-de-internet-para-isps\/\">fibra \u00f3ptica<\/a> se destaca por v\u00e1rios motivos. Em primeiro lugar, ele supera significativamente os cabos de cobre em termos de velocidade e capacidade de largura de banda. A luz pode transmitir dados em velocidades pr\u00f3ximas \u00e0 velocidade da luz, permitindo uma transmiss\u00e3o de dados muito mais r\u00e1pida.<\/p>\n<p>Al\u00e9m disso, ao contr\u00e1rio dos cabos de cobre, os cabos <a href=\"https:\/\/www.ufinet.com\/2024\/01\/23\/fibra-optica-distribucion-de-internet-para-isps\/\">de fibra \u00f3ptica<\/a> s\u00e3o imunes a interfer\u00eancias eletromagn\u00e9ticas e frequ\u00eancias de r\u00e1dio. Essa resist\u00eancia \u00e0 interfer\u00eancia garante uma transmiss\u00e3o de dados mais est\u00e1vel e confi\u00e1vel, especialmente em ambientes com v\u00e1rias fontes de interfer\u00eancia.<\/p>\n<p>Outro problema crucial \u00e9 a perda de sinal durante a transmiss\u00e3o. Enquanto os cabos de cobre podem sofrer perdas significativas de sinal em dist\u00e2ncias maiores, <a href=\"https:\/\/www.ufinet.com\/pt-br\/fibra-optica-distribuicao-de-internet-para-isps\/\">a fibra \u00f3ptica<\/a> pode transmitir dados em dist\u00e2ncias muito maiores com perdas m\u00ednimas.<\/p>\n<p><a href=\"https:\/\/www.ufinet.com\/pt-br\/fibra-optica-distribuicao-de-internet-para-isps\/\">A fibra \u00f3ptica<\/a> tamb\u00e9m se destaca por sua resist\u00eancia a ru\u00eddos e seguran\u00e7a inerente. Como as informa\u00e7\u00f5es s\u00e3o transmitidas por meio de pulsos de luz, \u00e9 mais dif\u00edcil intercept\u00e1-las do que os sinais el\u00e9tricos em fios de cobre, o que proporciona um n\u00edvel adicional de seguran\u00e7a.<\/p>\n<p><a href=\"https:\/\/www.ufinet.com\/pt-br\/fibra-optica-distribuicao-de-internet-para-isps\/\">A fibra \u00f3ptica<\/a> surge como a espinha dorsal das comunica\u00e7\u00f5es modernas, proporcionando n\u00e3o apenas efici\u00eancia, mas tamb\u00e9m confiabilidade e seguran\u00e7a. Sua capacidade de transmitir dados em velocidades alucinantes e resistir a interfer\u00eancias faz com que seja a escolha preferida para a constru\u00e7\u00e3o da infraestrutura de conectividade do futuro. Compreender sua composi\u00e7\u00e3o e suas vantagens em rela\u00e7\u00e3o a outras m\u00eddias \u00e9 essencial para avaliar totalmente seu impacto na era digital atual. A fibra \u00f3ptica n\u00e3o apenas conecta; ela impulsiona a inova\u00e7\u00e3o e define o padr\u00e3o para a pr\u00f3xima gera\u00e7\u00e3o de comunica\u00e7\u00f5es.<\/p>\n\t\t\t\t\t\t\t\t<\/div>\n\t\t\t\t<\/div>\n\t\t\t\t<div class=\"elementor-element elementor-element-eb7d4a5 elementor-widget elementor-widget-image\" data-id=\"eb7d4a5\" data-element_type=\"widget\" data-e-type=\"widget\" data-widget_type=\"image.default\">\n\t\t\t\t<div class=\"elementor-widget-container\">\n\t\t\t\t\t\t\t\t\t\t\t\t\t\t\t<img fetchpriority=\"high\" decoding=\"async\" width=\"1170\" height=\"536\" src=\"https:\/\/www.ufinet.com\/wp-content\/uploads\/2024\/01\/fibraoptica1-1170x536.webp\" class=\"attachment-htslider_size_1170x536 size-htslider_size_1170x536 wp-image-32276\" alt=\"\" \/>\t\t\t\t\t\t\t\t\t\t\t\t\t\t\t<\/div>\n\t\t\t\t<\/div>\n\t\t\t\t<div class=\"elementor-element elementor-element-9cb1089 elementor-widget elementor-widget-heading\" data-id=\"9cb1089\" data-element_type=\"widget\" data-e-type=\"widget\" data-widget_type=\"heading.default\">\n\t\t\t\t<div class=\"elementor-widget-container\">\n\t\t\t\t\t<h2 class=\"elementor-heading-title elementor-size-default\">Tipos de fibra \u00f3ptica: diferen\u00e7as e usos, caracter\u00edsticas e capacidades<\/h2>\t\t\t\t<\/div>\n\t\t\t\t<\/div>\n\t\t\t\t<div class=\"elementor-element elementor-element-c2ffbd6 elementor-widget elementor-widget-text-editor\" data-id=\"c2ffbd6\" data-element_type=\"widget\" data-e-type=\"widget\" data-widget_type=\"text-editor.default\">\n\t\t\t\t<div class=\"elementor-widget-container\">\n\t\t\t\t\t\t\t\t\t<p><a href=\"https:\/\/www.ufinet.com\/pt-br\/fibra-optica-distribuicao-de-internet-para-isps\/\"> A fibra \u00f3ptica<\/a>, que \u00e9 a base das telecomunica\u00e7\u00f5es modernas, \u00e9 fornecida em v\u00e1rios tipos, cada um com caracter\u00edsticas espec\u00edficas que as tornam adequadas para diferentes aplica\u00e7\u00f5es. Entender as diferen\u00e7as entre esses tipos \u00e9 essencial para que voc\u00ea aproveite ao m\u00e1ximo essa tecnologia revolucion\u00e1ria.<\/p>\n\t\t\t\t\t\t\t\t<\/div>\n\t\t\t\t<\/div>\n\t\t\t\t<div class=\"elementor-element elementor-element-0850774 elementor-widget elementor-widget-heading\" data-id=\"0850774\" data-element_type=\"widget\" data-e-type=\"widget\" data-widget_type=\"heading.default\">\n\t\t\t\t<div class=\"elementor-widget-container\">\n\t\t\t\t\t<h2 class=\"elementor-heading-title elementor-size-default\">Fibra \u00f3ptica: uma vis\u00e3o detalhada<\/h2>\t\t\t\t<\/div>\n\t\t\t\t<\/div>\n\t\t\t\t<div class=\"elementor-element elementor-element-1b97302 elementor-widget elementor-widget-text-editor\" data-id=\"1b97302\" data-element_type=\"widget\" data-e-type=\"widget\" data-widget_type=\"text-editor.default\">\n\t\t\t\t<div class=\"elementor-widget-container\">\n\t\t\t\t\t\t\t\t\t<p><a href=\"https:\/\/www.ufinet.com\/pt-br\/fibra-optica-distribuicao-de-internet-para-isps\/\">A fibra \u00f3ptica<\/a> \u00e9 um condu\u00edte de transmiss\u00e3o de dados que usa a luz para transportar informa\u00e7\u00f5es de um ponto a outro. Sua composi\u00e7\u00e3o b\u00e1sica envolve um n\u00facleo transparente, geralmente feito de vidro ou pl\u00e1stico, cercado por uma camada de revestimento reflexivo. Esses elementos trabalham juntos para garantir a transmiss\u00e3o eficiente de sinais de luz, mas os tipos de <a href=\"https:\/\/www.ufinet.com\/2024\/01\/23\/fibra-optica-distribucion-de-internet-para-isps\/\">fibra \u00f3ptica<\/a> variam de acordo com suas caracter\u00edsticas intr\u00ednsecas.<\/p>\n\t\t\t\t\t\t\t\t<\/div>\n\t\t\t\t<\/div>\n\t\t\t\t<div class=\"elementor-element elementor-element-50ba2d9 elementor-widget elementor-widget-heading\" data-id=\"50ba2d9\" data-element_type=\"widget\" data-e-type=\"widget\" data-widget_type=\"heading.default\">\n\t\t\t\t<div class=\"elementor-widget-container\">\n\t\t\t\t\t<h2 class=\"elementor-heading-title elementor-size-default\">Tipos de fibra \u00f3ptica:\n<\/h2>\t\t\t\t<\/div>\n\t\t\t\t<\/div>\n\t\t\t\t<div class=\"elementor-element elementor-element-d348e7a elementor-widget elementor-widget-text-editor\" data-id=\"d348e7a\" data-element_type=\"widget\" data-e-type=\"widget\" data-widget_type=\"text-editor.default\">\n\t\t\t\t<div class=\"elementor-widget-container\">\n\t\t\t\t\t\t\t\t\t<p><strong>Fibra de modo \u00fanico (SMF)<\/strong><br \/><a href=\"https:\/\/www.ufinet.com\/pt-br\/fibra-optica-distribuicao-de-internet-para-isps\/\">A fibra \u00f3ptica<\/a> monomodo \u00e9 conhecida por ter um \u00fanico modo de propaga\u00e7\u00e3o, o que significa que ela permite que apenas um comprimento de onda de luz passe pelo n\u00facleo. Isso elimina a dispers\u00e3o modal, facilitando uma transmiss\u00e3o mais r\u00e1pida e eficiente. Esse tipo de fibra \u00e9 comumente usado em aplica\u00e7\u00f5es de longa dist\u00e2ncia, como conex\u00f5es intercontinentais e links de backbone de rede.<\/p>\n<p><strong>Fibra multimodo (MMF)<\/strong><br \/>Diferentemente da monomodo, o tipo &#8220;multimodo&#8221; de<a href=\"https:\/\/www.ufinet.com\/pt-br\/fibra-optica-distribuicao-de-internet-para-isps\/\"> fibra \u00f3ptica<\/a> permite a propaga\u00e7\u00e3o de v\u00e1rios modos de luz por meio de seu n\u00facleo. Embora isso possa resultar em dispers\u00e3o modal, \u00e9 ideal para dist\u00e2ncias mais curtas e aplica\u00e7\u00f5es em que a velocidade n\u00e3o \u00e9 cr\u00edtica. As conex\u00f5es em edif\u00edcios e data centers geralmente usam fibra multimodo.<\/p>\n<p><strong>Diferen\u00e7as e usos:<\/strong><br \/>A escolha entre fibra monomodo e multimodo depende da dist\u00e2ncia e da velocidade necess\u00e1rias. O modo \u00fanico se destaca em dist\u00e2ncias mais longas e aplica\u00e7\u00f5es de alta velocidade, enquanto o multimodo \u00e9 mais adequado para dist\u00e2ncias mais curtas e velocidades moderadas.<\/p>\n\t\t\t\t\t\t\t\t<\/div>\n\t\t\t\t<\/div>\n\t\t\t\t<div class=\"elementor-element elementor-element-05f541f elementor-widget elementor-widget-heading\" data-id=\"05f541f\" data-element_type=\"widget\" data-e-type=\"widget\" data-widget_type=\"heading.default\">\n\t\t\t\t<div class=\"elementor-widget-container\">\n\t\t\t\t\t<h2 class=\"elementor-heading-title elementor-size-default\">Caracter\u00edsticas e recursos da fibra \u00f3ptica: uma abordagem detalhada<\/h2>\t\t\t\t<\/div>\n\t\t\t\t<\/div>\n\t\t\t\t<div class=\"elementor-element elementor-element-34fb3a5 elementor-widget elementor-widget-text-editor\" data-id=\"34fb3a5\" data-element_type=\"widget\" data-e-type=\"widget\" data-widget_type=\"text-editor.default\">\n\t\t\t\t<div class=\"elementor-widget-container\">\n\t\t\t\t\t\t\t\t\t<p><a href=\"https:\/\/www.ufinet.com\/pt-br\/fibra-optica-distribuicao-de-internet-para-isps\/\">A fibra \u00f3ptica<\/a>, a espinha dorsal das comunica\u00e7\u00f5es modernas, distingue-se por sua capacidade exclusiva de transmitir dados usando feixes de luz. A explora\u00e7\u00e3o de seus recursos e capacidades revela uma tecnologia que redefine a conectividade. Nesta an\u00e1lise detalhada, destacamos os principais pontos que enfatizam o papel essencial da<a href=\"https:\/\/www.ufinet.com\/pt-br\/fibra-optica-distribuicao-de-internet-para-isps\/\"> fibra \u00f3ptica<\/a> em nossas redes de comunica\u00e7\u00e3o.<\/p>\n\t\t\t\t\t\t\t\t<\/div>\n\t\t\t\t<\/div>\n\t\t\t\t<div class=\"elementor-element elementor-element-1078c91 elementor-widget elementor-widget-heading\" data-id=\"1078c91\" data-element_type=\"widget\" data-e-type=\"widget\" data-widget_type=\"heading.default\">\n\t\t\t\t<div class=\"elementor-widget-container\">\n\t\t\t\t\t<h2 class=\"elementor-heading-title elementor-size-default\">Largura de banda excepcional  <\/h2>\t\t\t\t<\/div>\n\t\t\t\t<\/div>\n\t\t\t\t<div class=\"elementor-element elementor-element-008d925 elementor-widget elementor-widget-text-editor\" data-id=\"008d925\" data-element_type=\"widget\" data-e-type=\"widget\" data-widget_type=\"text-editor.default\">\n\t\t\t\t<div class=\"elementor-widget-container\">\n\t\t\t\t\t\t\t\t\t<p><span style=\"font-weight: 400;\">A fibra monomodo surge como l\u00edder indiscut\u00edvel em termos de largura de banda. Sua capacidade de fornecer um espectro mais amplo excede em muito o multimodo, tornando-o a escolha preferida para aplicativos que exigem alta taxa de transfer\u00eancia de dados. Assim, <a href=\"https:\/\/www.ufinet.com\/pt-br\/fibra-optica-distribuicao-de-internet-para-isps\/\">a fibra \u00f3ptica<\/a>, especialmente em sua variante monomodo, torna-se a for\u00e7a motriz por tr\u00e1s da transmiss\u00e3o r\u00e1pida e eficiente de grandes volumes de informa\u00e7\u00f5es.<\/span><\/p>\n<p><span style=\"font-weight: 400;\"><a href=\"https:\/\/www.ufinet.com\/pt-br\/fibra-optica-distribuicao-de-internet-para-isps\/\">A fibra \u00f3ptica<\/a>, com sua excepcional largura de banda, est\u00e1 posicionada como a op\u00e7\u00e3o ideal para atender \u00e0s demandas cada vez maiores de transmiss\u00e3o de dados no mundo digital atual.<\/span><\/p>\n\t\t\t\t\t\t\t\t<\/div>\n\t\t\t\t<\/div>\n\t\t\t\t<div class=\"elementor-element elementor-element-2f080a8 elementor-widget elementor-widget-heading\" data-id=\"2f080a8\" data-element_type=\"widget\" data-e-type=\"widget\" data-widget_type=\"heading.default\">\n\t\t\t\t<div class=\"elementor-widget-container\">\n\t\t\t\t\t<h2 class=\"elementor-heading-title elementor-size-default\">Redu\u00e7\u00e3o da atenua\u00e7\u00e3o<\/h2>\t\t\t\t<\/div>\n\t\t\t\t<\/div>\n\t\t\t\t<div class=\"elementor-element elementor-element-e5d6eb3 elementor-widget elementor-widget-text-editor\" data-id=\"e5d6eb3\" data-element_type=\"widget\" data-e-type=\"widget\" data-widget_type=\"text-editor.default\">\n\t\t\t\t<div class=\"elementor-widget-container\">\n\t\t\t\t\t\t\t\t\t<p>Um aspecto fundamental da <a href=\"https:\/\/www.ufinet.com\/pt-br\/fibra-optica-distribuicao-de-internet-para-isps\/\">fibra \u00f3ptica<\/a> \u00e9 sua capacidade de minimizar a atenua\u00e7\u00e3o, a perda de sinal durante a transmiss\u00e3o. Nesse aspecto, a fibra monomodo se destaca por oferecer uma atenua\u00e7\u00e3o significativamente menor. Esse recurso permite a transmiss\u00e3o de dados em dist\u00e2ncias consider\u00e1veis sem sacrificar a qualidade do sinal, garantindo conex\u00f5es confi\u00e1veis e de alta qualidade em grandes infraestruturas.<\/p>\n<p>A fibra monomodo, ao reduzir a atenua\u00e7\u00e3o, garante conex\u00f5es est\u00e1veis e de alta qualidade, mesmo em ambientes que exigem dist\u00e2ncias de transmiss\u00e3o significativas.<\/p>\n\t\t\t\t\t\t\t\t<\/div>\n\t\t\t\t<\/div>\n\t\t\t\t<div class=\"elementor-element elementor-element-7d51b0d elementor-widget elementor-widget-heading\" data-id=\"7d51b0d\" data-element_type=\"widget\" data-e-type=\"widget\" data-widget_type=\"heading.default\">\n\t\t\t\t<div class=\"elementor-widget-container\">\n\t\t\t\t\t<h2 class=\"elementor-heading-title elementor-size-default\">Diversidade na conectividade<\/h2>\t\t\t\t<\/div>\n\t\t\t\t<\/div>\n\t\t\t\t<div class=\"elementor-element elementor-element-7b19531 elementor-widget elementor-widget-text-editor\" data-id=\"7b19531\" data-element_type=\"widget\" data-e-type=\"widget\" data-widget_type=\"text-editor.default\">\n\t\t\t\t<div class=\"elementor-widget-container\">\n\t\t\t\t\t\t\t\t\t<p><a href=\"https:\/\/www.ufinet.com\/pt-br\/fibra-optica-distribuicao-de-internet-para-isps\/\">A fibra \u00f3ptica<\/a> tem varia\u00e7\u00f5es na conectividade, dependendo do tipo de fibra. O modo \u00fanico, devido \u00e0 sua alta especificidade, geralmente requer fontes de luz mais caras e precisas. Por outro lado, o multimodo usa fontes de luz mais acess\u00edveis e comuns, o que o torna uma op\u00e7\u00e3o pr\u00e1tica para conex\u00f5es de curta dist\u00e2ncia e aplica\u00e7\u00f5es menos exigentes em termos de velocidade.<\/p>\n<p>A escolha entre fibra monomodo e multimodo \u00e9 adaptada \u00e0s necessidades espec\u00edficas, desde conex\u00f5es de alta demanda at\u00e9 aplica\u00e7\u00f5es mais comuns e econ\u00f4micas.<\/p>\n<p>Ao integrar esses recursos e capacidades, <a href=\"https:\/\/www.ufinet.com\/pt-br\/fibra-optica-distribuicao-de-internet-para-isps\/\">a fibra \u00f3ptica<\/a> se revela como um elemento fundamental na evolu\u00e7\u00e3o das redes de comunica\u00e7\u00e3o. Sua capacidade de fornecer uma largura de banda excepcional, reduzir a atenua\u00e7\u00e3o e acomodar diversas necessidades de conectividade o posiciona como a tecnologia preferida para a transmiss\u00e3o de dados. <a href=\"https:\/\/www.ufinet.com\/pt-br\/fibra-optica-distribuicao-de-internet-para-isps\/\">A fibra \u00f3ptica,<\/a> com sua luz brilhante e eficiente, ilumina o caminho para um futuro de comunica\u00e7\u00f5es r\u00e1pidas e est\u00e1veis, adaptadas \u00e0s crescentes demandas de nossa era digital.<\/p>\n<p><a href=\"https:\/\/www.ufinet.com\/pt-br\/fibra-optica-distribuicao-de-internet-para-isps\/\">A fibra \u00f3ptica<\/a>, com sua capacidade exclusiva de transmitir dados por meio de feixes de luz, redefine a conectividade moderna, fornecendo uma largura de banda excepcional e acomodando diversas necessidades de conectividade.<\/p>\n\t\t\t\t\t\t\t\t<\/div>\n\t\t\t\t<\/div>\n\t\t\t\t<div class=\"elementor-element elementor-element-0d9f36b elementor-widget elementor-widget-image\" data-id=\"0d9f36b\" data-element_type=\"widget\" data-e-type=\"widget\" data-widget_type=\"image.default\">\n\t\t\t\t<div class=\"elementor-widget-container\">\n\t\t\t\t\t\t\t\t\t\t\t\t\t\t\t<img decoding=\"async\" width=\"1170\" height=\"536\" src=\"https:\/\/www.ufinet.com\/wp-content\/uploads\/2024\/01\/cableado-estructurado-1170x536.webp\" class=\"attachment-htslider_size_1170x536 size-htslider_size_1170x536 wp-image-32278\" alt=\"\" \/>\t\t\t\t\t\t\t\t\t\t\t\t\t\t\t<\/div>\n\t\t\t\t<\/div>\n\t\t\t\t<div class=\"elementor-element elementor-element-f03248e elementor-widget elementor-widget-heading\" data-id=\"f03248e\" data-element_type=\"widget\" data-e-type=\"widget\" data-widget_type=\"heading.default\">\n\t\t\t\t<div class=\"elementor-widget-container\">\n\t\t\t\t\t<h2 class=\"elementor-heading-title elementor-size-default\">Vantagens da fibra \u00f3ptica:<\/h2>\t\t\t\t<\/div>\n\t\t\t\t<\/div>\n\t\t\t\t<div class=\"elementor-element elementor-element-88931e9 elementor-widget elementor-widget-text-editor\" data-id=\"88931e9\" data-element_type=\"widget\" data-e-type=\"widget\" data-widget_type=\"text-editor.default\">\n\t\t\t\t<div class=\"elementor-widget-container\">\n\t\t\t\t\t\t\t\t\t<p><strong>Alta largura de banda:<\/strong> <a href=\"https:\/\/www.ufinet.com\/pt-br\/fibra-optica-distribuicao-de-internet-para-isps\/\">a fibra \u00f3ptica<\/a> \u00e9 not\u00e1vel por oferecer uma largura de banda significativamente maior do que outras m\u00eddias de transmiss\u00e3o. Esse recurso permite a transfer\u00eancia de grandes quantidades de dados em velocidades impressionantes, atendendo \u00e0 crescente demanda por conectividade r\u00e1pida.<\/p>\n<p><strong>Menor atenua\u00e7\u00e3o:<\/strong> um dos maiores pontos fortes da <a href=\"https:\/\/www.ufinet.com\/pt-br\/fibra-optica-distribuicao-de-internet-para-isps\/\">fibra \u00f3ptica<\/a> \u00e9 sua capacidade de manter baixas taxas de atenua\u00e7\u00e3o. A perda de sinal \u00e9 m\u00ednima, possibilitando a transmiss\u00e3o de dados por dist\u00e2ncias consider\u00e1veis sem comprometer a qualidade do sinal.<\/p>\n<p><strong>Imunidade \u00e0 interfer\u00eancia eletromagn\u00e9tica:<\/strong> ao contr\u00e1rio dos cabos de cobre, <a href=\"https:\/\/www.ufinet.com\/pt-br\/fibra-optica-distribuicao-de-internet-para-isps\/\">a fibra \u00f3ptica<\/a> \u00e9 imune \u00e0 interfer\u00eancia eletromagn\u00e9tica. Esse resistor garante uma comunica\u00e7\u00e3o mais confi\u00e1vel, evitando dist\u00farbios causados por campos magn\u00e9ticos e el\u00e9tricos.<\/p>\n<p><strong>Aumento da seguran\u00e7a<\/strong>: a seguran\u00e7a das informa\u00e7\u00f5es \u00e9 um problema cr\u00edtico na era digital. <a href=\"https:\/\/www.ufinet.com\/pt-br\/fibra-optica-distribuicao-de-internet-para-isps\/\">A fibra \u00f3ptica<\/a> oferece um n\u00edvel mais alto de seguran\u00e7a, pois \u00e9 dif\u00edcil de interceptar sem deixar rastros. Esse recurso o torna a op\u00e7\u00e3o preferida para a transmiss\u00e3o segura de dados confidenciais.<\/p>\n\t\t\t\t\t\t\t\t<\/div>\n\t\t\t\t<\/div>\n\t\t\t\t<div class=\"elementor-element elementor-element-fd12220 elementor-widget elementor-widget-heading\" data-id=\"fd12220\" data-element_type=\"widget\" data-e-type=\"widget\" data-widget_type=\"heading.default\">\n\t\t\t\t<div class=\"elementor-widget-container\">\n\t\t\t\t\t<h2 class=\"elementor-heading-title elementor-size-default\">Implementa\u00e7\u00e3o de aspectos ambientais e de sustentabilidade em redes FTTH<\/h2>\t\t\t\t<\/div>\n\t\t\t\t<\/div>\n\t\t\t\t<div class=\"elementor-element elementor-element-9141cd0 elementor-widget elementor-widget-text-editor\" data-id=\"9141cd0\" data-element_type=\"widget\" data-e-type=\"widget\" data-widget_type=\"text-editor.default\">\n\t\t\t\t<div class=\"elementor-widget-container\">\n\t\t\t\t\t\t\t\t\t<p>A implementa\u00e7\u00e3o de redes <a href=\"https:\/\/www.ufinet.com\/pt-br\/fibra-optica-distribuicao-de-internet-para-isps\/\">de fibra \u00f3ptica<\/a> (FTTH) n\u00e3o apenas revolucionou a conectividade e a velocidade da Internet, mas tamb\u00e9m abriu um di\u00e1logo essencial sobre os aspectos ambientais e de sustentabilidade dessas infraestruturas tecnol\u00f3gicas. <a href=\"https:\/\/www.ufinet.com\/pt-br\/fibra-optica-distribuicao-de-internet-para-isps\/\">A fibra \u00f3ptica<\/a> impulsionou uma mudan\u00e7a significativa em dire\u00e7\u00e3o a pr\u00e1ticas mais sustent\u00e1veis e ecologicamente corretas.<\/p>\n<p>Um dos aspectos mais importantes da sustentabilidade das redes FTTH \u00e9 a efici\u00eancia energ\u00e9tica. Ao contr\u00e1rio das tecnologias mais antigas, <a href=\"https:\/\/www.ufinet.com\/pt-br\/fibra-optica-distribuicao-de-internet-para-isps\/\">a fibra \u00f3ptica<\/a> requer menos energia para transmitir dados em dist\u00e2ncias valiosas. Isso se traduz em uma redu\u00e7\u00e3o fundamental da pegada de carbono associada \u00e0 infraestrutura de rede, contribuindo assim para um ambiente mais sustent\u00e1vel. A efici\u00eancia energ\u00e9tica \u00e9 um elemento fundamental a ser considerado, especialmente em um mundo digital em constante expans\u00e3o.<\/p>\n<p>Desde a efici\u00eancia energ\u00e9tica at\u00e9 o uso de materiais mais sustent\u00e1veis e a redu\u00e7\u00e3o do lixo eletr\u00f4nico, essa tecnologia oferece uma alternativa s\u00f3lida para atender \u00e0s nossas crescentes necessidades de conectividade sem comprometer o futuro do planeta. A implementa\u00e7\u00e3o consciente de redes FTTH <a href=\"https:\/\/www.ufinet.com\/pt-br\/fibra-optica-distribuicao-de-internet-para-isps\/\">baseadas em fibra \u00f3ptica<\/a> n\u00e3o apenas impulsiona o progresso tecnol\u00f3gico, mas tamb\u00e9m promove um caminho para um futuro digital mais sustent\u00e1vel e equilibrado.<\/p>\n\t\t\t\t\t\t\t\t<\/div>\n\t\t\t\t<\/div>\n\t\t\t\t\t<\/div>\n\t\t\t\t<\/div>\n\t\t<div class=\"elementor-element elementor-element-54ab662f e-flex e-con-boxed e-con e-parent\" data-id=\"54ab662f\" data-element_type=\"container\" data-e-type=\"container\" data-settings=\"{&quot;background_background&quot;:&quot;classic&quot;}\">\n\t\t\t\t\t<div class=\"e-con-inner\">\n\t\t\t\t<div class=\"elementor-element elementor-element-41314f19 elementor-widget elementor-widget-heading\" data-id=\"41314f19\" data-element_type=\"widget\" data-e-type=\"widget\" data-widget_type=\"heading.default\">\n\t\t\t\t<div class=\"elementor-widget-container\">\n\t\t\t\t\t<h2 class=\"elementor-heading-title elementor-size-default\">Entre em contato com um de nossos especialistas<\/h2>\t\t\t\t<\/div>\n\t\t\t\t<\/div>\n\t\t\t\t<div class=\"elementor-element elementor-element-2aab5f78 elementor-align-center elementor-widget elementor-widget-button\" data-id=\"2aab5f78\" data-element_type=\"widget\" data-e-type=\"widget\" data-widget_type=\"button.default\">\n\t\t\t\t<div class=\"elementor-widget-container\">\n\t\t\t\t\t\t\t\t\t<div class=\"elementor-button-wrapper\">\n\t\t\t\t\t<a class=\"elementor-button elementor-button-link elementor-size-sm\" href=\"#\">\n\t\t\t\t\t\t<span class=\"elementor-button-content-wrapper\">\n\t\t\t\t\t\t\t\t\t<span class=\"elementor-button-text\">Entre em contato conosco em<\/span>\n\t\t\t\t\t<\/span>\n\t\t\t\t\t<\/a>\n\t\t\t\t<\/div>\n\t\t\t\t\t\t\t\t<\/div>\n\t\t\t\t<\/div>\n\t\t\t\t\t<\/div>\n\t\t\t\t<\/div>\n\t\t\t\t<\/div>\n\t\t","protected":false},"excerpt":{"rendered":"<p>A fibra \u00f3ptica, cujo impacto nas comunica\u00e7\u00f5es foi monumental, \u00e9 uma tecnologia avan\u00e7ada que transformou a maneira como compartilhamos informa\u00e7\u00f5es. Para entender completamente como ele funciona, \u00e9 essencial explorar sua composi\u00e7\u00e3o e seus materiais, bem como compar\u00e1-lo com outros meios de transmiss\u00e3o. Composi\u00e7\u00e3o e materiais A fibra \u00f3ptica \u00e9 composta principalmente de vidro ou pl\u00e1stico [&hellip;]<\/p>\n","protected":false},"author":1,"featured_media":32274,"comment_status":"closed","ping_status":"closed","sticky":false,"template":"","format":"standard","meta":{"site-sidebar-layout":"default","site-content-layout":"","ast-site-content-layout":"default","site-content-style":"default","site-sidebar-style":"default","ast-global-header-display":"","ast-banner-title-visibility":"","ast-main-header-display":"","ast-hfb-above-header-display":"","ast-hfb-below-header-display":"","ast-hfb-mobile-header-display":"","site-post-title":"","ast-breadcrumbs-content":"","ast-featured-img":"","footer-sml-layout":"","ast-disable-related-posts":"","theme-transparent-header-meta":"","adv-header-id-meta":"","stick-header-meta":"","header-above-stick-meta":"","header-main-stick-meta":"","header-below-stick-meta":"","astra-migrate-meta-layouts":"default","ast-page-background-enabled":"default","ast-page-background-meta":{"desktop":{"background-color":"","background-image":"","background-repeat":"repeat","background-position":"center center","background-size":"auto","background-attachment":"scroll","background-type":"","background-media":"","overlay-type":"","overlay-color":"","overlay-opacity":"","overlay-gradient":""},"tablet":{"background-color":"","background-image":"","background-repeat":"repeat","background-position":"center center","background-size":"auto","background-attachment":"scroll","background-type":"","background-media":"","overlay-type":"","overlay-color":"","overlay-opacity":"","overlay-gradient":""},"mobile":{"background-color":"","background-image":"","background-repeat":"repeat","background-position":"center center","background-size":"auto","background-attachment":"scroll","background-type":"","background-media":"","overlay-type":"","overlay-color":"","overlay-opacity":"","overlay-gradient":""}},"ast-content-background-meta":{"desktop":{"background-color":"var(--ast-global-color-5)","background-image":"","background-repeat":"repeat","background-position":"center center","background-size":"auto","background-attachment":"scroll","background-type":"","background-media":"","overlay-type":"","overlay-color":"","overlay-opacity":"","overlay-gradient":""},"tablet":{"background-color":"var(--ast-global-color-5)","background-image":"","background-repeat":"repeat","background-position":"center center","background-size":"auto","background-attachment":"scroll","background-type":"","background-media":"","overlay-type":"","overlay-color":"","overlay-opacity":"","overlay-gradient":""},"mobile":{"background-color":"var(--ast-global-color-5)","background-image":"","background-repeat":"repeat","background-position":"center center","background-size":"auto","background-attachment":"scroll","background-type":"","background-media":"","overlay-type":"","overlay-color":"","overlay-opacity":"","overlay-gradient":""}},"footnotes":""},"categories":[48,86],"tags":[],"class_list":["post-32869","post","type-post","status-publish","format-standard","has-post-thumbnail","hentry","category-nao-categorizado","category-servicos-blog"],"yoast_head":"<!-- This site is optimized with the Yoast SEO plugin v27.4 - https:\/\/yoast.com\/product\/yoast-seo-wordpress\/ -->\n<title>Fibra \u00f3ptica: o que \u00e9 e como funciona? - Ufinet | A rede que conecta voc\u00ea \u00e0 Am\u00e9rica Latina<\/title>\n<meta name=\"description\" content=\"A fibra \u00f3ptica, uma tecnologia de comunica\u00e7\u00e3o revolucion\u00e1ria, transforma as informa\u00e7\u00f5es. Para compreend\u00ea-lo, \u00e9 necess\u00e1rio explorar a composi\u00e7\u00e3o, os materiais e compar\u00e1-los com outras m\u00eddias.\" \/>\n<meta name=\"robots\" content=\"index, follow, max-snippet:-1, max-image-preview:large, max-video-preview:-1\" \/>\n<link rel=\"canonical\" href=\"https:\/\/www.ufinet.com\/pt-br\/fibra-optica-o-que-e-e-como-funciona\/\" \/>\n<meta property=\"og:locale\" content=\"pt_BR\" \/>\n<meta property=\"og:type\" content=\"article\" \/>\n<meta property=\"og:title\" content=\"Fibra \u00f3ptica: o que \u00e9 e como funciona? - Ufinet | A rede que conecta voc\u00ea \u00e0 Am\u00e9rica Latina\" \/>\n<meta property=\"og:description\" content=\"A fibra \u00f3ptica, uma tecnologia de comunica\u00e7\u00e3o revolucion\u00e1ria, transforma as informa\u00e7\u00f5es. Para compreend\u00ea-lo, \u00e9 necess\u00e1rio explorar a composi\u00e7\u00e3o, os materiais e compar\u00e1-los com outras m\u00eddias.\" \/>\n<meta property=\"og:url\" content=\"https:\/\/www.ufinet.com\/pt-br\/fibra-optica-o-que-e-e-como-funciona\/\" \/>\n<meta property=\"og:site_name\" content=\"Ufinet | A rede que conecta voc\u00ea \u00e0 Am\u00e9rica Latina\" \/>\n<meta property=\"article:published_time\" content=\"2024-01-23T17:39:07+00:00\" \/>\n<meta property=\"article:modified_time\" content=\"2024-07-03T03:00:44+00:00\" \/>\n<meta property=\"og:image\" content=\"https:\/\/www.ufinet.com\/wp-content\/uploads\/2024\/01\/fibraoptica2-scaled.webp\" \/>\n\t<meta property=\"og:image:width\" content=\"2560\" \/>\n\t<meta property=\"og:image:height\" content=\"1709\" \/>\n\t<meta property=\"og:image:type\" content=\"image\/webp\" \/>\n<meta name=\"author\" content=\"wowlatammk.com\" \/>\n<meta name=\"twitter:card\" content=\"summary_large_image\" \/>\n<meta name=\"twitter:label1\" content=\"Escrito por\" \/>\n\t<meta name=\"twitter:data1\" content=\"wowlatammk.com\" \/>\n\t<meta name=\"twitter:label2\" content=\"Est. tempo de leitura\" \/>\n\t<meta name=\"twitter:data2\" content=\"9 minutos\" \/>\n<script type=\"application\/ld+json\" class=\"yoast-schema-graph\">{\"@context\":\"https:\\\/\\\/schema.org\",\"@graph\":[{\"@type\":\"Article\",\"@id\":\"https:\\\/\\\/www.ufinet.com\\\/pt-br\\\/fibra-optica-o-que-e-e-como-funciona\\\/#article\",\"isPartOf\":{\"@id\":\"https:\\\/\\\/www.ufinet.com\\\/pt-br\\\/fibra-optica-o-que-e-e-como-funciona\\\/\"},\"author\":{\"name\":\"wowlatammk.com\",\"@id\":\"https:\\\/\\\/www.ufinet.com\\\/pt-br\\\/#\\\/schema\\\/person\\\/19b7e96681bc1c0d4ca6b8d4d4ad07cd\"},\"headline\":\"Fibra \u00f3ptica: o que \u00e9 e como funciona?\",\"datePublished\":\"2024-01-23T17:39:07+00:00\",\"dateModified\":\"2024-07-03T03:00:44+00:00\",\"mainEntityOfPage\":{\"@id\":\"https:\\\/\\\/www.ufinet.com\\\/pt-br\\\/fibra-optica-o-que-e-e-como-funciona\\\/\"},\"wordCount\":1788,\"publisher\":{\"@id\":\"https:\\\/\\\/www.ufinet.com\\\/pt-br\\\/#organization\"},\"image\":{\"@id\":\"https:\\\/\\\/www.ufinet.com\\\/pt-br\\\/fibra-optica-o-que-e-e-como-funciona\\\/#primaryimage\"},\"thumbnailUrl\":\"https:\\\/\\\/www.ufinet.com\\\/wp-content\\\/uploads\\\/2024\\\/01\\\/fibraoptica2-scaled.webp\",\"articleSection\":[\"N\u00e3o categorizado\",\"Servicos Blog\"],\"inLanguage\":\"pt-BR\"},{\"@type\":\"WebPage\",\"@id\":\"https:\\\/\\\/www.ufinet.com\\\/pt-br\\\/fibra-optica-o-que-e-e-como-funciona\\\/\",\"url\":\"https:\\\/\\\/www.ufinet.com\\\/pt-br\\\/fibra-optica-o-que-e-e-como-funciona\\\/\",\"name\":\"Fibra \u00f3ptica: o que \u00e9 e como funciona? - Ufinet | A rede que conecta voc\u00ea \u00e0 Am\u00e9rica Latina\",\"isPartOf\":{\"@id\":\"https:\\\/\\\/www.ufinet.com\\\/pt-br\\\/#website\"},\"primaryImageOfPage\":{\"@id\":\"https:\\\/\\\/www.ufinet.com\\\/pt-br\\\/fibra-optica-o-que-e-e-como-funciona\\\/#primaryimage\"},\"image\":{\"@id\":\"https:\\\/\\\/www.ufinet.com\\\/pt-br\\\/fibra-optica-o-que-e-e-como-funciona\\\/#primaryimage\"},\"thumbnailUrl\":\"https:\\\/\\\/www.ufinet.com\\\/wp-content\\\/uploads\\\/2024\\\/01\\\/fibraoptica2-scaled.webp\",\"datePublished\":\"2024-01-23T17:39:07+00:00\",\"dateModified\":\"2024-07-03T03:00:44+00:00\",\"description\":\"A fibra \u00f3ptica, uma tecnologia de comunica\u00e7\u00e3o revolucion\u00e1ria, transforma as informa\u00e7\u00f5es. Para compreend\u00ea-lo, \u00e9 necess\u00e1rio explorar a composi\u00e7\u00e3o, os materiais e compar\u00e1-los com outras m\u00eddias.\",\"breadcrumb\":{\"@id\":\"https:\\\/\\\/www.ufinet.com\\\/pt-br\\\/fibra-optica-o-que-e-e-como-funciona\\\/#breadcrumb\"},\"inLanguage\":\"pt-BR\",\"potentialAction\":[{\"@type\":\"ReadAction\",\"target\":[\"https:\\\/\\\/www.ufinet.com\\\/pt-br\\\/fibra-optica-o-que-e-e-como-funciona\\\/\"]}]},{\"@type\":\"ImageObject\",\"inLanguage\":\"pt-BR\",\"@id\":\"https:\\\/\\\/www.ufinet.com\\\/pt-br\\\/fibra-optica-o-que-e-e-como-funciona\\\/#primaryimage\",\"url\":\"https:\\\/\\\/www.ufinet.com\\\/wp-content\\\/uploads\\\/2024\\\/01\\\/fibraoptica2-scaled.webp\",\"contentUrl\":\"https:\\\/\\\/www.ufinet.com\\\/wp-content\\\/uploads\\\/2024\\\/01\\\/fibraoptica2-scaled.webp\",\"width\":2560,\"height\":1709},{\"@type\":\"BreadcrumbList\",\"@id\":\"https:\\\/\\\/www.ufinet.com\\\/pt-br\\\/fibra-optica-o-que-e-e-como-funciona\\\/#breadcrumb\",\"itemListElement\":[{\"@type\":\"ListItem\",\"position\":1,\"name\":\"Home\",\"item\":\"https:\\\/\\\/www.ufinet.com\\\/pt-br\\\/\"},{\"@type\":\"ListItem\",\"position\":2,\"name\":\"Fibra \u00f3ptica: o que \u00e9 e como funciona?\"}]},{\"@type\":\"WebSite\",\"@id\":\"https:\\\/\\\/www.ufinet.com\\\/pt-br\\\/#website\",\"url\":\"https:\\\/\\\/www.ufinet.com\\\/pt-br\\\/\",\"name\":\"Ufinet\",\"description\":\"Somos a \u00fanica operadora na Am\u00e9rica Latina que \u00e9 100% NEUTRA.\",\"publisher\":{\"@id\":\"https:\\\/\\\/www.ufinet.com\\\/pt-br\\\/#organization\"},\"potentialAction\":[{\"@type\":\"SearchAction\",\"target\":{\"@type\":\"EntryPoint\",\"urlTemplate\":\"https:\\\/\\\/www.ufinet.com\\\/pt-br\\\/?s={search_term_string}\"},\"query-input\":{\"@type\":\"PropertyValueSpecification\",\"valueRequired\":true,\"valueName\":\"search_term_string\"}}],\"inLanguage\":\"pt-BR\"},{\"@type\":\"Organization\",\"@id\":\"https:\\\/\\\/www.ufinet.com\\\/pt-br\\\/#organization\",\"name\":\"Ufinet\",\"url\":\"https:\\\/\\\/www.ufinet.com\\\/pt-br\\\/\",\"logo\":{\"@type\":\"ImageObject\",\"inLanguage\":\"pt-BR\",\"@id\":\"https:\\\/\\\/www.ufinet.com\\\/pt-br\\\/#\\\/schema\\\/logo\\\/image\\\/\",\"url\":\"https:\\\/\\\/www.ufinet.com\\\/wp-content\\\/uploads\\\/2024\\\/06\\\/cropped-Recurso-1.png\",\"contentUrl\":\"https:\\\/\\\/www.ufinet.com\\\/wp-content\\\/uploads\\\/2024\\\/06\\\/cropped-Recurso-1.png\",\"width\":1654,\"height\":705,\"caption\":\"Ufinet\"},\"image\":{\"@id\":\"https:\\\/\\\/www.ufinet.com\\\/pt-br\\\/#\\\/schema\\\/logo\\\/image\\\/\"}},{\"@type\":\"Person\",\"@id\":\"https:\\\/\\\/www.ufinet.com\\\/pt-br\\\/#\\\/schema\\\/person\\\/19b7e96681bc1c0d4ca6b8d4d4ad07cd\",\"name\":\"wowlatammk.com\",\"image\":{\"@type\":\"ImageObject\",\"inLanguage\":\"pt-BR\",\"@id\":\"https:\\\/\\\/secure.gravatar.com\\\/avatar\\\/f73c2b6f2e8dbad969fd10342fe2028ced9bf45ec4f05b0acbf7a087f235cb64?s=96&d=mm&r=g\",\"url\":\"https:\\\/\\\/secure.gravatar.com\\\/avatar\\\/f73c2b6f2e8dbad969fd10342fe2028ced9bf45ec4f05b0acbf7a087f235cb64?s=96&d=mm&r=g\",\"contentUrl\":\"https:\\\/\\\/secure.gravatar.com\\\/avatar\\\/f73c2b6f2e8dbad969fd10342fe2028ced9bf45ec4f05b0acbf7a087f235cb64?s=96&d=mm&r=g\",\"caption\":\"wowlatammk.com\"},\"sameAs\":[\"http:\\\/\\\/wowlatammk.com\"],\"url\":\"https:\\\/\\\/www.ufinet.com\\\/pt-br\\\/author\\\/wowlatammk-com\\\/\"}]}<\/script>\n<!-- \/ Yoast SEO plugin. -->","yoast_head_json":{"title":"Fibra \u00f3ptica: o que \u00e9 e como funciona? - Ufinet | A rede que conecta voc\u00ea \u00e0 Am\u00e9rica Latina","description":"A fibra \u00f3ptica, uma tecnologia de comunica\u00e7\u00e3o revolucion\u00e1ria, transforma as informa\u00e7\u00f5es. Para compreend\u00ea-lo, \u00e9 necess\u00e1rio explorar a composi\u00e7\u00e3o, os materiais e compar\u00e1-los com outras m\u00eddias.","robots":{"index":"index","follow":"follow","max-snippet":"max-snippet:-1","max-image-preview":"max-image-preview:large","max-video-preview":"max-video-preview:-1"},"canonical":"https:\/\/www.ufinet.com\/pt-br\/fibra-optica-o-que-e-e-como-funciona\/","og_locale":"pt_BR","og_type":"article","og_title":"Fibra \u00f3ptica: o que \u00e9 e como funciona? - Ufinet | A rede que conecta voc\u00ea \u00e0 Am\u00e9rica Latina","og_description":"A fibra \u00f3ptica, uma tecnologia de comunica\u00e7\u00e3o revolucion\u00e1ria, transforma as informa\u00e7\u00f5es. Para compreend\u00ea-lo, \u00e9 necess\u00e1rio explorar a composi\u00e7\u00e3o, os materiais e compar\u00e1-los com outras m\u00eddias.","og_url":"https:\/\/www.ufinet.com\/pt-br\/fibra-optica-o-que-e-e-como-funciona\/","og_site_name":"Ufinet | A rede que conecta voc\u00ea \u00e0 Am\u00e9rica Latina","article_published_time":"2024-01-23T17:39:07+00:00","article_modified_time":"2024-07-03T03:00:44+00:00","og_image":[{"width":2560,"height":1709,"url":"https:\/\/www.ufinet.com\/wp-content\/uploads\/2024\/01\/fibraoptica2-scaled.webp","type":"image\/webp"}],"author":"wowlatammk.com","twitter_card":"summary_large_image","twitter_misc":{"Escrito por":"wowlatammk.com","Est. tempo de leitura":"9 minutos"},"schema":{"@context":"https:\/\/schema.org","@graph":[{"@type":"Article","@id":"https:\/\/www.ufinet.com\/pt-br\/fibra-optica-o-que-e-e-como-funciona\/#article","isPartOf":{"@id":"https:\/\/www.ufinet.com\/pt-br\/fibra-optica-o-que-e-e-como-funciona\/"},"author":{"name":"wowlatammk.com","@id":"https:\/\/www.ufinet.com\/pt-br\/#\/schema\/person\/19b7e96681bc1c0d4ca6b8d4d4ad07cd"},"headline":"Fibra \u00f3ptica: o que \u00e9 e como funciona?","datePublished":"2024-01-23T17:39:07+00:00","dateModified":"2024-07-03T03:00:44+00:00","mainEntityOfPage":{"@id":"https:\/\/www.ufinet.com\/pt-br\/fibra-optica-o-que-e-e-como-funciona\/"},"wordCount":1788,"publisher":{"@id":"https:\/\/www.ufinet.com\/pt-br\/#organization"},"image":{"@id":"https:\/\/www.ufinet.com\/pt-br\/fibra-optica-o-que-e-e-como-funciona\/#primaryimage"},"thumbnailUrl":"https:\/\/www.ufinet.com\/wp-content\/uploads\/2024\/01\/fibraoptica2-scaled.webp","articleSection":["N\u00e3o categorizado","Servicos Blog"],"inLanguage":"pt-BR"},{"@type":"WebPage","@id":"https:\/\/www.ufinet.com\/pt-br\/fibra-optica-o-que-e-e-como-funciona\/","url":"https:\/\/www.ufinet.com\/pt-br\/fibra-optica-o-que-e-e-como-funciona\/","name":"Fibra \u00f3ptica: o que \u00e9 e como funciona? - Ufinet | A rede que conecta voc\u00ea \u00e0 Am\u00e9rica Latina","isPartOf":{"@id":"https:\/\/www.ufinet.com\/pt-br\/#website"},"primaryImageOfPage":{"@id":"https:\/\/www.ufinet.com\/pt-br\/fibra-optica-o-que-e-e-como-funciona\/#primaryimage"},"image":{"@id":"https:\/\/www.ufinet.com\/pt-br\/fibra-optica-o-que-e-e-como-funciona\/#primaryimage"},"thumbnailUrl":"https:\/\/www.ufinet.com\/wp-content\/uploads\/2024\/01\/fibraoptica2-scaled.webp","datePublished":"2024-01-23T17:39:07+00:00","dateModified":"2024-07-03T03:00:44+00:00","description":"A fibra \u00f3ptica, uma tecnologia de comunica\u00e7\u00e3o revolucion\u00e1ria, transforma as informa\u00e7\u00f5es. Para compreend\u00ea-lo, \u00e9 necess\u00e1rio explorar a composi\u00e7\u00e3o, os materiais e compar\u00e1-los com outras m\u00eddias.","breadcrumb":{"@id":"https:\/\/www.ufinet.com\/pt-br\/fibra-optica-o-que-e-e-como-funciona\/#breadcrumb"},"inLanguage":"pt-BR","potentialAction":[{"@type":"ReadAction","target":["https:\/\/www.ufinet.com\/pt-br\/fibra-optica-o-que-e-e-como-funciona\/"]}]},{"@type":"ImageObject","inLanguage":"pt-BR","@id":"https:\/\/www.ufinet.com\/pt-br\/fibra-optica-o-que-e-e-como-funciona\/#primaryimage","url":"https:\/\/www.ufinet.com\/wp-content\/uploads\/2024\/01\/fibraoptica2-scaled.webp","contentUrl":"https:\/\/www.ufinet.com\/wp-content\/uploads\/2024\/01\/fibraoptica2-scaled.webp","width":2560,"height":1709},{"@type":"BreadcrumbList","@id":"https:\/\/www.ufinet.com\/pt-br\/fibra-optica-o-que-e-e-como-funciona\/#breadcrumb","itemListElement":[{"@type":"ListItem","position":1,"name":"Home","item":"https:\/\/www.ufinet.com\/pt-br\/"},{"@type":"ListItem","position":2,"name":"Fibra \u00f3ptica: o que \u00e9 e como funciona?"}]},{"@type":"WebSite","@id":"https:\/\/www.ufinet.com\/pt-br\/#website","url":"https:\/\/www.ufinet.com\/pt-br\/","name":"Ufinet","description":"Somos a \u00fanica operadora na Am\u00e9rica Latina que \u00e9 100% NEUTRA.","publisher":{"@id":"https:\/\/www.ufinet.com\/pt-br\/#organization"},"potentialAction":[{"@type":"SearchAction","target":{"@type":"EntryPoint","urlTemplate":"https:\/\/www.ufinet.com\/pt-br\/?s={search_term_string}"},"query-input":{"@type":"PropertyValueSpecification","valueRequired":true,"valueName":"search_term_string"}}],"inLanguage":"pt-BR"},{"@type":"Organization","@id":"https:\/\/www.ufinet.com\/pt-br\/#organization","name":"Ufinet","url":"https:\/\/www.ufinet.com\/pt-br\/","logo":{"@type":"ImageObject","inLanguage":"pt-BR","@id":"https:\/\/www.ufinet.com\/pt-br\/#\/schema\/logo\/image\/","url":"https:\/\/www.ufinet.com\/wp-content\/uploads\/2024\/06\/cropped-Recurso-1.png","contentUrl":"https:\/\/www.ufinet.com\/wp-content\/uploads\/2024\/06\/cropped-Recurso-1.png","width":1654,"height":705,"caption":"Ufinet"},"image":{"@id":"https:\/\/www.ufinet.com\/pt-br\/#\/schema\/logo\/image\/"}},{"@type":"Person","@id":"https:\/\/www.ufinet.com\/pt-br\/#\/schema\/person\/19b7e96681bc1c0d4ca6b8d4d4ad07cd","name":"wowlatammk.com","image":{"@type":"ImageObject","inLanguage":"pt-BR","@id":"https:\/\/secure.gravatar.com\/avatar\/f73c2b6f2e8dbad969fd10342fe2028ced9bf45ec4f05b0acbf7a087f235cb64?s=96&d=mm&r=g","url":"https:\/\/secure.gravatar.com\/avatar\/f73c2b6f2e8dbad969fd10342fe2028ced9bf45ec4f05b0acbf7a087f235cb64?s=96&d=mm&r=g","contentUrl":"https:\/\/secure.gravatar.com\/avatar\/f73c2b6f2e8dbad969fd10342fe2028ced9bf45ec4f05b0acbf7a087f235cb64?s=96&d=mm&r=g","caption":"wowlatammk.com"},"sameAs":["http:\/\/wowlatammk.com"],"url":"https:\/\/www.ufinet.com\/pt-br\/author\/wowlatammk-com\/"}]}},"rttpg_featured_image_url":{"full":["https:\/\/www.ufinet.com\/wp-content\/uploads\/2024\/01\/fibraoptica2-scaled.webp",2560,1709,false],"landscape":["https:\/\/www.ufinet.com\/wp-content\/uploads\/2024\/01\/fibraoptica2-scaled.webp",2560,1709,false],"portraits":["https:\/\/www.ufinet.com\/wp-content\/uploads\/2024\/01\/fibraoptica2-scaled.webp",2560,1709,false],"thumbnail":["https:\/\/www.ufinet.com\/wp-content\/uploads\/2024\/01\/fibraoptica2-150x150.webp",150,150,true],"medium":["https:\/\/www.ufinet.com\/wp-content\/uploads\/2024\/01\/fibraoptica2-300x200.webp",300,200,true],"large":["https:\/\/www.ufinet.com\/wp-content\/uploads\/2024\/01\/fibraoptica2-1024x683.webp",1024,683,true],"1536x1536":["https:\/\/www.ufinet.com\/wp-content\/uploads\/2024\/01\/fibraoptica2-1536x1025.webp",1536,1025,true],"2048x2048":["https:\/\/www.ufinet.com\/wp-content\/uploads\/2024\/01\/fibraoptica2-2048x1367.webp",2048,1367,true],"htliser_size_396x360":["https:\/\/www.ufinet.com\/wp-content\/uploads\/2024\/01\/fibraoptica2-396x360.webp",396,360,true],"htslider_size_1170x536":["https:\/\/www.ufinet.com\/wp-content\/uploads\/2024\/01\/fibraoptica2-1170x536.webp",1170,536,true]},"rttpg_author":{"display_name":"wowlatammk.com","author_link":"https:\/\/www.ufinet.com\/pt-br\/author\/wowlatammk-com\/"},"rttpg_comment":0,"rttpg_category":"<a href=\"https:\/\/www.ufinet.com\/pt-br\/category\/nao-categorizado\/\" rel=\"category tag\">N\u00e3o categorizado<\/a> <a href=\"https:\/\/www.ufinet.com\/pt-br\/category\/servicos-blog\/\" rel=\"category tag\">Servicos Blog<\/a>","rttpg_excerpt":"A fibra \u00f3ptica, cujo impacto nas comunica\u00e7\u00f5es foi monumental, \u00e9 uma tecnologia avan\u00e7ada que transformou a maneira como compartilhamos informa\u00e7\u00f5es. Para entender completamente como ele funciona, \u00e9 essencial explorar sua composi\u00e7\u00e3o e seus materiais, bem como compar\u00e1-lo com outros meios de transmiss\u00e3o. Composi\u00e7\u00e3o e materiais A fibra \u00f3ptica \u00e9 composta principalmente de vidro ou pl\u00e1stico&hellip;","_links":{"self":[{"href":"https:\/\/www.ufinet.com\/pt-br\/wp-json\/wp\/v2\/posts\/32869","targetHints":{"allow":["GET"]}}],"collection":[{"href":"https:\/\/www.ufinet.com\/pt-br\/wp-json\/wp\/v2\/posts"}],"about":[{"href":"https:\/\/www.ufinet.com\/pt-br\/wp-json\/wp\/v2\/types\/post"}],"author":[{"embeddable":true,"href":"https:\/\/www.ufinet.com\/pt-br\/wp-json\/wp\/v2\/users\/1"}],"replies":[{"embeddable":true,"href":"https:\/\/www.ufinet.com\/pt-br\/wp-json\/wp\/v2\/comments?post=32869"}],"version-history":[{"count":0,"href":"https:\/\/www.ufinet.com\/pt-br\/wp-json\/wp\/v2\/posts\/32869\/revisions"}],"wp:featuredmedia":[{"embeddable":true,"href":"https:\/\/www.ufinet.com\/pt-br\/wp-json\/wp\/v2\/media\/32274"}],"wp:attachment":[{"href":"https:\/\/www.ufinet.com\/pt-br\/wp-json\/wp\/v2\/media?parent=32869"}],"wp:term":[{"taxonomy":"category","embeddable":true,"href":"https:\/\/www.ufinet.com\/pt-br\/wp-json\/wp\/v2\/categories?post=32869"},{"taxonomy":"post_tag","embeddable":true,"href":"https:\/\/www.ufinet.com\/pt-br\/wp-json\/wp\/v2\/tags?post=32869"}],"curies":[{"name":"wp","href":"https:\/\/api.w.org\/{rel}","templated":true}]}}