{"id":35818,"date":"2019-11-14T11:18:35","date_gmt":"2019-11-14T17:18:35","guid":{"rendered":"https:\/\/www.ufinet.com\/ufinet-wins-ceo-of-the-year-award-at-the-global-carrier-awards-capacity-media\/"},"modified":"2019-11-14T11:18:35","modified_gmt":"2019-11-14T17:18:35","slug":"ufinet-wins-ceo-of-the-year-award-at-the-global-carrier-awards-capacity-media","status":"publish","type":"post","link":"https:\/\/www.ufinet.com\/en\/ufinet-wins-ceo-of-the-year-award-at-the-global-carrier-awards-capacity-media\/","title":{"rendered":"UFINET wins &#8220;CEO of the Year&#8221; award at the Global Carrier Awards &#8211; Capacity Media"},"content":{"rendered":"<h3>Our CEO, <strong>I\u00f1igo Garc\u00eda del Cerro Prieto<\/strong>, has been chosen as<strong>&#8220;CEO of the Year<\/strong>&#8221; in Capacity Media&#8217;s Global Carrier Awards.<\/h3>\n<p><img fetchpriority=\"high\" decoding=\"async\" class=\"wp-image-35333 aligncenter\" src=\"https:\/\/www.ufinet.com\/wp-content\/uploads\/2019\/11\/UFINET-Team-Capacity-Global-Carrier-Awards-2019-CANVA-300x261.jpg\" alt=\"\" width=\"676\" height=\"588\" srcset=\"https:\/\/www.ufinet.com\/wp-content\/uploads\/2019\/11\/UFINET-Team-Capacity-Global-Carrier-Awards-2019-CANVA-300x261.jpg 300w, https:\/\/www.ufinet.com\/wp-content\/uploads\/2019\/11\/UFINET-Team-Capacity-Global-Carrier-Awards-2019-CANVA-1024x891.jpg 1024w, https:\/\/www.ufinet.com\/wp-content\/uploads\/2019\/11\/UFINET-Team-Capacity-Global-Carrier-Awards-2019-CANVA-768x668.jpg 768w, https:\/\/www.ufinet.com\/wp-content\/uploads\/2019\/11\/UFINET-Team-Capacity-Global-Carrier-Awards-2019-CANVA-1536x1336.jpg 1536w, https:\/\/www.ufinet.com\/wp-content\/uploads\/2019\/11\/UFINET-Team-Capacity-Global-Carrier-Awards-2019-CANVA.jpg 2048w\" sizes=\"(max-width: 676px) 100vw, 676px\" \/><\/p>\n<p>The 15th annual Global Carrier Awards took place in London on October 30, 2019, bringing together more than 420 members of the wider wholesale telecommunications community who celebrated the industry&#8217;s greatest achievements over the past 12 months. Hosted by Rosalind Irving, CEO of Capacity Media, and Editorial Manager of Capacity and GCA Head Judge Jason McGee-Abe, at the Indigo Hotel at The O2, the gala gala dinner was truly an evening of celebration and distinction.<\/p>\n<h3>About I\u00f1igo Garc\u00eda del Cerro<\/h3>\n<p>I\u00f1igo Garc\u00eda del Cerro Prieto is a telecommunications engineer from Universidad Polit\u00e9cnica de Madrid, an economist from Universidad Aut\u00f3noma de Madrid and holds an MBA from IESE Business School, Spain.<\/p>\n<p>Mr. Garc\u00eda del Cerro has actively participated in the development of UFINET as a fast-growing company, both organically and through mergers and acquisitions. In 2017, led a process to segregate our Spanish operations structure to drive and focus on Latam growth, valuing Spanish operations at a record multiple. The process lasted almost a year, and the results meant the birth of UFINET as the gateway to Latam connectivity. In 2018, I\u00f1igo also led negotiations with ENEL (a major player in the global electricity and gas distribution market) for this company to acquire a 21% stake in UFINET.<\/p>\n<p>I\u00f1igo has always been a results-oriented leader while considering our human resources as the company&#8217;s most valuable assets. He has always empowered his people, enabling them to grow the company through the use of creativity and innovation.<\/p>\n<p>In the last 24 months, UFINET has been involved in a strong inorganic evolution, acquiring a number of companies and infrastructures (in Paraguay, Costa Rica, Panama, Colombia, Chile and Argentina), as well as opening new operations in different countries such as Mexico, Ecuador, Peru, Paraguay, Argentina, Chile and Brazil.<\/p>\n<p>For more information on the awards, please visit: <a href=\"https:\/\/www.capacitymedia.com\/events\/global-carrier-awards-?gca=True\">Global Carrier Awards Winners<\/a><\/p>\n","protected":false},"excerpt":{"rendered":"<p>Our CEO, I\u00f1igo Garc\u00eda del Cerro Prieto, has been chosen as&#8220;CEO of the Year&#8221; in Capacity Media&#8217;s Global Carrier Awards. The 15th annual Global Carrier Awards took place in London on October 30, 2019, bringing together more than 420 members of the wider wholesale telecommunications community who celebrated the industry&#8217;s greatest achievements over the past [&hellip;]<\/p>\n","protected":false},"author":1,"featured_media":35334,"comment_status":"closed","ping_status":"open","sticky":false,"template":"","format":"standard","meta":{"site-sidebar-layout":"default","site-content-layout":"","ast-site-content-layout":"default","site-content-style":"default","site-sidebar-style":"default","ast-global-header-display":"","ast-banner-title-visibility":"","ast-main-header-display":"","ast-hfb-above-header-display":"","ast-hfb-below-header-display":"","ast-hfb-mobile-header-display":"","site-post-title":"","ast-breadcrumbs-content":"","ast-featured-img":"disabled","footer-sml-layout":"","ast-disable-related-posts":"","theme-transparent-header-meta":"","adv-header-id-meta":"","stick-header-meta":"","header-above-stick-meta":"","header-main-stick-meta":"","header-below-stick-meta":"","astra-migrate-meta-layouts":"default","ast-page-background-enabled":"default","ast-page-background-meta":{"desktop":{"background-color":"","background-image":"","background-repeat":"repeat","background-position":"center center","background-size":"auto","background-attachment":"scroll","background-type":"","background-media":"","overlay-type":"","overlay-color":"","overlay-opacity":"","overlay-gradient":""},"tablet":{"background-color":"","background-image":"","background-repeat":"repeat","background-position":"center center","background-size":"auto","background-attachment":"scroll","background-type":"","background-media":"","overlay-type":"","overlay-color":"","overlay-opacity":"","overlay-gradient":""},"mobile":{"background-color":"","background-image":"","background-repeat":"repeat","background-position":"center center","background-size":"auto","background-attachment":"scroll","background-type":"","background-media":"","overlay-type":"","overlay-color":"","overlay-opacity":"","overlay-gradient":""}},"ast-content-background-meta":{"desktop":{"background-color":"var(--ast-global-color-5)","background-image":"","background-repeat":"repeat","background-position":"center center","background-size":"auto","background-attachment":"scroll","background-type":"","background-media":"","overlay-type":"","overlay-color":"","overlay-opacity":"","overlay-gradient":""},"tablet":{"background-color":"var(--ast-global-color-5)","background-image":"","background-repeat":"repeat","background-position":"center center","background-size":"auto","background-attachment":"scroll","background-type":"","background-media":"","overlay-type":"","overlay-color":"","overlay-opacity":"","overlay-gradient":""},"mobile":{"background-color":"var(--ast-global-color-5)","background-image":"","background-repeat":"repeat","background-position":"center center","background-size":"auto","background-attachment":"scroll","background-type":"","background-media":"","overlay-type":"","overlay-color":"","overlay-opacity":"","overlay-gradient":""}},"footnotes":""},"categories":[112],"tags":[],"class_list":["post-35818","post","type-post","status-publish","format-standard","has-post-thumbnail","hentry","category-news-en"],"yoast_head":"<!-- This site is optimized with the Yoast SEO plugin v27.4 - https:\/\/yoast.com\/product\/yoast-seo-wordpress\/ -->\n<title>UFINET wins &quot;CEO of the Year&quot; award at the Global Carrier Awards - Capacity Media - Ufinet | The Network that connects you to Latin America<\/title>\n<meta name=\"description\" content=\"Hosted by Rosalind Irving, CEO of Capacity Media, and Editorial Manager of Capacity and GCA Head Judge Jason McGee-Abe, at the Indigo Hotel at The O2, the gala gala dinner was truly an evening of celebration and distinction.\" \/>\n<meta name=\"robots\" content=\"index, follow, max-snippet:-1, max-image-preview:large, max-video-preview:-1\" \/>\n<link rel=\"canonical\" href=\"https:\/\/www.ufinet.com\/en\/ufinet-wins-ceo-of-the-year-award-at-the-global-carrier-awards-capacity-media\/\" \/>\n<meta property=\"og:locale\" content=\"en_US\" \/>\n<meta property=\"og:type\" content=\"article\" \/>\n<meta property=\"og:title\" content=\"UFINET wins &quot;CEO of the Year&quot; award at the Global Carrier Awards - Capacity Media - Ufinet | The Network that connects you to Latin America\" \/>\n<meta property=\"og:description\" content=\"Hosted by Rosalind Irving, CEO of Capacity Media, and Editorial Manager of Capacity and GCA Head Judge Jason McGee-Abe, at the Indigo Hotel at The O2, the gala gala dinner was truly an evening of celebration and distinction.\" \/>\n<meta property=\"og:url\" content=\"https:\/\/www.ufinet.com\/en\/ufinet-wins-ceo-of-the-year-award-at-the-global-carrier-awards-capacity-media\/\" \/>\n<meta property=\"og:site_name\" content=\"Ufinet | The Network that connects you to Latin America\" \/>\n<meta property=\"article:published_time\" content=\"2019-11-14T17:18:35+00:00\" \/>\n<meta property=\"og:image\" content=\"https:\/\/www.ufinet.com\/wp-content\/uploads\/2019\/11\/UFINET-Team-Capacity-Global-Carrier-Awards-2019-CANVA.jpg\" \/>\n\t<meta property=\"og:image:width\" content=\"2048\" \/>\n\t<meta property=\"og:image:height\" content=\"1781\" \/>\n\t<meta property=\"og:image:type\" content=\"image\/jpeg\" \/>\n<meta name=\"author\" content=\"wowlatammk.com\" \/>\n<meta name=\"twitter:card\" content=\"summary_large_image\" \/>\n<meta name=\"twitter:label1\" content=\"Written by\" \/>\n\t<meta name=\"twitter:data1\" content=\"wowlatammk.com\" \/>\n\t<meta name=\"twitter:label2\" content=\"Est. reading time\" \/>\n\t<meta name=\"twitter:data2\" content=\"2 minutes\" \/>\n<script type=\"application\/ld+json\" class=\"yoast-schema-graph\">{\"@context\":\"https:\\\/\\\/schema.org\",\"@graph\":[{\"@type\":\"Article\",\"@id\":\"https:\\\/\\\/www.ufinet.com\\\/en\\\/ufinet-wins-ceo-of-the-year-award-at-the-global-carrier-awards-capacity-media\\\/#article\",\"isPartOf\":{\"@id\":\"https:\\\/\\\/www.ufinet.com\\\/en\\\/ufinet-wins-ceo-of-the-year-award-at-the-global-carrier-awards-capacity-media\\\/\"},\"author\":{\"name\":\"wowlatammk.com\",\"@id\":\"https:\\\/\\\/www.ufinet.com\\\/en\\\/#\\\/schema\\\/person\\\/19b7e96681bc1c0d4ca6b8d4d4ad07cd\"},\"headline\":\"UFINET wins &#8220;CEO of the Year&#8221; award at the Global Carrier Awards &#8211; Capacity Media\",\"datePublished\":\"2019-11-14T17:18:35+00:00\",\"mainEntityOfPage\":{\"@id\":\"https:\\\/\\\/www.ufinet.com\\\/en\\\/ufinet-wins-ceo-of-the-year-award-at-the-global-carrier-awards-capacity-media\\\/\"},\"wordCount\":347,\"publisher\":{\"@id\":\"https:\\\/\\\/www.ufinet.com\\\/en\\\/#organization\"},\"image\":{\"@id\":\"https:\\\/\\\/www.ufinet.com\\\/en\\\/ufinet-wins-ceo-of-the-year-award-at-the-global-carrier-awards-capacity-media\\\/#primaryimage\"},\"thumbnailUrl\":\"https:\\\/\\\/www.ufinet.com\\\/wp-content\\\/uploads\\\/2019\\\/11\\\/UFINET-Team-Capacity-Global-Carrier-Awards-2019-CANVA.jpg\",\"articleSection\":[\"News\"],\"inLanguage\":\"en-US\"},{\"@type\":\"WebPage\",\"@id\":\"https:\\\/\\\/www.ufinet.com\\\/en\\\/ufinet-wins-ceo-of-the-year-award-at-the-global-carrier-awards-capacity-media\\\/\",\"url\":\"https:\\\/\\\/www.ufinet.com\\\/en\\\/ufinet-wins-ceo-of-the-year-award-at-the-global-carrier-awards-capacity-media\\\/\",\"name\":\"UFINET wins \\\"CEO of the Year\\\" award at the Global Carrier Awards - Capacity Media - Ufinet | The Network that connects you to Latin America\",\"isPartOf\":{\"@id\":\"https:\\\/\\\/www.ufinet.com\\\/en\\\/#website\"},\"primaryImageOfPage\":{\"@id\":\"https:\\\/\\\/www.ufinet.com\\\/en\\\/ufinet-wins-ceo-of-the-year-award-at-the-global-carrier-awards-capacity-media\\\/#primaryimage\"},\"image\":{\"@id\":\"https:\\\/\\\/www.ufinet.com\\\/en\\\/ufinet-wins-ceo-of-the-year-award-at-the-global-carrier-awards-capacity-media\\\/#primaryimage\"},\"thumbnailUrl\":\"https:\\\/\\\/www.ufinet.com\\\/wp-content\\\/uploads\\\/2019\\\/11\\\/UFINET-Team-Capacity-Global-Carrier-Awards-2019-CANVA.jpg\",\"datePublished\":\"2019-11-14T17:18:35+00:00\",\"description\":\"Hosted by Rosalind Irving, CEO of Capacity Media, and Editorial Manager of Capacity and GCA Head Judge Jason McGee-Abe, at the Indigo Hotel at The O2, the gala gala dinner was truly an evening of celebration and distinction.\",\"breadcrumb\":{\"@id\":\"https:\\\/\\\/www.ufinet.com\\\/en\\\/ufinet-wins-ceo-of-the-year-award-at-the-global-carrier-awards-capacity-media\\\/#breadcrumb\"},\"inLanguage\":\"en-US\",\"potentialAction\":[{\"@type\":\"ReadAction\",\"target\":[\"https:\\\/\\\/www.ufinet.com\\\/en\\\/ufinet-wins-ceo-of-the-year-award-at-the-global-carrier-awards-capacity-media\\\/\"]}]},{\"@type\":\"ImageObject\",\"inLanguage\":\"en-US\",\"@id\":\"https:\\\/\\\/www.ufinet.com\\\/en\\\/ufinet-wins-ceo-of-the-year-award-at-the-global-carrier-awards-capacity-media\\\/#primaryimage\",\"url\":\"https:\\\/\\\/www.ufinet.com\\\/wp-content\\\/uploads\\\/2019\\\/11\\\/UFINET-Team-Capacity-Global-Carrier-Awards-2019-CANVA.jpg\",\"contentUrl\":\"https:\\\/\\\/www.ufinet.com\\\/wp-content\\\/uploads\\\/2019\\\/11\\\/UFINET-Team-Capacity-Global-Carrier-Awards-2019-CANVA.jpg\",\"width\":2048,\"height\":1781},{\"@type\":\"BreadcrumbList\",\"@id\":\"https:\\\/\\\/www.ufinet.com\\\/en\\\/ufinet-wins-ceo-of-the-year-award-at-the-global-carrier-awards-capacity-media\\\/#breadcrumb\",\"itemListElement\":[{\"@type\":\"ListItem\",\"position\":1,\"name\":\"Home\",\"item\":\"https:\\\/\\\/www.ufinet.com\\\/en\\\/\"},{\"@type\":\"ListItem\",\"position\":2,\"name\":\"UFINET wins &#8220;CEO of the Year&#8221; award at the Global Carrier Awards &#8211; Capacity Media\"}]},{\"@type\":\"WebSite\",\"@id\":\"https:\\\/\\\/www.ufinet.com\\\/en\\\/#website\",\"url\":\"https:\\\/\\\/www.ufinet.com\\\/en\\\/\",\"name\":\"Ufinet\",\"description\":\"We are the only operator in Latin America that is 100% NEUTRAL.\",\"publisher\":{\"@id\":\"https:\\\/\\\/www.ufinet.com\\\/en\\\/#organization\"},\"potentialAction\":[{\"@type\":\"SearchAction\",\"target\":{\"@type\":\"EntryPoint\",\"urlTemplate\":\"https:\\\/\\\/www.ufinet.com\\\/en\\\/?s={search_term_string}\"},\"query-input\":{\"@type\":\"PropertyValueSpecification\",\"valueRequired\":true,\"valueName\":\"search_term_string\"}}],\"inLanguage\":\"en-US\"},{\"@type\":\"Organization\",\"@id\":\"https:\\\/\\\/www.ufinet.com\\\/en\\\/#organization\",\"name\":\"Ufinet\",\"url\":\"https:\\\/\\\/www.ufinet.com\\\/en\\\/\",\"logo\":{\"@type\":\"ImageObject\",\"inLanguage\":\"en-US\",\"@id\":\"https:\\\/\\\/www.ufinet.com\\\/en\\\/#\\\/schema\\\/logo\\\/image\\\/\",\"url\":\"https:\\\/\\\/www.ufinet.com\\\/wp-content\\\/uploads\\\/2024\\\/06\\\/cropped-Recurso-1.png\",\"contentUrl\":\"https:\\\/\\\/www.ufinet.com\\\/wp-content\\\/uploads\\\/2024\\\/06\\\/cropped-Recurso-1.png\",\"width\":1654,\"height\":705,\"caption\":\"Ufinet\"},\"image\":{\"@id\":\"https:\\\/\\\/www.ufinet.com\\\/en\\\/#\\\/schema\\\/logo\\\/image\\\/\"}},{\"@type\":\"Person\",\"@id\":\"https:\\\/\\\/www.ufinet.com\\\/en\\\/#\\\/schema\\\/person\\\/19b7e96681bc1c0d4ca6b8d4d4ad07cd\",\"name\":\"wowlatammk.com\",\"image\":{\"@type\":\"ImageObject\",\"inLanguage\":\"en-US\",\"@id\":\"https:\\\/\\\/secure.gravatar.com\\\/avatar\\\/f73c2b6f2e8dbad969fd10342fe2028ced9bf45ec4f05b0acbf7a087f235cb64?s=96&d=mm&r=g\",\"url\":\"https:\\\/\\\/secure.gravatar.com\\\/avatar\\\/f73c2b6f2e8dbad969fd10342fe2028ced9bf45ec4f05b0acbf7a087f235cb64?s=96&d=mm&r=g\",\"contentUrl\":\"https:\\\/\\\/secure.gravatar.com\\\/avatar\\\/f73c2b6f2e8dbad969fd10342fe2028ced9bf45ec4f05b0acbf7a087f235cb64?s=96&d=mm&r=g\",\"caption\":\"wowlatammk.com\"},\"sameAs\":[\"http:\\\/\\\/wowlatammk.com\"],\"url\":\"https:\\\/\\\/www.ufinet.com\\\/en\\\/author\\\/wowlatammk-com\\\/\"}]}<\/script>\n<!-- \/ Yoast SEO plugin. -->","yoast_head_json":{"title":"UFINET wins \"CEO of the Year\" award at the Global Carrier Awards - Capacity Media - Ufinet | The Network that connects you to Latin America","description":"Hosted by Rosalind Irving, CEO of Capacity Media, and Editorial Manager of Capacity and GCA Head Judge Jason McGee-Abe, at the Indigo Hotel at The O2, the gala gala dinner was truly an evening of celebration and distinction.","robots":{"index":"index","follow":"follow","max-snippet":"max-snippet:-1","max-image-preview":"max-image-preview:large","max-video-preview":"max-video-preview:-1"},"canonical":"https:\/\/www.ufinet.com\/en\/ufinet-wins-ceo-of-the-year-award-at-the-global-carrier-awards-capacity-media\/","og_locale":"en_US","og_type":"article","og_title":"UFINET wins \"CEO of the Year\" award at the Global Carrier Awards - Capacity Media - Ufinet | The Network that connects you to Latin America","og_description":"Hosted by Rosalind Irving, CEO of Capacity Media, and Editorial Manager of Capacity and GCA Head Judge Jason McGee-Abe, at the Indigo Hotel at The O2, the gala gala dinner was truly an evening of celebration and distinction.","og_url":"https:\/\/www.ufinet.com\/en\/ufinet-wins-ceo-of-the-year-award-at-the-global-carrier-awards-capacity-media\/","og_site_name":"Ufinet | The Network that connects you to Latin America","article_published_time":"2019-11-14T17:18:35+00:00","og_image":[{"width":2048,"height":1781,"url":"https:\/\/www.ufinet.com\/wp-content\/uploads\/2019\/11\/UFINET-Team-Capacity-Global-Carrier-Awards-2019-CANVA.jpg","type":"image\/jpeg"}],"author":"wowlatammk.com","twitter_card":"summary_large_image","twitter_misc":{"Written by":"wowlatammk.com","Est. reading time":"2 minutes"},"schema":{"@context":"https:\/\/schema.org","@graph":[{"@type":"Article","@id":"https:\/\/www.ufinet.com\/en\/ufinet-wins-ceo-of-the-year-award-at-the-global-carrier-awards-capacity-media\/#article","isPartOf":{"@id":"https:\/\/www.ufinet.com\/en\/ufinet-wins-ceo-of-the-year-award-at-the-global-carrier-awards-capacity-media\/"},"author":{"name":"wowlatammk.com","@id":"https:\/\/www.ufinet.com\/en\/#\/schema\/person\/19b7e96681bc1c0d4ca6b8d4d4ad07cd"},"headline":"UFINET wins &#8220;CEO of the Year&#8221; award at the Global Carrier Awards &#8211; Capacity Media","datePublished":"2019-11-14T17:18:35+00:00","mainEntityOfPage":{"@id":"https:\/\/www.ufinet.com\/en\/ufinet-wins-ceo-of-the-year-award-at-the-global-carrier-awards-capacity-media\/"},"wordCount":347,"publisher":{"@id":"https:\/\/www.ufinet.com\/en\/#organization"},"image":{"@id":"https:\/\/www.ufinet.com\/en\/ufinet-wins-ceo-of-the-year-award-at-the-global-carrier-awards-capacity-media\/#primaryimage"},"thumbnailUrl":"https:\/\/www.ufinet.com\/wp-content\/uploads\/2019\/11\/UFINET-Team-Capacity-Global-Carrier-Awards-2019-CANVA.jpg","articleSection":["News"],"inLanguage":"en-US"},{"@type":"WebPage","@id":"https:\/\/www.ufinet.com\/en\/ufinet-wins-ceo-of-the-year-award-at-the-global-carrier-awards-capacity-media\/","url":"https:\/\/www.ufinet.com\/en\/ufinet-wins-ceo-of-the-year-award-at-the-global-carrier-awards-capacity-media\/","name":"UFINET wins \"CEO of the Year\" award at the Global Carrier Awards - Capacity Media - Ufinet | The Network that connects you to Latin America","isPartOf":{"@id":"https:\/\/www.ufinet.com\/en\/#website"},"primaryImageOfPage":{"@id":"https:\/\/www.ufinet.com\/en\/ufinet-wins-ceo-of-the-year-award-at-the-global-carrier-awards-capacity-media\/#primaryimage"},"image":{"@id":"https:\/\/www.ufinet.com\/en\/ufinet-wins-ceo-of-the-year-award-at-the-global-carrier-awards-capacity-media\/#primaryimage"},"thumbnailUrl":"https:\/\/www.ufinet.com\/wp-content\/uploads\/2019\/11\/UFINET-Team-Capacity-Global-Carrier-Awards-2019-CANVA.jpg","datePublished":"2019-11-14T17:18:35+00:00","description":"Hosted by Rosalind Irving, CEO of Capacity Media, and Editorial Manager of Capacity and GCA Head Judge Jason McGee-Abe, at the Indigo Hotel at The O2, the gala gala dinner was truly an evening of celebration and distinction.","breadcrumb":{"@id":"https:\/\/www.ufinet.com\/en\/ufinet-wins-ceo-of-the-year-award-at-the-global-carrier-awards-capacity-media\/#breadcrumb"},"inLanguage":"en-US","potentialAction":[{"@type":"ReadAction","target":["https:\/\/www.ufinet.com\/en\/ufinet-wins-ceo-of-the-year-award-at-the-global-carrier-awards-capacity-media\/"]}]},{"@type":"ImageObject","inLanguage":"en-US","@id":"https:\/\/www.ufinet.com\/en\/ufinet-wins-ceo-of-the-year-award-at-the-global-carrier-awards-capacity-media\/#primaryimage","url":"https:\/\/www.ufinet.com\/wp-content\/uploads\/2019\/11\/UFINET-Team-Capacity-Global-Carrier-Awards-2019-CANVA.jpg","contentUrl":"https:\/\/www.ufinet.com\/wp-content\/uploads\/2019\/11\/UFINET-Team-Capacity-Global-Carrier-Awards-2019-CANVA.jpg","width":2048,"height":1781},{"@type":"BreadcrumbList","@id":"https:\/\/www.ufinet.com\/en\/ufinet-wins-ceo-of-the-year-award-at-the-global-carrier-awards-capacity-media\/#breadcrumb","itemListElement":[{"@type":"ListItem","position":1,"name":"Home","item":"https:\/\/www.ufinet.com\/en\/"},{"@type":"ListItem","position":2,"name":"UFINET wins &#8220;CEO of the Year&#8221; award at the Global Carrier Awards &#8211; Capacity Media"}]},{"@type":"WebSite","@id":"https:\/\/www.ufinet.com\/en\/#website","url":"https:\/\/www.ufinet.com\/en\/","name":"Ufinet","description":"We are the only operator in Latin America that is 100% NEUTRAL.","publisher":{"@id":"https:\/\/www.ufinet.com\/en\/#organization"},"potentialAction":[{"@type":"SearchAction","target":{"@type":"EntryPoint","urlTemplate":"https:\/\/www.ufinet.com\/en\/?s={search_term_string}"},"query-input":{"@type":"PropertyValueSpecification","valueRequired":true,"valueName":"search_term_string"}}],"inLanguage":"en-US"},{"@type":"Organization","@id":"https:\/\/www.ufinet.com\/en\/#organization","name":"Ufinet","url":"https:\/\/www.ufinet.com\/en\/","logo":{"@type":"ImageObject","inLanguage":"en-US","@id":"https:\/\/www.ufinet.com\/en\/#\/schema\/logo\/image\/","url":"https:\/\/www.ufinet.com\/wp-content\/uploads\/2024\/06\/cropped-Recurso-1.png","contentUrl":"https:\/\/www.ufinet.com\/wp-content\/uploads\/2024\/06\/cropped-Recurso-1.png","width":1654,"height":705,"caption":"Ufinet"},"image":{"@id":"https:\/\/www.ufinet.com\/en\/#\/schema\/logo\/image\/"}},{"@type":"Person","@id":"https:\/\/www.ufinet.com\/en\/#\/schema\/person\/19b7e96681bc1c0d4ca6b8d4d4ad07cd","name":"wowlatammk.com","image":{"@type":"ImageObject","inLanguage":"en-US","@id":"https:\/\/secure.gravatar.com\/avatar\/f73c2b6f2e8dbad969fd10342fe2028ced9bf45ec4f05b0acbf7a087f235cb64?s=96&d=mm&r=g","url":"https:\/\/secure.gravatar.com\/avatar\/f73c2b6f2e8dbad969fd10342fe2028ced9bf45ec4f05b0acbf7a087f235cb64?s=96&d=mm&r=g","contentUrl":"https:\/\/secure.gravatar.com\/avatar\/f73c2b6f2e8dbad969fd10342fe2028ced9bf45ec4f05b0acbf7a087f235cb64?s=96&d=mm&r=g","caption":"wowlatammk.com"},"sameAs":["http:\/\/wowlatammk.com"],"url":"https:\/\/www.ufinet.com\/en\/author\/wowlatammk-com\/"}]}},"rttpg_featured_image_url":{"full":["https:\/\/www.ufinet.com\/wp-content\/uploads\/2019\/11\/UFINET-Team-Capacity-Global-Carrier-Awards-2019-CANVA.jpg",2048,1781,false],"landscape":["https:\/\/www.ufinet.com\/wp-content\/uploads\/2019\/11\/UFINET-Team-Capacity-Global-Carrier-Awards-2019-CANVA.jpg",2048,1781,false],"portraits":["https:\/\/www.ufinet.com\/wp-content\/uploads\/2019\/11\/UFINET-Team-Capacity-Global-Carrier-Awards-2019-CANVA.jpg",2048,1781,false],"thumbnail":["https:\/\/www.ufinet.com\/wp-content\/uploads\/2019\/11\/UFINET-Team-Capacity-Global-Carrier-Awards-2019-CANVA-150x150.jpg",150,150,true],"medium":["https:\/\/www.ufinet.com\/wp-content\/uploads\/2019\/11\/UFINET-Team-Capacity-Global-Carrier-Awards-2019-CANVA-300x261.jpg",300,261,true],"large":["https:\/\/www.ufinet.com\/wp-content\/uploads\/2019\/11\/UFINET-Team-Capacity-Global-Carrier-Awards-2019-CANVA-1024x891.jpg",1024,891,true],"1536x1536":["https:\/\/www.ufinet.com\/wp-content\/uploads\/2019\/11\/UFINET-Team-Capacity-Global-Carrier-Awards-2019-CANVA-1536x1336.jpg",1536,1336,true],"2048x2048":["https:\/\/www.ufinet.com\/wp-content\/uploads\/2019\/11\/UFINET-Team-Capacity-Global-Carrier-Awards-2019-CANVA.jpg",2048,1781,false],"htliser_size_396x360":["https:\/\/www.ufinet.com\/wp-content\/uploads\/2019\/11\/UFINET-Team-Capacity-Global-Carrier-Awards-2019-CANVA-396x360.jpg",396,360,true],"htslider_size_1170x536":["https:\/\/www.ufinet.com\/wp-content\/uploads\/2019\/11\/UFINET-Team-Capacity-Global-Carrier-Awards-2019-CANVA-1170x536.jpg",1170,536,true]},"rttpg_author":{"display_name":"wowlatammk.com","author_link":"https:\/\/www.ufinet.com\/en\/author\/wowlatammk-com\/"},"rttpg_comment":0,"rttpg_category":"<a href=\"https:\/\/www.ufinet.com\/en\/category\/news-en\/\" rel=\"category tag\">News<\/a>","rttpg_excerpt":"Our CEO, I\u00f1igo Garc\u00eda del Cerro Prieto, has been chosen as&#8220;CEO of the Year&#8221; in Capacity Media&#8217;s Global Carrier Awards. The 15th annual Global Carrier Awards took place in London on October 30, 2019, bringing together more than 420 members of the wider wholesale telecommunications community who celebrated the industry&#8217;s greatest achievements over the past&hellip;","_links":{"self":[{"href":"https:\/\/www.ufinet.com\/en\/wp-json\/wp\/v2\/posts\/35818","targetHints":{"allow":["GET"]}}],"collection":[{"href":"https:\/\/www.ufinet.com\/en\/wp-json\/wp\/v2\/posts"}],"about":[{"href":"https:\/\/www.ufinet.com\/en\/wp-json\/wp\/v2\/types\/post"}],"author":[{"embeddable":true,"href":"https:\/\/www.ufinet.com\/en\/wp-json\/wp\/v2\/users\/1"}],"replies":[{"embeddable":true,"href":"https:\/\/www.ufinet.com\/en\/wp-json\/wp\/v2\/comments?post=35818"}],"version-history":[{"count":0,"href":"https:\/\/www.ufinet.com\/en\/wp-json\/wp\/v2\/posts\/35818\/revisions"}],"wp:featuredmedia":[{"embeddable":true,"href":"https:\/\/www.ufinet.com\/en\/wp-json\/wp\/v2\/media\/35334"}],"wp:attachment":[{"href":"https:\/\/www.ufinet.com\/en\/wp-json\/wp\/v2\/media?parent=35818"}],"wp:term":[{"taxonomy":"category","embeddable":true,"href":"https:\/\/www.ufinet.com\/en\/wp-json\/wp\/v2\/categories?post=35818"},{"taxonomy":"post_tag","embeddable":true,"href":"https:\/\/www.ufinet.com\/en\/wp-json\/wp\/v2\/tags?post=35818"}],"curies":[{"name":"wp","href":"https:\/\/api.w.org\/{rel}","templated":true}]}}