{"id":35786,"date":"2019-03-26T09:57:08","date_gmt":"2019-03-26T15:57:08","guid":{"rendered":"https:\/\/www.ufinet.com\/ufinet-capacity-latam-2018\/"},"modified":"2019-03-26T09:57:08","modified_gmt":"2019-03-26T15:57:08","slug":"ufinet-capacity-latam-2018","status":"publish","type":"post","link":"https:\/\/www.ufinet.com\/en\/ufinet-capacity-latam-2018\/","title":{"rendered":"Ufinet @ Capacity LATAM 2018"},"content":{"rendered":"<h1><strong>UFINET present @ Capacity Latam, 2019<\/strong><\/h1>\n<h2>11-13 March 2019, S\u00e3o Paulo, Brazil<\/h2>\n<p>The Capacity Latam 2019 conference took place from March 11-13, 2019 at Pal\u00e1cio Tangar\u00e1, S\u00e3o Paulo, and UFINET participated as a proud silver sponsor. The event provided a great opportunity to network with colleagues, refresh skills, learn advanced networking techniques and discover new networking applications.<\/p>\n<p>Our CEO, I\u00f1igo Garc\u00eda del Cerro Prieto, participated as a speaker, evaluating the future of connectivity and the benefits of providing a neutral telecommunications infrastructure, through the topic: WHY DARK FIBER IS IMPORTANT &#8211; DISCOVERING THE OPPORTUNITIES AND EVALUATING THE FUTURE OF CONNECTIVITY.<\/p>\n<p>UFINET met with more than 600 senior executives to develop and commercialize new solutions and to carry out successful business alliances. The event has become Latin America&#8217;s meeting point for wholesale telecommunications companies in the region to buy or sell VoIP, data, content delivery, peering, IP, submarine capacity, SMS and more.<\/p>\n<p>For more information about Capacity Latam click <a href=\"https:\/\/www.capacitymedia.com\">here<\/a><\/p>\n","protected":false},"excerpt":{"rendered":"<p>UFINET present @ Capacity Latam, 2019 11-13 March 2019, S\u00e3o Paulo, Brazil The Capacity Latam 2019 conference took place from March 11-13, 2019 at Pal\u00e1cio Tangar\u00e1, S\u00e3o Paulo, and UFINET participated as a proud silver sponsor. The event provided a great opportunity to network with colleagues, refresh skills, learn advanced networking techniques and discover new [&hellip;]<\/p>\n","protected":false},"author":1,"featured_media":35446,"comment_status":"closed","ping_status":"closed","sticky":false,"template":"","format":"standard","meta":{"site-sidebar-layout":"default","site-content-layout":"","ast-site-content-layout":"default","site-content-style":"default","site-sidebar-style":"default","ast-global-header-display":"","ast-banner-title-visibility":"","ast-main-header-display":"","ast-hfb-above-header-display":"","ast-hfb-below-header-display":"","ast-hfb-mobile-header-display":"","site-post-title":"","ast-breadcrumbs-content":"","ast-featured-img":"disabled","footer-sml-layout":"","ast-disable-related-posts":"","theme-transparent-header-meta":"","adv-header-id-meta":"","stick-header-meta":"","header-above-stick-meta":"","header-main-stick-meta":"","header-below-stick-meta":"","astra-migrate-meta-layouts":"default","ast-page-background-enabled":"default","ast-page-background-meta":{"desktop":{"background-color":"","background-image":"","background-repeat":"repeat","background-position":"center center","background-size":"auto","background-attachment":"scroll","background-type":"","background-media":"","overlay-type":"","overlay-color":"","overlay-opacity":"","overlay-gradient":""},"tablet":{"background-color":"","background-image":"","background-repeat":"repeat","background-position":"center center","background-size":"auto","background-attachment":"scroll","background-type":"","background-media":"","overlay-type":"","overlay-color":"","overlay-opacity":"","overlay-gradient":""},"mobile":{"background-color":"","background-image":"","background-repeat":"repeat","background-position":"center center","background-size":"auto","background-attachment":"scroll","background-type":"","background-media":"","overlay-type":"","overlay-color":"","overlay-opacity":"","overlay-gradient":""}},"ast-content-background-meta":{"desktop":{"background-color":"var(--ast-global-color-5)","background-image":"","background-repeat":"repeat","background-position":"center center","background-size":"auto","background-attachment":"scroll","background-type":"","background-media":"","overlay-type":"","overlay-color":"","overlay-opacity":"","overlay-gradient":""},"tablet":{"background-color":"var(--ast-global-color-5)","background-image":"","background-repeat":"repeat","background-position":"center center","background-size":"auto","background-attachment":"scroll","background-type":"","background-media":"","overlay-type":"","overlay-color":"","overlay-opacity":"","overlay-gradient":""},"mobile":{"background-color":"var(--ast-global-color-5)","background-image":"","background-repeat":"repeat","background-position":"center center","background-size":"auto","background-attachment":"scroll","background-type":"","background-media":"","overlay-type":"","overlay-color":"","overlay-opacity":"","overlay-gradient":""}},"footnotes":""},"categories":[112],"tags":[],"class_list":["post-35786","post","type-post","status-publish","format-standard","has-post-thumbnail","hentry","category-news-en"],"yoast_head":"<!-- This site is optimized with the Yoast SEO plugin v27.4 - https:\/\/yoast.com\/product\/yoast-seo-wordpress\/ -->\n<title>Ufinet @ Capacity LATAM 2018 - Ufinet | The Network that connects you to Latin America<\/title>\n<meta name=\"description\" content=\"The Capacity Latam 2019 conference took place from March 11-13, 2019 at Pal\u00e1cio Tangar\u00e1, S\u00e3o Paulo, and UFINET participated as a proud silver sponsor. The event provided a great opportunity to network with colleagues, refresh skills, learn advanced networking techniques and discover new networking applications.\" \/>\n<meta name=\"robots\" content=\"index, follow, max-snippet:-1, max-image-preview:large, max-video-preview:-1\" \/>\n<link rel=\"canonical\" href=\"https:\/\/www.ufinet.com\/en\/ufinet-capacity-latam-2018\/\" \/>\n<meta property=\"og:locale\" content=\"en_US\" \/>\n<meta property=\"og:type\" content=\"article\" \/>\n<meta property=\"og:title\" content=\"Ufinet @ Capacity LATAM 2018 - Ufinet | The Network that connects you to Latin America\" \/>\n<meta property=\"og:description\" content=\"The Capacity Latam 2019 conference took place from March 11-13, 2019 at Pal\u00e1cio Tangar\u00e1, S\u00e3o Paulo, and UFINET participated as a proud silver sponsor. The event provided a great opportunity to network with colleagues, refresh skills, learn advanced networking techniques and discover new networking applications.\" \/>\n<meta property=\"og:url\" content=\"https:\/\/www.ufinet.com\/en\/ufinet-capacity-latam-2018\/\" \/>\n<meta property=\"og:site_name\" content=\"Ufinet | The Network that connects you to Latin America\" \/>\n<meta property=\"article:published_time\" content=\"2019-03-26T15:57:08+00:00\" \/>\n<meta property=\"og:image\" content=\"https:\/\/www.ufinet.com\/wp-content\/uploads\/2019\/03\/190313-Ufinet-team-Capacity-Latam-2019-2.jpg\" \/>\n\t<meta property=\"og:image:width\" content=\"2048\" \/>\n\t<meta property=\"og:image:height\" content=\"1278\" \/>\n\t<meta property=\"og:image:type\" content=\"image\/jpeg\" \/>\n<meta name=\"author\" content=\"wowlatammk.com\" \/>\n<meta name=\"twitter:card\" content=\"summary_large_image\" \/>\n<meta name=\"twitter:label1\" content=\"Written by\" \/>\n\t<meta name=\"twitter:data1\" content=\"wowlatammk.com\" \/>\n\t<meta name=\"twitter:label2\" content=\"Est. reading time\" \/>\n\t<meta name=\"twitter:data2\" content=\"1 minute\" \/>\n<script type=\"application\/ld+json\" class=\"yoast-schema-graph\">{\"@context\":\"https:\\\/\\\/schema.org\",\"@graph\":[{\"@type\":\"Article\",\"@id\":\"https:\\\/\\\/www.ufinet.com\\\/en\\\/ufinet-capacity-latam-2018\\\/#article\",\"isPartOf\":{\"@id\":\"https:\\\/\\\/www.ufinet.com\\\/en\\\/ufinet-capacity-latam-2018\\\/\"},\"author\":{\"name\":\"wowlatammk.com\",\"@id\":\"https:\\\/\\\/www.ufinet.com\\\/en\\\/#\\\/schema\\\/person\\\/19b7e96681bc1c0d4ca6b8d4d4ad07cd\"},\"headline\":\"Ufinet @ Capacity LATAM 2018\",\"datePublished\":\"2019-03-26T15:57:08+00:00\",\"mainEntityOfPage\":{\"@id\":\"https:\\\/\\\/www.ufinet.com\\\/en\\\/ufinet-capacity-latam-2018\\\/\"},\"wordCount\":162,\"publisher\":{\"@id\":\"https:\\\/\\\/www.ufinet.com\\\/en\\\/#organization\"},\"image\":{\"@id\":\"https:\\\/\\\/www.ufinet.com\\\/en\\\/ufinet-capacity-latam-2018\\\/#primaryimage\"},\"thumbnailUrl\":\"https:\\\/\\\/www.ufinet.com\\\/wp-content\\\/uploads\\\/2019\\\/03\\\/190313-Ufinet-team-Capacity-Latam-2019-2.jpg\",\"articleSection\":[\"News\"],\"inLanguage\":\"en-US\"},{\"@type\":\"WebPage\",\"@id\":\"https:\\\/\\\/www.ufinet.com\\\/en\\\/ufinet-capacity-latam-2018\\\/\",\"url\":\"https:\\\/\\\/www.ufinet.com\\\/en\\\/ufinet-capacity-latam-2018\\\/\",\"name\":\"Ufinet @ Capacity LATAM 2018 - Ufinet | The Network that connects you to Latin America\",\"isPartOf\":{\"@id\":\"https:\\\/\\\/www.ufinet.com\\\/en\\\/#website\"},\"primaryImageOfPage\":{\"@id\":\"https:\\\/\\\/www.ufinet.com\\\/en\\\/ufinet-capacity-latam-2018\\\/#primaryimage\"},\"image\":{\"@id\":\"https:\\\/\\\/www.ufinet.com\\\/en\\\/ufinet-capacity-latam-2018\\\/#primaryimage\"},\"thumbnailUrl\":\"https:\\\/\\\/www.ufinet.com\\\/wp-content\\\/uploads\\\/2019\\\/03\\\/190313-Ufinet-team-Capacity-Latam-2019-2.jpg\",\"datePublished\":\"2019-03-26T15:57:08+00:00\",\"description\":\"The Capacity Latam 2019 conference took place from March 11-13, 2019 at Pal\u00e1cio Tangar\u00e1, S\u00e3o Paulo, and UFINET participated as a proud silver sponsor. The event provided a great opportunity to network with colleagues, refresh skills, learn advanced networking techniques and discover new networking applications.\",\"breadcrumb\":{\"@id\":\"https:\\\/\\\/www.ufinet.com\\\/en\\\/ufinet-capacity-latam-2018\\\/#breadcrumb\"},\"inLanguage\":\"en-US\",\"potentialAction\":[{\"@type\":\"ReadAction\",\"target\":[\"https:\\\/\\\/www.ufinet.com\\\/en\\\/ufinet-capacity-latam-2018\\\/\"]}]},{\"@type\":\"ImageObject\",\"inLanguage\":\"en-US\",\"@id\":\"https:\\\/\\\/www.ufinet.com\\\/en\\\/ufinet-capacity-latam-2018\\\/#primaryimage\",\"url\":\"https:\\\/\\\/www.ufinet.com\\\/wp-content\\\/uploads\\\/2019\\\/03\\\/190313-Ufinet-team-Capacity-Latam-2019-2.jpg\",\"contentUrl\":\"https:\\\/\\\/www.ufinet.com\\\/wp-content\\\/uploads\\\/2019\\\/03\\\/190313-Ufinet-team-Capacity-Latam-2019-2.jpg\",\"width\":2048,\"height\":1278},{\"@type\":\"BreadcrumbList\",\"@id\":\"https:\\\/\\\/www.ufinet.com\\\/en\\\/ufinet-capacity-latam-2018\\\/#breadcrumb\",\"itemListElement\":[{\"@type\":\"ListItem\",\"position\":1,\"name\":\"Home\",\"item\":\"https:\\\/\\\/www.ufinet.com\\\/en\\\/\"},{\"@type\":\"ListItem\",\"position\":2,\"name\":\"Ufinet @ Capacity LATAM 2018\"}]},{\"@type\":\"WebSite\",\"@id\":\"https:\\\/\\\/www.ufinet.com\\\/en\\\/#website\",\"url\":\"https:\\\/\\\/www.ufinet.com\\\/en\\\/\",\"name\":\"Ufinet\",\"description\":\"We are the only operator in Latin America that is 100% NEUTRAL.\",\"publisher\":{\"@id\":\"https:\\\/\\\/www.ufinet.com\\\/en\\\/#organization\"},\"potentialAction\":[{\"@type\":\"SearchAction\",\"target\":{\"@type\":\"EntryPoint\",\"urlTemplate\":\"https:\\\/\\\/www.ufinet.com\\\/en\\\/?s={search_term_string}\"},\"query-input\":{\"@type\":\"PropertyValueSpecification\",\"valueRequired\":true,\"valueName\":\"search_term_string\"}}],\"inLanguage\":\"en-US\"},{\"@type\":\"Organization\",\"@id\":\"https:\\\/\\\/www.ufinet.com\\\/en\\\/#organization\",\"name\":\"Ufinet\",\"url\":\"https:\\\/\\\/www.ufinet.com\\\/en\\\/\",\"logo\":{\"@type\":\"ImageObject\",\"inLanguage\":\"en-US\",\"@id\":\"https:\\\/\\\/www.ufinet.com\\\/en\\\/#\\\/schema\\\/logo\\\/image\\\/\",\"url\":\"https:\\\/\\\/www.ufinet.com\\\/wp-content\\\/uploads\\\/2024\\\/06\\\/cropped-Recurso-1.png\",\"contentUrl\":\"https:\\\/\\\/www.ufinet.com\\\/wp-content\\\/uploads\\\/2024\\\/06\\\/cropped-Recurso-1.png\",\"width\":1654,\"height\":705,\"caption\":\"Ufinet\"},\"image\":{\"@id\":\"https:\\\/\\\/www.ufinet.com\\\/en\\\/#\\\/schema\\\/logo\\\/image\\\/\"}},{\"@type\":\"Person\",\"@id\":\"https:\\\/\\\/www.ufinet.com\\\/en\\\/#\\\/schema\\\/person\\\/19b7e96681bc1c0d4ca6b8d4d4ad07cd\",\"name\":\"wowlatammk.com\",\"image\":{\"@type\":\"ImageObject\",\"inLanguage\":\"en-US\",\"@id\":\"https:\\\/\\\/secure.gravatar.com\\\/avatar\\\/f73c2b6f2e8dbad969fd10342fe2028ced9bf45ec4f05b0acbf7a087f235cb64?s=96&d=mm&r=g\",\"url\":\"https:\\\/\\\/secure.gravatar.com\\\/avatar\\\/f73c2b6f2e8dbad969fd10342fe2028ced9bf45ec4f05b0acbf7a087f235cb64?s=96&d=mm&r=g\",\"contentUrl\":\"https:\\\/\\\/secure.gravatar.com\\\/avatar\\\/f73c2b6f2e8dbad969fd10342fe2028ced9bf45ec4f05b0acbf7a087f235cb64?s=96&d=mm&r=g\",\"caption\":\"wowlatammk.com\"},\"sameAs\":[\"http:\\\/\\\/wowlatammk.com\"],\"url\":\"https:\\\/\\\/www.ufinet.com\\\/en\\\/author\\\/wowlatammk-com\\\/\"}]}<\/script>\n<!-- \/ Yoast SEO plugin. -->","yoast_head_json":{"title":"Ufinet @ Capacity LATAM 2018 - Ufinet | The Network that connects you to Latin America","description":"The Capacity Latam 2019 conference took place from March 11-13, 2019 at Pal\u00e1cio Tangar\u00e1, S\u00e3o Paulo, and UFINET participated as a proud silver sponsor. The event provided a great opportunity to network with colleagues, refresh skills, learn advanced networking techniques and discover new networking applications.","robots":{"index":"index","follow":"follow","max-snippet":"max-snippet:-1","max-image-preview":"max-image-preview:large","max-video-preview":"max-video-preview:-1"},"canonical":"https:\/\/www.ufinet.com\/en\/ufinet-capacity-latam-2018\/","og_locale":"en_US","og_type":"article","og_title":"Ufinet @ Capacity LATAM 2018 - Ufinet | The Network that connects you to Latin America","og_description":"The Capacity Latam 2019 conference took place from March 11-13, 2019 at Pal\u00e1cio Tangar\u00e1, S\u00e3o Paulo, and UFINET participated as a proud silver sponsor. The event provided a great opportunity to network with colleagues, refresh skills, learn advanced networking techniques and discover new networking applications.","og_url":"https:\/\/www.ufinet.com\/en\/ufinet-capacity-latam-2018\/","og_site_name":"Ufinet | The Network that connects you to Latin America","article_published_time":"2019-03-26T15:57:08+00:00","og_image":[{"width":2048,"height":1278,"url":"https:\/\/www.ufinet.com\/wp-content\/uploads\/2019\/03\/190313-Ufinet-team-Capacity-Latam-2019-2.jpg","type":"image\/jpeg"}],"author":"wowlatammk.com","twitter_card":"summary_large_image","twitter_misc":{"Written by":"wowlatammk.com","Est. reading time":"1 minute"},"schema":{"@context":"https:\/\/schema.org","@graph":[{"@type":"Article","@id":"https:\/\/www.ufinet.com\/en\/ufinet-capacity-latam-2018\/#article","isPartOf":{"@id":"https:\/\/www.ufinet.com\/en\/ufinet-capacity-latam-2018\/"},"author":{"name":"wowlatammk.com","@id":"https:\/\/www.ufinet.com\/en\/#\/schema\/person\/19b7e96681bc1c0d4ca6b8d4d4ad07cd"},"headline":"Ufinet @ Capacity LATAM 2018","datePublished":"2019-03-26T15:57:08+00:00","mainEntityOfPage":{"@id":"https:\/\/www.ufinet.com\/en\/ufinet-capacity-latam-2018\/"},"wordCount":162,"publisher":{"@id":"https:\/\/www.ufinet.com\/en\/#organization"},"image":{"@id":"https:\/\/www.ufinet.com\/en\/ufinet-capacity-latam-2018\/#primaryimage"},"thumbnailUrl":"https:\/\/www.ufinet.com\/wp-content\/uploads\/2019\/03\/190313-Ufinet-team-Capacity-Latam-2019-2.jpg","articleSection":["News"],"inLanguage":"en-US"},{"@type":"WebPage","@id":"https:\/\/www.ufinet.com\/en\/ufinet-capacity-latam-2018\/","url":"https:\/\/www.ufinet.com\/en\/ufinet-capacity-latam-2018\/","name":"Ufinet @ Capacity LATAM 2018 - Ufinet | The Network that connects you to Latin America","isPartOf":{"@id":"https:\/\/www.ufinet.com\/en\/#website"},"primaryImageOfPage":{"@id":"https:\/\/www.ufinet.com\/en\/ufinet-capacity-latam-2018\/#primaryimage"},"image":{"@id":"https:\/\/www.ufinet.com\/en\/ufinet-capacity-latam-2018\/#primaryimage"},"thumbnailUrl":"https:\/\/www.ufinet.com\/wp-content\/uploads\/2019\/03\/190313-Ufinet-team-Capacity-Latam-2019-2.jpg","datePublished":"2019-03-26T15:57:08+00:00","description":"The Capacity Latam 2019 conference took place from March 11-13, 2019 at Pal\u00e1cio Tangar\u00e1, S\u00e3o Paulo, and UFINET participated as a proud silver sponsor. The event provided a great opportunity to network with colleagues, refresh skills, learn advanced networking techniques and discover new networking applications.","breadcrumb":{"@id":"https:\/\/www.ufinet.com\/en\/ufinet-capacity-latam-2018\/#breadcrumb"},"inLanguage":"en-US","potentialAction":[{"@type":"ReadAction","target":["https:\/\/www.ufinet.com\/en\/ufinet-capacity-latam-2018\/"]}]},{"@type":"ImageObject","inLanguage":"en-US","@id":"https:\/\/www.ufinet.com\/en\/ufinet-capacity-latam-2018\/#primaryimage","url":"https:\/\/www.ufinet.com\/wp-content\/uploads\/2019\/03\/190313-Ufinet-team-Capacity-Latam-2019-2.jpg","contentUrl":"https:\/\/www.ufinet.com\/wp-content\/uploads\/2019\/03\/190313-Ufinet-team-Capacity-Latam-2019-2.jpg","width":2048,"height":1278},{"@type":"BreadcrumbList","@id":"https:\/\/www.ufinet.com\/en\/ufinet-capacity-latam-2018\/#breadcrumb","itemListElement":[{"@type":"ListItem","position":1,"name":"Home","item":"https:\/\/www.ufinet.com\/en\/"},{"@type":"ListItem","position":2,"name":"Ufinet @ Capacity LATAM 2018"}]},{"@type":"WebSite","@id":"https:\/\/www.ufinet.com\/en\/#website","url":"https:\/\/www.ufinet.com\/en\/","name":"Ufinet","description":"We are the only operator in Latin America that is 100% NEUTRAL.","publisher":{"@id":"https:\/\/www.ufinet.com\/en\/#organization"},"potentialAction":[{"@type":"SearchAction","target":{"@type":"EntryPoint","urlTemplate":"https:\/\/www.ufinet.com\/en\/?s={search_term_string}"},"query-input":{"@type":"PropertyValueSpecification","valueRequired":true,"valueName":"search_term_string"}}],"inLanguage":"en-US"},{"@type":"Organization","@id":"https:\/\/www.ufinet.com\/en\/#organization","name":"Ufinet","url":"https:\/\/www.ufinet.com\/en\/","logo":{"@type":"ImageObject","inLanguage":"en-US","@id":"https:\/\/www.ufinet.com\/en\/#\/schema\/logo\/image\/","url":"https:\/\/www.ufinet.com\/wp-content\/uploads\/2024\/06\/cropped-Recurso-1.png","contentUrl":"https:\/\/www.ufinet.com\/wp-content\/uploads\/2024\/06\/cropped-Recurso-1.png","width":1654,"height":705,"caption":"Ufinet"},"image":{"@id":"https:\/\/www.ufinet.com\/en\/#\/schema\/logo\/image\/"}},{"@type":"Person","@id":"https:\/\/www.ufinet.com\/en\/#\/schema\/person\/19b7e96681bc1c0d4ca6b8d4d4ad07cd","name":"wowlatammk.com","image":{"@type":"ImageObject","inLanguage":"en-US","@id":"https:\/\/secure.gravatar.com\/avatar\/f73c2b6f2e8dbad969fd10342fe2028ced9bf45ec4f05b0acbf7a087f235cb64?s=96&d=mm&r=g","url":"https:\/\/secure.gravatar.com\/avatar\/f73c2b6f2e8dbad969fd10342fe2028ced9bf45ec4f05b0acbf7a087f235cb64?s=96&d=mm&r=g","contentUrl":"https:\/\/secure.gravatar.com\/avatar\/f73c2b6f2e8dbad969fd10342fe2028ced9bf45ec4f05b0acbf7a087f235cb64?s=96&d=mm&r=g","caption":"wowlatammk.com"},"sameAs":["http:\/\/wowlatammk.com"],"url":"https:\/\/www.ufinet.com\/en\/author\/wowlatammk-com\/"}]}},"rttpg_featured_image_url":{"full":["https:\/\/www.ufinet.com\/wp-content\/uploads\/2019\/03\/190313-Ufinet-team-Capacity-Latam-2019-2.jpg",2048,1278,false],"landscape":["https:\/\/www.ufinet.com\/wp-content\/uploads\/2019\/03\/190313-Ufinet-team-Capacity-Latam-2019-2.jpg",2048,1278,false],"portraits":["https:\/\/www.ufinet.com\/wp-content\/uploads\/2019\/03\/190313-Ufinet-team-Capacity-Latam-2019-2.jpg",2048,1278,false],"thumbnail":["https:\/\/www.ufinet.com\/wp-content\/uploads\/2019\/03\/190313-Ufinet-team-Capacity-Latam-2019-2-150x150.jpg",150,150,true],"medium":["https:\/\/www.ufinet.com\/wp-content\/uploads\/2019\/03\/190313-Ufinet-team-Capacity-Latam-2019-2-300x187.jpg",300,187,true],"large":["https:\/\/www.ufinet.com\/wp-content\/uploads\/2019\/03\/190313-Ufinet-team-Capacity-Latam-2019-2-1024x639.jpg",1024,639,true],"1536x1536":["https:\/\/www.ufinet.com\/wp-content\/uploads\/2019\/03\/190313-Ufinet-team-Capacity-Latam-2019-2-1536x959.jpg",1536,959,true],"2048x2048":["https:\/\/www.ufinet.com\/wp-content\/uploads\/2019\/03\/190313-Ufinet-team-Capacity-Latam-2019-2.jpg",2048,1278,false],"htliser_size_396x360":["https:\/\/www.ufinet.com\/wp-content\/uploads\/2019\/03\/190313-Ufinet-team-Capacity-Latam-2019-2-396x360.jpg",396,360,true],"htslider_size_1170x536":["https:\/\/www.ufinet.com\/wp-content\/uploads\/2019\/03\/190313-Ufinet-team-Capacity-Latam-2019-2-1170x536.jpg",1170,536,true]},"rttpg_author":{"display_name":"wowlatammk.com","author_link":"https:\/\/www.ufinet.com\/en\/author\/wowlatammk-com\/"},"rttpg_comment":0,"rttpg_category":"<a href=\"https:\/\/www.ufinet.com\/en\/category\/news-en\/\" rel=\"category tag\">News<\/a>","rttpg_excerpt":"UFINET present @ Capacity Latam, 2019 11-13 March 2019, S\u00e3o Paulo, Brazil The Capacity Latam 2019 conference took place from March 11-13, 2019 at Pal\u00e1cio Tangar\u00e1, S\u00e3o Paulo, and UFINET participated as a proud silver sponsor. The event provided a great opportunity to network with colleagues, refresh skills, learn advanced networking techniques and discover new&hellip;","_links":{"self":[{"href":"https:\/\/www.ufinet.com\/en\/wp-json\/wp\/v2\/posts\/35786","targetHints":{"allow":["GET"]}}],"collection":[{"href":"https:\/\/www.ufinet.com\/en\/wp-json\/wp\/v2\/posts"}],"about":[{"href":"https:\/\/www.ufinet.com\/en\/wp-json\/wp\/v2\/types\/post"}],"author":[{"embeddable":true,"href":"https:\/\/www.ufinet.com\/en\/wp-json\/wp\/v2\/users\/1"}],"replies":[{"embeddable":true,"href":"https:\/\/www.ufinet.com\/en\/wp-json\/wp\/v2\/comments?post=35786"}],"version-history":[{"count":0,"href":"https:\/\/www.ufinet.com\/en\/wp-json\/wp\/v2\/posts\/35786\/revisions"}],"wp:featuredmedia":[{"embeddable":true,"href":"https:\/\/www.ufinet.com\/en\/wp-json\/wp\/v2\/media\/35446"}],"wp:attachment":[{"href":"https:\/\/www.ufinet.com\/en\/wp-json\/wp\/v2\/media?parent=35786"}],"wp:term":[{"taxonomy":"category","embeddable":true,"href":"https:\/\/www.ufinet.com\/en\/wp-json\/wp\/v2\/categories?post=35786"},{"taxonomy":"post_tag","embeddable":true,"href":"https:\/\/www.ufinet.com\/en\/wp-json\/wp\/v2\/tags?post=35786"}],"curies":[{"name":"wp","href":"https:\/\/api.w.org\/{rel}","templated":true}]}}