{"id":35615,"date":"2019-11-14T11:56:24","date_gmt":"2019-11-14T17:56:24","guid":{"rendered":"https:\/\/www.ufinet.com\/inigo-is-chosen-as-ceo-of-the-year-of-the-world-communication-awards-2019\/"},"modified":"2019-11-14T11:56:24","modified_gmt":"2019-11-14T17:56:24","slug":"inigo-is-chosen-as-ceo-of-the-year-of-the-world-communication-awards-2019","status":"publish","type":"post","link":"https:\/\/www.ufinet.com\/en\/inigo-is-chosen-as-ceo-of-the-year-of-the-world-communication-awards-2019\/","title":{"rendered":"I\u00f1igo is chosen as &#8220;CEO of the Year&#8221; of the World Communication Awards 2019."},"content":{"rendered":"<h3><strong>World Communication Awards chooses I\u00f1igo Garc\u00eda del Cerro Prieto as &#8220;CEO of the Year&#8221;.<\/strong><\/h3>\n<p>21st Annual World Communication Awards: For 21 years, the World Communication Awards have recognized innovation and excellence for global telecommunications, and today continue to be the most revered mark of achievement in the telecommunications industry.<\/p>\n<p>The market has changed considerably since the first awards in 1999 and the relationship between operators and suppliers has been and continues to be redesigned. To reflect this, the categories presented are changed each year and now reflect the latest trends in 5G, AI, transformation, NFV and IoT, as well as the traditional awards such as global operator and wholesaler.<\/p>\n<p>UFINET was also praised as a regional wholesale operator in the Latin American market.<\/p>\n<h3><strong>About I\u00f1igo Garc\u00eda del Cerro<\/strong><\/h3>\n<p>I\u00f1igo Garc\u00eda del Cerro Prieto is a telecommunications engineer from Universidad Polit\u00e9cnica de Madrid, an economist from Universidad Aut\u00f3noma de Madrid and holds an MBA from IESE Business School, Spain.<\/p>\n<p>Mr. Garc\u00eda del Cerro has actively participated in the development of UFINET as a fast-growing company, both organically and through mergers and acquisitions. In 2017, led a process to segregate our Spanish operations structure to drive and focus on Latam growth, valuing Spanish operations at a record multiple. The process lasted almost a year, and the results meant the birth of UFINET as the gateway to Latam connectivity. In 2018, I\u00f1igo also led negotiations with ENEL (a major player in the global electricity and gas distribution market) for this company to acquire a 21% stake in UFINET.<\/p>\n<p>I\u00f1igo has always been a results-oriented leader while considering our human resources as the company&#8217;s most valuable assets. He has always empowered his people, enabling them to grow the company through the use of creativity and innovation.<\/p>\n<p>In the last 24 months, UFINET has been involved in a strong inorganic evolution, acquiring a number of companies and infrastructures (in Paraguay, Costa Rica, Panama, Colombia, Chile and Argentina), as well as opening new operations in different countries such as Mexico, Ecuador, Peru, Paraguay, Argentina, Chile and Brazil.<\/p>\n<p>For more information on the awards, visit <a href=\"https:\/\/www.terrapinn.com\/template\/live\/engage\/10065\/21004#sthash.DqHxmltw.efEPvRIb.dpbs\">World Communication Awards 2019<\/a>.<\/p>\n","protected":false},"excerpt":{"rendered":"<p>World Communication Awards chooses I\u00f1igo Garc\u00eda del Cerro Prieto as &#8220;CEO of the Year&#8221;. 21st Annual World Communication Awards: For 21 years, the World Communication Awards have recognized innovation and excellence for global telecommunications, and today continue to be the most revered mark of achievement in the telecommunications industry. The market has changed considerably since [&hellip;]<\/p>\n","protected":false},"author":1,"featured_media":35330,"comment_status":"closed","ping_status":"open","sticky":false,"template":"","format":"standard","meta":{"site-sidebar-layout":"default","site-content-layout":"","ast-site-content-layout":"default","site-content-style":"default","site-sidebar-style":"default","ast-global-header-display":"","ast-banner-title-visibility":"","ast-main-header-display":"","ast-hfb-above-header-display":"","ast-hfb-below-header-display":"","ast-hfb-mobile-header-display":"","site-post-title":"","ast-breadcrumbs-content":"","ast-featured-img":"disabled","footer-sml-layout":"","ast-disable-related-posts":"","theme-transparent-header-meta":"","adv-header-id-meta":"","stick-header-meta":"","header-above-stick-meta":"","header-main-stick-meta":"","header-below-stick-meta":"","astra-migrate-meta-layouts":"default","ast-page-background-enabled":"default","ast-page-background-meta":{"desktop":{"background-color":"","background-image":"","background-repeat":"repeat","background-position":"center center","background-size":"auto","background-attachment":"scroll","background-type":"","background-media":"","overlay-type":"","overlay-color":"","overlay-opacity":"","overlay-gradient":""},"tablet":{"background-color":"","background-image":"","background-repeat":"repeat","background-position":"center center","background-size":"auto","background-attachment":"scroll","background-type":"","background-media":"","overlay-type":"","overlay-color":"","overlay-opacity":"","overlay-gradient":""},"mobile":{"background-color":"","background-image":"","background-repeat":"repeat","background-position":"center center","background-size":"auto","background-attachment":"scroll","background-type":"","background-media":"","overlay-type":"","overlay-color":"","overlay-opacity":"","overlay-gradient":""}},"ast-content-background-meta":{"desktop":{"background-color":"var(--ast-global-color-5)","background-image":"","background-repeat":"repeat","background-position":"center center","background-size":"auto","background-attachment":"scroll","background-type":"","background-media":"","overlay-type":"","overlay-color":"","overlay-opacity":"","overlay-gradient":""},"tablet":{"background-color":"var(--ast-global-color-5)","background-image":"","background-repeat":"repeat","background-position":"center center","background-size":"auto","background-attachment":"scroll","background-type":"","background-media":"","overlay-type":"","overlay-color":"","overlay-opacity":"","overlay-gradient":""},"mobile":{"background-color":"var(--ast-global-color-5)","background-image":"","background-repeat":"repeat","background-position":"center center","background-size":"auto","background-attachment":"scroll","background-type":"","background-media":"","overlay-type":"","overlay-color":"","overlay-opacity":"","overlay-gradient":""}},"footnotes":""},"categories":[112],"tags":[],"class_list":["post-35615","post","type-post","status-publish","format-standard","has-post-thumbnail","hentry","category-news-en"],"yoast_head":"<!-- This site is optimized with the Yoast SEO plugin v27.4 - https:\/\/yoast.com\/product\/yoast-seo-wordpress\/ -->\n<title>I\u00f1igo is chosen as &quot;CEO of the Year&quot; of the World Communication Awards 2019. - Ufinet | The Network that connects you to Latin America<\/title>\n<meta name=\"description\" content=\"21st Annual World Communication Awards: For 21 years, the World Communication Awards have recognized innovation and excellence for global telecommunications, and today continue to be the most revered mark of achievement in the telecommunications industry.\" \/>\n<meta name=\"robots\" content=\"index, follow, max-snippet:-1, max-image-preview:large, max-video-preview:-1\" \/>\n<link rel=\"canonical\" href=\"https:\/\/www.ufinet.com\/en\/inigo-is-chosen-as-ceo-of-the-year-of-the-world-communication-awards-2019\/\" \/>\n<meta property=\"og:locale\" content=\"en_US\" \/>\n<meta property=\"og:type\" content=\"article\" \/>\n<meta property=\"og:title\" content=\"I\u00f1igo is chosen as &quot;CEO of the Year&quot; of the World Communication Awards 2019. - Ufinet | The Network that connects you to Latin America\" \/>\n<meta property=\"og:description\" content=\"21st Annual World Communication Awards: For 21 years, the World Communication Awards have recognized innovation and excellence for global telecommunications, and today continue to be the most revered mark of achievement in the telecommunications industry.\" \/>\n<meta property=\"og:url\" content=\"https:\/\/www.ufinet.com\/en\/inigo-is-chosen-as-ceo-of-the-year-of-the-world-communication-awards-2019\/\" \/>\n<meta property=\"og:site_name\" content=\"Ufinet | The Network that connects you to Latin America\" \/>\n<meta property=\"article:published_time\" content=\"2019-11-14T17:56:24+00:00\" \/>\n<meta property=\"og:image\" content=\"https:\/\/www.ufinet.com\/wp-content\/uploads\/2019\/11\/WCA-CEO-of-the-Year-UFINET.jpg\" \/>\n\t<meta property=\"og:image:width\" content=\"1689\" \/>\n\t<meta property=\"og:image:height\" content=\"1646\" \/>\n\t<meta property=\"og:image:type\" content=\"image\/jpeg\" \/>\n<meta name=\"author\" content=\"wowlatammk.com\" \/>\n<meta name=\"twitter:card\" content=\"summary_large_image\" \/>\n<meta name=\"twitter:label1\" content=\"Written by\" \/>\n\t<meta name=\"twitter:data1\" content=\"wowlatammk.com\" \/>\n\t<meta name=\"twitter:label2\" content=\"Est. reading time\" \/>\n\t<meta name=\"twitter:data2\" content=\"2 minutes\" \/>\n<script type=\"application\/ld+json\" class=\"yoast-schema-graph\">{\"@context\":\"https:\\\/\\\/schema.org\",\"@graph\":[{\"@type\":\"Article\",\"@id\":\"https:\\\/\\\/www.ufinet.com\\\/en\\\/inigo-is-chosen-as-ceo-of-the-year-of-the-world-communication-awards-2019\\\/#article\",\"isPartOf\":{\"@id\":\"https:\\\/\\\/www.ufinet.com\\\/en\\\/inigo-is-chosen-as-ceo-of-the-year-of-the-world-communication-awards-2019\\\/\"},\"author\":{\"name\":\"wowlatammk.com\",\"@id\":\"https:\\\/\\\/www.ufinet.com\\\/en\\\/#\\\/schema\\\/person\\\/19b7e96681bc1c0d4ca6b8d4d4ad07cd\"},\"headline\":\"I\u00f1igo is chosen as &#8220;CEO of the Year&#8221; of the World Communication Awards 2019.\",\"datePublished\":\"2019-11-14T17:56:24+00:00\",\"mainEntityOfPage\":{\"@id\":\"https:\\\/\\\/www.ufinet.com\\\/en\\\/inigo-is-chosen-as-ceo-of-the-year-of-the-world-communication-awards-2019\\\/\"},\"wordCount\":371,\"publisher\":{\"@id\":\"https:\\\/\\\/www.ufinet.com\\\/en\\\/#organization\"},\"image\":{\"@id\":\"https:\\\/\\\/www.ufinet.com\\\/en\\\/inigo-is-chosen-as-ceo-of-the-year-of-the-world-communication-awards-2019\\\/#primaryimage\"},\"thumbnailUrl\":\"https:\\\/\\\/www.ufinet.com\\\/wp-content\\\/uploads\\\/2019\\\/11\\\/WCA-CEO-of-the-Year-UFINET.jpg\",\"articleSection\":[\"News\"],\"inLanguage\":\"en-US\"},{\"@type\":\"WebPage\",\"@id\":\"https:\\\/\\\/www.ufinet.com\\\/en\\\/inigo-is-chosen-as-ceo-of-the-year-of-the-world-communication-awards-2019\\\/\",\"url\":\"https:\\\/\\\/www.ufinet.com\\\/en\\\/inigo-is-chosen-as-ceo-of-the-year-of-the-world-communication-awards-2019\\\/\",\"name\":\"I\u00f1igo is chosen as \\\"CEO of the Year\\\" of the World Communication Awards 2019. - Ufinet | The Network that connects you to Latin America\",\"isPartOf\":{\"@id\":\"https:\\\/\\\/www.ufinet.com\\\/en\\\/#website\"},\"primaryImageOfPage\":{\"@id\":\"https:\\\/\\\/www.ufinet.com\\\/en\\\/inigo-is-chosen-as-ceo-of-the-year-of-the-world-communication-awards-2019\\\/#primaryimage\"},\"image\":{\"@id\":\"https:\\\/\\\/www.ufinet.com\\\/en\\\/inigo-is-chosen-as-ceo-of-the-year-of-the-world-communication-awards-2019\\\/#primaryimage\"},\"thumbnailUrl\":\"https:\\\/\\\/www.ufinet.com\\\/wp-content\\\/uploads\\\/2019\\\/11\\\/WCA-CEO-of-the-Year-UFINET.jpg\",\"datePublished\":\"2019-11-14T17:56:24+00:00\",\"description\":\"21st Annual World Communication Awards: For 21 years, the World Communication Awards have recognized innovation and excellence for global telecommunications, and today continue to be the most revered mark of achievement in the telecommunications industry.\",\"breadcrumb\":{\"@id\":\"https:\\\/\\\/www.ufinet.com\\\/en\\\/inigo-is-chosen-as-ceo-of-the-year-of-the-world-communication-awards-2019\\\/#breadcrumb\"},\"inLanguage\":\"en-US\",\"potentialAction\":[{\"@type\":\"ReadAction\",\"target\":[\"https:\\\/\\\/www.ufinet.com\\\/en\\\/inigo-is-chosen-as-ceo-of-the-year-of-the-world-communication-awards-2019\\\/\"]}]},{\"@type\":\"ImageObject\",\"inLanguage\":\"en-US\",\"@id\":\"https:\\\/\\\/www.ufinet.com\\\/en\\\/inigo-is-chosen-as-ceo-of-the-year-of-the-world-communication-awards-2019\\\/#primaryimage\",\"url\":\"https:\\\/\\\/www.ufinet.com\\\/wp-content\\\/uploads\\\/2019\\\/11\\\/WCA-CEO-of-the-Year-UFINET.jpg\",\"contentUrl\":\"https:\\\/\\\/www.ufinet.com\\\/wp-content\\\/uploads\\\/2019\\\/11\\\/WCA-CEO-of-the-Year-UFINET.jpg\",\"width\":1689,\"height\":1646},{\"@type\":\"BreadcrumbList\",\"@id\":\"https:\\\/\\\/www.ufinet.com\\\/en\\\/inigo-is-chosen-as-ceo-of-the-year-of-the-world-communication-awards-2019\\\/#breadcrumb\",\"itemListElement\":[{\"@type\":\"ListItem\",\"position\":1,\"name\":\"Home\",\"item\":\"https:\\\/\\\/www.ufinet.com\\\/en\\\/\"},{\"@type\":\"ListItem\",\"position\":2,\"name\":\"I\u00f1igo is chosen as &#8220;CEO of the Year&#8221; of the World Communication Awards 2019.\"}]},{\"@type\":\"WebSite\",\"@id\":\"https:\\\/\\\/www.ufinet.com\\\/en\\\/#website\",\"url\":\"https:\\\/\\\/www.ufinet.com\\\/en\\\/\",\"name\":\"Ufinet\",\"description\":\"We are the only operator in Latin America that is 100% NEUTRAL.\",\"publisher\":{\"@id\":\"https:\\\/\\\/www.ufinet.com\\\/en\\\/#organization\"},\"potentialAction\":[{\"@type\":\"SearchAction\",\"target\":{\"@type\":\"EntryPoint\",\"urlTemplate\":\"https:\\\/\\\/www.ufinet.com\\\/en\\\/?s={search_term_string}\"},\"query-input\":{\"@type\":\"PropertyValueSpecification\",\"valueRequired\":true,\"valueName\":\"search_term_string\"}}],\"inLanguage\":\"en-US\"},{\"@type\":\"Organization\",\"@id\":\"https:\\\/\\\/www.ufinet.com\\\/en\\\/#organization\",\"name\":\"Ufinet\",\"url\":\"https:\\\/\\\/www.ufinet.com\\\/en\\\/\",\"logo\":{\"@type\":\"ImageObject\",\"inLanguage\":\"en-US\",\"@id\":\"https:\\\/\\\/www.ufinet.com\\\/en\\\/#\\\/schema\\\/logo\\\/image\\\/\",\"url\":\"https:\\\/\\\/www.ufinet.com\\\/wp-content\\\/uploads\\\/2024\\\/06\\\/cropped-Recurso-1.png\",\"contentUrl\":\"https:\\\/\\\/www.ufinet.com\\\/wp-content\\\/uploads\\\/2024\\\/06\\\/cropped-Recurso-1.png\",\"width\":1654,\"height\":705,\"caption\":\"Ufinet\"},\"image\":{\"@id\":\"https:\\\/\\\/www.ufinet.com\\\/en\\\/#\\\/schema\\\/logo\\\/image\\\/\"}},{\"@type\":\"Person\",\"@id\":\"https:\\\/\\\/www.ufinet.com\\\/en\\\/#\\\/schema\\\/person\\\/19b7e96681bc1c0d4ca6b8d4d4ad07cd\",\"name\":\"wowlatammk.com\",\"image\":{\"@type\":\"ImageObject\",\"inLanguage\":\"en-US\",\"@id\":\"https:\\\/\\\/secure.gravatar.com\\\/avatar\\\/f73c2b6f2e8dbad969fd10342fe2028ced9bf45ec4f05b0acbf7a087f235cb64?s=96&d=mm&r=g\",\"url\":\"https:\\\/\\\/secure.gravatar.com\\\/avatar\\\/f73c2b6f2e8dbad969fd10342fe2028ced9bf45ec4f05b0acbf7a087f235cb64?s=96&d=mm&r=g\",\"contentUrl\":\"https:\\\/\\\/secure.gravatar.com\\\/avatar\\\/f73c2b6f2e8dbad969fd10342fe2028ced9bf45ec4f05b0acbf7a087f235cb64?s=96&d=mm&r=g\",\"caption\":\"wowlatammk.com\"},\"sameAs\":[\"http:\\\/\\\/wowlatammk.com\"],\"url\":\"https:\\\/\\\/www.ufinet.com\\\/en\\\/author\\\/wowlatammk-com\\\/\"}]}<\/script>\n<!-- \/ Yoast SEO plugin. -->","yoast_head_json":{"title":"I\u00f1igo is chosen as \"CEO of the Year\" of the World Communication Awards 2019. - Ufinet | The Network that connects you to Latin America","description":"21st Annual World Communication Awards: For 21 years, the World Communication Awards have recognized innovation and excellence for global telecommunications, and today continue to be the most revered mark of achievement in the telecommunications industry.","robots":{"index":"index","follow":"follow","max-snippet":"max-snippet:-1","max-image-preview":"max-image-preview:large","max-video-preview":"max-video-preview:-1"},"canonical":"https:\/\/www.ufinet.com\/en\/inigo-is-chosen-as-ceo-of-the-year-of-the-world-communication-awards-2019\/","og_locale":"en_US","og_type":"article","og_title":"I\u00f1igo is chosen as \"CEO of the Year\" of the World Communication Awards 2019. - Ufinet | The Network that connects you to Latin America","og_description":"21st Annual World Communication Awards: For 21 years, the World Communication Awards have recognized innovation and excellence for global telecommunications, and today continue to be the most revered mark of achievement in the telecommunications industry.","og_url":"https:\/\/www.ufinet.com\/en\/inigo-is-chosen-as-ceo-of-the-year-of-the-world-communication-awards-2019\/","og_site_name":"Ufinet | The Network that connects you to Latin America","article_published_time":"2019-11-14T17:56:24+00:00","og_image":[{"width":1689,"height":1646,"url":"https:\/\/www.ufinet.com\/wp-content\/uploads\/2019\/11\/WCA-CEO-of-the-Year-UFINET.jpg","type":"image\/jpeg"}],"author":"wowlatammk.com","twitter_card":"summary_large_image","twitter_misc":{"Written by":"wowlatammk.com","Est. reading time":"2 minutes"},"schema":{"@context":"https:\/\/schema.org","@graph":[{"@type":"Article","@id":"https:\/\/www.ufinet.com\/en\/inigo-is-chosen-as-ceo-of-the-year-of-the-world-communication-awards-2019\/#article","isPartOf":{"@id":"https:\/\/www.ufinet.com\/en\/inigo-is-chosen-as-ceo-of-the-year-of-the-world-communication-awards-2019\/"},"author":{"name":"wowlatammk.com","@id":"https:\/\/www.ufinet.com\/en\/#\/schema\/person\/19b7e96681bc1c0d4ca6b8d4d4ad07cd"},"headline":"I\u00f1igo is chosen as &#8220;CEO of the Year&#8221; of the World Communication Awards 2019.","datePublished":"2019-11-14T17:56:24+00:00","mainEntityOfPage":{"@id":"https:\/\/www.ufinet.com\/en\/inigo-is-chosen-as-ceo-of-the-year-of-the-world-communication-awards-2019\/"},"wordCount":371,"publisher":{"@id":"https:\/\/www.ufinet.com\/en\/#organization"},"image":{"@id":"https:\/\/www.ufinet.com\/en\/inigo-is-chosen-as-ceo-of-the-year-of-the-world-communication-awards-2019\/#primaryimage"},"thumbnailUrl":"https:\/\/www.ufinet.com\/wp-content\/uploads\/2019\/11\/WCA-CEO-of-the-Year-UFINET.jpg","articleSection":["News"],"inLanguage":"en-US"},{"@type":"WebPage","@id":"https:\/\/www.ufinet.com\/en\/inigo-is-chosen-as-ceo-of-the-year-of-the-world-communication-awards-2019\/","url":"https:\/\/www.ufinet.com\/en\/inigo-is-chosen-as-ceo-of-the-year-of-the-world-communication-awards-2019\/","name":"I\u00f1igo is chosen as \"CEO of the Year\" of the World Communication Awards 2019. - Ufinet | The Network that connects you to Latin America","isPartOf":{"@id":"https:\/\/www.ufinet.com\/en\/#website"},"primaryImageOfPage":{"@id":"https:\/\/www.ufinet.com\/en\/inigo-is-chosen-as-ceo-of-the-year-of-the-world-communication-awards-2019\/#primaryimage"},"image":{"@id":"https:\/\/www.ufinet.com\/en\/inigo-is-chosen-as-ceo-of-the-year-of-the-world-communication-awards-2019\/#primaryimage"},"thumbnailUrl":"https:\/\/www.ufinet.com\/wp-content\/uploads\/2019\/11\/WCA-CEO-of-the-Year-UFINET.jpg","datePublished":"2019-11-14T17:56:24+00:00","description":"21st Annual World Communication Awards: For 21 years, the World Communication Awards have recognized innovation and excellence for global telecommunications, and today continue to be the most revered mark of achievement in the telecommunications industry.","breadcrumb":{"@id":"https:\/\/www.ufinet.com\/en\/inigo-is-chosen-as-ceo-of-the-year-of-the-world-communication-awards-2019\/#breadcrumb"},"inLanguage":"en-US","potentialAction":[{"@type":"ReadAction","target":["https:\/\/www.ufinet.com\/en\/inigo-is-chosen-as-ceo-of-the-year-of-the-world-communication-awards-2019\/"]}]},{"@type":"ImageObject","inLanguage":"en-US","@id":"https:\/\/www.ufinet.com\/en\/inigo-is-chosen-as-ceo-of-the-year-of-the-world-communication-awards-2019\/#primaryimage","url":"https:\/\/www.ufinet.com\/wp-content\/uploads\/2019\/11\/WCA-CEO-of-the-Year-UFINET.jpg","contentUrl":"https:\/\/www.ufinet.com\/wp-content\/uploads\/2019\/11\/WCA-CEO-of-the-Year-UFINET.jpg","width":1689,"height":1646},{"@type":"BreadcrumbList","@id":"https:\/\/www.ufinet.com\/en\/inigo-is-chosen-as-ceo-of-the-year-of-the-world-communication-awards-2019\/#breadcrumb","itemListElement":[{"@type":"ListItem","position":1,"name":"Home","item":"https:\/\/www.ufinet.com\/en\/"},{"@type":"ListItem","position":2,"name":"I\u00f1igo is chosen as &#8220;CEO of the Year&#8221; of the World Communication Awards 2019."}]},{"@type":"WebSite","@id":"https:\/\/www.ufinet.com\/en\/#website","url":"https:\/\/www.ufinet.com\/en\/","name":"Ufinet","description":"We are the only operator in Latin America that is 100% NEUTRAL.","publisher":{"@id":"https:\/\/www.ufinet.com\/en\/#organization"},"potentialAction":[{"@type":"SearchAction","target":{"@type":"EntryPoint","urlTemplate":"https:\/\/www.ufinet.com\/en\/?s={search_term_string}"},"query-input":{"@type":"PropertyValueSpecification","valueRequired":true,"valueName":"search_term_string"}}],"inLanguage":"en-US"},{"@type":"Organization","@id":"https:\/\/www.ufinet.com\/en\/#organization","name":"Ufinet","url":"https:\/\/www.ufinet.com\/en\/","logo":{"@type":"ImageObject","inLanguage":"en-US","@id":"https:\/\/www.ufinet.com\/en\/#\/schema\/logo\/image\/","url":"https:\/\/www.ufinet.com\/wp-content\/uploads\/2024\/06\/cropped-Recurso-1.png","contentUrl":"https:\/\/www.ufinet.com\/wp-content\/uploads\/2024\/06\/cropped-Recurso-1.png","width":1654,"height":705,"caption":"Ufinet"},"image":{"@id":"https:\/\/www.ufinet.com\/en\/#\/schema\/logo\/image\/"}},{"@type":"Person","@id":"https:\/\/www.ufinet.com\/en\/#\/schema\/person\/19b7e96681bc1c0d4ca6b8d4d4ad07cd","name":"wowlatammk.com","image":{"@type":"ImageObject","inLanguage":"en-US","@id":"https:\/\/secure.gravatar.com\/avatar\/f73c2b6f2e8dbad969fd10342fe2028ced9bf45ec4f05b0acbf7a087f235cb64?s=96&d=mm&r=g","url":"https:\/\/secure.gravatar.com\/avatar\/f73c2b6f2e8dbad969fd10342fe2028ced9bf45ec4f05b0acbf7a087f235cb64?s=96&d=mm&r=g","contentUrl":"https:\/\/secure.gravatar.com\/avatar\/f73c2b6f2e8dbad969fd10342fe2028ced9bf45ec4f05b0acbf7a087f235cb64?s=96&d=mm&r=g","caption":"wowlatammk.com"},"sameAs":["http:\/\/wowlatammk.com"],"url":"https:\/\/www.ufinet.com\/en\/author\/wowlatammk-com\/"}]}},"rttpg_featured_image_url":{"full":["https:\/\/www.ufinet.com\/wp-content\/uploads\/2019\/11\/WCA-CEO-of-the-Year-UFINET.jpg",1689,1646,false],"landscape":["https:\/\/www.ufinet.com\/wp-content\/uploads\/2019\/11\/WCA-CEO-of-the-Year-UFINET.jpg",1689,1646,false],"portraits":["https:\/\/www.ufinet.com\/wp-content\/uploads\/2019\/11\/WCA-CEO-of-the-Year-UFINET.jpg",1689,1646,false],"thumbnail":["https:\/\/www.ufinet.com\/wp-content\/uploads\/2019\/11\/WCA-CEO-of-the-Year-UFINET-150x150.jpg",150,150,true],"medium":["https:\/\/www.ufinet.com\/wp-content\/uploads\/2019\/11\/WCA-CEO-of-the-Year-UFINET-300x292.jpg",300,292,true],"large":["https:\/\/www.ufinet.com\/wp-content\/uploads\/2019\/11\/WCA-CEO-of-the-Year-UFINET-1024x998.jpg",1024,998,true],"1536x1536":["https:\/\/www.ufinet.com\/wp-content\/uploads\/2019\/11\/WCA-CEO-of-the-Year-UFINET-1536x1497.jpg",1536,1497,true],"2048x2048":["https:\/\/www.ufinet.com\/wp-content\/uploads\/2019\/11\/WCA-CEO-of-the-Year-UFINET.jpg",1689,1646,false],"htliser_size_396x360":["https:\/\/www.ufinet.com\/wp-content\/uploads\/2019\/11\/WCA-CEO-of-the-Year-UFINET-396x360.jpg",396,360,true],"htslider_size_1170x536":["https:\/\/www.ufinet.com\/wp-content\/uploads\/2019\/11\/WCA-CEO-of-the-Year-UFINET-1170x536.jpg",1170,536,true]},"rttpg_author":{"display_name":"wowlatammk.com","author_link":"https:\/\/www.ufinet.com\/en\/author\/wowlatammk-com\/"},"rttpg_comment":0,"rttpg_category":"<a href=\"https:\/\/www.ufinet.com\/en\/category\/news-en\/\" rel=\"category tag\">News<\/a>","rttpg_excerpt":"World Communication Awards chooses I\u00f1igo Garc\u00eda del Cerro Prieto as &#8220;CEO of the Year&#8221;. 21st Annual World Communication Awards: For 21 years, the World Communication Awards have recognized innovation and excellence for global telecommunications, and today continue to be the most revered mark of achievement in the telecommunications industry. The market has changed considerably since&hellip;","_links":{"self":[{"href":"https:\/\/www.ufinet.com\/en\/wp-json\/wp\/v2\/posts\/35615","targetHints":{"allow":["GET"]}}],"collection":[{"href":"https:\/\/www.ufinet.com\/en\/wp-json\/wp\/v2\/posts"}],"about":[{"href":"https:\/\/www.ufinet.com\/en\/wp-json\/wp\/v2\/types\/post"}],"author":[{"embeddable":true,"href":"https:\/\/www.ufinet.com\/en\/wp-json\/wp\/v2\/users\/1"}],"replies":[{"embeddable":true,"href":"https:\/\/www.ufinet.com\/en\/wp-json\/wp\/v2\/comments?post=35615"}],"version-history":[{"count":0,"href":"https:\/\/www.ufinet.com\/en\/wp-json\/wp\/v2\/posts\/35615\/revisions"}],"wp:featuredmedia":[{"embeddable":true,"href":"https:\/\/www.ufinet.com\/en\/wp-json\/wp\/v2\/media\/35330"}],"wp:attachment":[{"href":"https:\/\/www.ufinet.com\/en\/wp-json\/wp\/v2\/media?parent=35615"}],"wp:term":[{"taxonomy":"category","embeddable":true,"href":"https:\/\/www.ufinet.com\/en\/wp-json\/wp\/v2\/categories?post=35615"},{"taxonomy":"post_tag","embeddable":true,"href":"https:\/\/www.ufinet.com\/en\/wp-json\/wp\/v2\/tags?post=35615"}],"curies":[{"name":"wp","href":"https:\/\/api.w.org\/{rel}","templated":true}]}}